{"id":247712,"date":"2020-12-04T13:51:04","date_gmt":"2020-12-04T10:51:04","guid":{"rendered":"http:\/\/arantv.az\/?p=247712"},"modified":"2020-12-04T13:51:04","modified_gmt":"2020-12-04T10:51:04","slug":"v%c9%99t%c9%99n-muharib%c9%99sind%c9%99-qolunu-itir%c9%99n-qazi-bilirdik-ki-h%c9%99rbi-formamiz-h%c9%99m-d%c9%99-k%c9%99f%c9%99nimiz-ola-bil%c9%99r-video","status":"publish","type":"post","link":"https:\/\/arantv.az\/?p=247712","title":{"rendered":"V\u0259t\u0259n M\u00fcharib\u0259sind\u0259 qolunu itir\u0259n qazi: \u201cBilirdik ki, h\u0259rbi formam\u0131z h\u0259m d\u0259 k\u0259f\u0259nimiz ola bil\u0259r\u201d &#8211; V\u0130DEO"},"content":{"rendered":"<article class=\"news\">\n<div class=\"news-inner\">\n<p>\u201cBiz d\u00fc\u015fm\u0259nin biziml\u0259 d\u00f6y\u00fc\u015fd\u00fcy\u00fc kimi yox, \u00f6z g\u00fcc\u00fcm\u00fcz\u00fc onlara g\u00f6st\u0259r\u0259r\u0259k d\u00f6y\u00fc\u015fd\u00fck v\u0259 g\u00fcc\u00fcm\u00fcz\u00fc h\u0259r k\u0259s\u0259 s\u00fcbut etdik\u201d.<\/p>\n<p>Bunu AZTV-nin efirind\u0259 yay\u0131mlanan \u201cG\u00fcn ba\u015flad\u0131\u201d proqram\u0131nda qonaq olan qazimiz Elnur \u018fl\u0259kb\u0259rov deyib.<\/p>\n<p>V\u0259t\u0259n M\u00fcharib\u0259sind\u0259 i\u015ftirak ed\u0259r\u0259k,\u00a0aya\u011f\u0131ndan yaralanan, bir qolunu is\u0259 Az\u0259rbaycan\u0131n \u0259razi b\u00fct\u00f6vl\u00fcy\u00fc u\u011frunda qurban ver\u0259n qazimiz deyir ki, d\u00fc\u015fm\u0259n bizi h\u0259d\u0259f\u0259 ala bilmirdi:<\/p>\n<div id=\"AdviadNativeVideo0\" class=\"AdviadNativeVideo\"><\/div>\n<p>\u201cD\u00fc\u015fm\u0259nin bizi h\u0259d\u0259f alaraq, atd\u0131\u011f\u0131 m\u0259rmil\u0259r \u015fahmatvari \u0259trafa d\u00fc\u015f\u00fcrd\u00fc. Lakin biz \u00f6z g\u00fcc\u00fcm\u00fcz\u00a0v\u0259 h\u0259rbi bilikl\u0259rimizi d\u00f6y\u00fc\u015f meydan\u0131nda s\u00fcbut etdik. Biz ni\u015fan ald\u0131\u011f\u0131m\u0131z h\u0259r bir h\u0259d\u0259fi m\u0259hv edirdik.<\/p>\n<p>\u00c7\u00fcnki biz ki\u00e7ik m\u0259rmid\u0259n, \u0259n a\u011f\u0131r texnikaya q\u0259d\u0259r q\u0259na\u0259tl\u0259 istifad\u0259 edirdik. D\u00fc\u015fm\u0259nl\u0259 \u00fczb\u0259\u00fcz g\u0259l\u0259nd\u0259 h\u0259r bir m\u0259rminin \u00f6z h\u00f6km\u00fc var. M\u0259qs\u0259dimiz d\u00fc\u015fm\u0259ni m\u0259hv ed\u0259r\u0259k, \u00f6z torpaqlar\u0131m\u0131zdan \u00e7\u0131xarmaq idi.<\/p>\n<p>D\u00f6y\u00fc\u015fd\u0259 i\u015ftirak etdiyimiz g\u00fcnl\u0259rd\u0259 s\u0259birsizl\u0259ndiyimiz bir m\u0259qam vard\u0131. Ancaq ir\u0259li ged\u0259k, dayanmadan ir\u0259lil\u0259y\u0259k. \u0130r\u0259lil\u0259dikc\u0259 m\u0259rmil\u0259rin s\u0259si g\u0259lm\u0259y\u0259nd\u0259 dar\u0131x\u0131rd\u0131q. D\u00f6y\u00fc\u015f\u00fcb \u0259n q\u0131sa zamanda torpaqlar\u0131m\u0131z\u0131 azad etm\u0259k \u00fc\u00e7\u00fcn s\u0259birsizl\u0259nirdik. \u0130r\u0259li getdikc\u0259 \u0259ld\u0259 etdiyimiz torpaqlar, d\u00fc\u015fm\u0259nin bizim qar\u015f\u0131m\u0131zdan qa\u00e7d\u0131\u011f\u0131n\u0131\u00a0g\u00f6rd\u00fckc\u0259 sevinirdik.<\/p>\n<p>Sevinc hissini s\u00f6zl\u0259rl\u0259 ifad\u0259 ed\u0259 bilm\u0259r\u0259m. Bunu m\u0259n v\u0259 o d\u00f6y\u00fc\u015fl\u0259rd\u0259 i\u015ftirak ed\u0259nl\u0259r bilir, hiss edir. Biz orada nec\u0259 q\u00fcrur hissi il\u0259 d\u00f6y\u00fc\u015f\u00fcrd\u00fck. Biz bu forman\u0131 geyin\u0259nd\u0259 bilirdik ki, bu, bizim h\u0259rbi formam\u0131zla yana\u015f\u0131, k\u0259f\u0259nimiz d\u0259 ola bil\u0259r.<\/p>\n<p>\u015e\u0259hidlik zirv\u0259si h\u0259r k\u0259s\u0259 qism\u0259t olmur. M\u0259n d\u00f6y\u00fc\u015fl\u0259rd\u0259 qolumu itirdim, aya\u011f\u0131mdan yaraland\u0131m. Bizim bu d\u00f6y\u00fc\u015fl\u0259rd\u0259 ne\u00e7\u0259-ne\u00e7\u0259 igid o\u011fullar\u0131m\u0131z da \u015f\u0259hid oldu\u201d.<\/p>\n<div><iframe loading=\"lazy\" src=\"https:\/\/player.baku.tv\/embed\/29606\" width=\"560\" height=\"315\" frameborder=\"0\" allowfullscreen=\"allowfullscreen\" data-mce-fragment=\"1\"><\/iframe><\/div>\n<\/div>\n<\/article>\n<h2 class=\"news-share-title\"><\/h2>\n","protected":false},"excerpt":{"rendered":"<p>\u201cBiz d\u00fc\u015fm\u0259nin biziml\u0259 d\u00f6y\u00fc\u015fd\u00fcy\u00fc kimi yox, \u00f6z g\u00fcc\u00fcm\u00fcz\u00fc onlara g\u00f6st\u0259r\u0259r\u0259k d\u00f6y\u00fc\u015fd\u00fck v\u0259 g\u00fcc\u00fcm\u00fcz\u00fc h\u0259r k\u0259s\u0259 s\u00fcbut etdik\u201d. Bunu AZTV-nin efirind\u0259 yay\u0131mlanan \u201cG\u00fcn ba\u015flad\u0131\u201d proqram\u0131nda qonaq olan qazimiz Elnur \u018fl\u0259kb\u0259rov deyib. V\u0259t\u0259n M\u00fcharib\u0259sind\u0259 i\u015ftirak ed\u0259r\u0259k,\u00a0aya\u011f\u0131ndan yaralanan, bir qolunu is\u0259 Az\u0259rbaycan\u0131n \u0259razi b\u00fct\u00f6vl\u00fcy\u00fc u\u011frunda qurban ver\u0259n qazimiz deyir ki, d\u00fc\u015fm\u0259n bizi h\u0259d\u0259f\u0259 ala bilmirdi: \u201cD\u00fc\u015fm\u0259nin bizi h\u0259d\u0259f alaraq, atd\u0131\u011f\u0131 m\u0259rmil\u0259r \u015fahmatvari \u0259trafa d\u00fc\u015f\u00fcrd\u00fc. Lakin biz \u00f6z g\u00fcc\u00fcm\u00fcz\u00a0v\u0259 h\u0259rbi bilikl\u0259rimizi d\u00f6y\u00fc\u015f meydan\u0131nda s\u00fcbut etdik. Biz ni\u015fan ald\u0131\u011f\u0131m\u0131z h\u0259r bir h\u0259d\u0259fi m\u0259hv edirdik. \u00c7\u00fcnki biz ki\u00e7ik m\u0259rmid\u0259n, \u0259n a\u011f\u0131r texnikaya q\u0259d\u0259r q\u0259na\u0259tl\u0259 istifad\u0259 edirdik.&hellip;<\/p>\n","protected":false},"author":2,"featured_media":247713,"comment_status":"closed","ping_status":"closed","sticky":false,"template":"","format":"standard","meta":{"om_disable_all_campaigns":false,"_monsterinsights_skip_tracking":false,"_monsterinsights_sitenote_active":false,"_monsterinsights_sitenote_note":"","_monsterinsights_sitenote_category":0},"categories":[26],"tags":[],"aioseo_notices":[],"gutentor_comment":0,"rttpg_featured_image_url":{"full":["https:\/\/arantv.az\/wp-content\/uploads\/2020\/12\/128645783_2798437390398280_4640121806419257667_n.jpg",620,335,false],"landscape":["https:\/\/arantv.az\/wp-content\/uploads\/2020\/12\/128645783_2798437390398280_4640121806419257667_n.jpg",620,335,false],"portraits":["https:\/\/arantv.az\/wp-content\/uploads\/2020\/12\/128645783_2798437390398280_4640121806419257667_n.jpg",620,335,false],"thumbnail":["https:\/\/arantv.az\/wp-content\/uploads\/2020\/12\/128645783_2798437390398280_4640121806419257667_n-150x150.jpg",150,150,true],"medium":["https:\/\/arantv.az\/wp-content\/uploads\/2020\/12\/128645783_2798437390398280_4640121806419257667_n-300x162.jpg",300,162,true],"large":["https:\/\/arantv.az\/wp-content\/uploads\/2020\/12\/128645783_2798437390398280_4640121806419257667_n.jpg",620,335,false],"1536x1536":["https:\/\/arantv.az\/wp-content\/uploads\/2020\/12\/128645783_2798437390398280_4640121806419257667_n.jpg",620,335,false],"2048x2048":["https:\/\/arantv.az\/wp-content\/uploads\/2020\/12\/128645783_2798437390398280_4640121806419257667_n.jpg",620,335,false],"post-thumbnail":["https:\/\/arantv.az\/wp-content\/uploads\/2020\/12\/128645783_2798437390398280_4640121806419257667_n-240x172.jpg",240,172,true],"advps-thumb-one":["https:\/\/arantv.az\/wp-content\/uploads\/2020\/12\/128645783_2798437390398280_4640121806419257667_n.jpg",620,335,false]},"rttpg_author":{"display_name":"V\u00fcsal Rafiqo\u011flu","author_link":"https:\/\/arantv.az\/?author=2"},"rttpg_comment":0,"rttpg_category":"<a href=\"https:\/\/arantv.az\/?cat=26\" rel=\"category\">Sosial<\/a>","rttpg_excerpt":"\u201cBiz d\u00fc\u015fm\u0259nin biziml\u0259 d\u00f6y\u00fc\u015fd\u00fcy\u00fc kimi yox, \u00f6z g\u00fcc\u00fcm\u00fcz\u00fc onlara g\u00f6st\u0259r\u0259r\u0259k d\u00f6y\u00fc\u015fd\u00fck v\u0259 g\u00fcc\u00fcm\u00fcz\u00fc h\u0259r k\u0259s\u0259 s\u00fcbut etdik\u201d. Bunu AZTV-nin efirind\u0259 yay\u0131mlanan \u201cG\u00fcn ba\u015flad\u0131\u201d proqram\u0131nda qonaq olan qazimiz Elnur \u018fl\u0259kb\u0259rov deyib. V\u0259t\u0259n M\u00fcharib\u0259sind\u0259 i\u015ftirak ed\u0259r\u0259k,\u00a0aya\u011f\u0131ndan yaralanan, bir qolunu is\u0259 Az\u0259rbaycan\u0131n \u0259razi b\u00fct\u00f6vl\u00fcy\u00fc u\u011frunda qurban ver\u0259n qazimiz deyir ki, d\u00fc\u015fm\u0259n bizi h\u0259d\u0259f\u0259 ala bilmirdi: \u201cD\u00fc\u015fm\u0259nin bizi h\u0259d\u0259f&hellip;","_links":{"self":[{"href":"https:\/\/arantv.az\/index.php?rest_route=\/wp\/v2\/posts\/247712"}],"collection":[{"href":"https:\/\/arantv.az\/index.php?rest_route=\/wp\/v2\/posts"}],"about":[{"href":"https:\/\/arantv.az\/index.php?rest_route=\/wp\/v2\/types\/post"}],"author":[{"embeddable":true,"href":"https:\/\/arantv.az\/index.php?rest_route=\/wp\/v2\/users\/2"}],"replies":[{"embeddable":true,"href":"https:\/\/arantv.az\/index.php?rest_route=%2Fwp%2Fv2%2Fcomments&post=247712"}],"version-history":[{"count":0,"href":"https:\/\/arantv.az\/index.php?rest_route=\/wp\/v2\/posts\/247712\/revisions"}],"wp:featuredmedia":[{"embeddable":true,"href":"https:\/\/arantv.az\/index.php?rest_route=\/wp\/v2\/media\/247713"}],"wp:attachment":[{"href":"https:\/\/arantv.az\/index.php?rest_route=%2Fwp%2Fv2%2Fmedia&parent=247712"}],"wp:term":[{"taxonomy":"category","embeddable":true,"href":"https:\/\/arantv.az\/index.php?rest_route=%2Fwp%2Fv2%2Fcategories&post=247712"},{"taxonomy":"post_tag","embeddable":true,"href":"https:\/\/arantv.az\/index.php?rest_route=%2Fwp%2Fv2%2Ftags&post=247712"}],"curies":[{"name":"wp","href":"https:\/\/api.w.org\/{rel}","templated":true}]}}