{"id":247716,"date":"2020-12-04T14:17:24","date_gmt":"2020-12-04T11:17:24","guid":{"rendered":"http:\/\/arantv.az\/?p=247716"},"modified":"2020-12-04T14:17:24","modified_gmt":"2020-12-04T11:17:24","slug":"baki-tbilisi-qars-d%c9%99mir-yolu-il%c9%99-ilk-yukl%c9%99r-cin%c9%99-yola-dusdu","status":"publish","type":"post","link":"https:\/\/arantv.az\/?p=247716","title":{"rendered":"Bak\u0131-Tbilisi-Qars d\u0259mir yolu il\u0259 ilk y\u00fckl\u0259r \u00c7in\u0259 yola d\u00fc\u015fd\u00fc"},"content":{"rendered":"<p>Bu g\u00fcn T\u00fcrkiy\u0259d\u0259n \u00c7in\u0259 ilk ixrac m\u0259qs\u0259dli qatar \u0130stanbuldan yola d\u00fc\u015f\u00fcb.<\/p>\n<p>Bu bar\u0259d\u0259 T\u00fcrkiy\u0259nin Xarici \u0130\u015fl\u0259r Nazirliyi m\u0259lumat yay\u0131b.<\/p>\n<p>Bel\u0259 ki, Marmara\u00a0\u0259razisind\u0259n ke\u00e7\u0259r\u0259k\u00a0Bak\u0131-Tbilisi-Qars d\u0259mir yolu x\u0259tti il\u0259 Trans-X\u0259z\u0259r Beyn\u0259lxalq Mar\u015frutu v\u0259\u00a0\u015e\u0259rq-Q\u0259rb beyn\u0259lxalq n\u0259qliyyat d\u0259hlizi il\u0259 \u00c7in\u0259 \u00e7atacaq qatar 8 min 693 kilometr\u00a0yol q\u0259t ed\u0259c\u0259k.<\/p>\n<div id=\"AdviadNativeVideo0\" class=\"AdviadNativeVideo\"><\/div>\n<p>Bildirilib ki, bu qatar iki\u00a0qit\u0259ni, iki\u00a0d\u0259nizi v\u0259 be\u015f\u00a0\u00f6lk\u0259ni ke\u00e7\u0259r\u0259k y\u00fckl\u0259ri 12 g\u00fcn \u0259rzind\u0259 \u00c7in\u0259 \u00e7atd\u0131racaq.<\/p>\n<p>\u0130lk d\u0259f\u0259 2019-cu ild\u0259 \u00c7ind\u0259n yola d\u00fc\u015f\u0259n v\u0259 Trans-X\u0259z\u0259r B\u0259yn\u0259lxalq N\u0259qliyyat Mar\u015frutundan ke\u00e7m\u0259kl\u0259 \u015e\u0259rq-Q\u0259rb beyn\u0259lxalq n\u0259qliyyat d\u0259hlizi il\u0259 Avropaya, Praqa \u015f\u0259h\u0259rin\u0259 tranzit qatarla y\u00fck da\u015f\u0131n\u0131b.<\/p>\n<p>Qeyd edilib ki, \u00c7in il\u0259 T\u00fcrkiy\u0259 v\u0259 Avropa x\u0259ttind\u0259 10 blok qatar istismara verilib.<\/p>\n","protected":false},"excerpt":{"rendered":"<p>Bu g\u00fcn T\u00fcrkiy\u0259d\u0259n \u00c7in\u0259 ilk ixrac m\u0259qs\u0259dli qatar \u0130stanbuldan yola d\u00fc\u015f\u00fcb. Bu bar\u0259d\u0259 T\u00fcrkiy\u0259nin Xarici \u0130\u015fl\u0259r Nazirliyi m\u0259lumat yay\u0131b. Bel\u0259 ki, Marmara\u00a0\u0259razisind\u0259n ke\u00e7\u0259r\u0259k\u00a0Bak\u0131-Tbilisi-Qars d\u0259mir yolu x\u0259tti il\u0259 Trans-X\u0259z\u0259r Beyn\u0259lxalq Mar\u015frutu v\u0259\u00a0\u015e\u0259rq-Q\u0259rb beyn\u0259lxalq n\u0259qliyyat d\u0259hlizi il\u0259 \u00c7in\u0259 \u00e7atacaq qatar 8 min 693 kilometr\u00a0yol q\u0259t ed\u0259c\u0259k. Bildirilib ki, bu qatar iki\u00a0qit\u0259ni, iki\u00a0d\u0259nizi v\u0259 be\u015f\u00a0\u00f6lk\u0259ni ke\u00e7\u0259r\u0259k y\u00fckl\u0259ri 12 g\u00fcn \u0259rzind\u0259 \u00c7in\u0259 \u00e7atd\u0131racaq. \u0130lk d\u0259f\u0259 2019-cu ild\u0259 \u00c7ind\u0259n yola d\u00fc\u015f\u0259n v\u0259 Trans-X\u0259z\u0259r B\u0259yn\u0259lxalq N\u0259qliyyat Mar\u015frutundan ke\u00e7m\u0259kl\u0259 \u015e\u0259rq-Q\u0259rb beyn\u0259lxalq n\u0259qliyyat d\u0259hlizi il\u0259 Avropaya, Praqa \u015f\u0259h\u0259rin\u0259 tranzit qatarla y\u00fck da\u015f\u0131n\u0131b. Qeyd edilib ki, \u00c7in il\u0259 T\u00fcrkiy\u0259&hellip;<\/p>\n","protected":false},"author":2,"featured_media":247717,"comment_status":"closed","ping_status":"closed","sticky":false,"template":"","format":"standard","meta":{"om_disable_all_campaigns":false,"_monsterinsights_skip_tracking":false,"_monsterinsights_sitenote_active":false,"_monsterinsights_sitenote_note":"","_monsterinsights_sitenote_category":0},"categories":[19],"tags":[],"aioseo_notices":[],"gutentor_comment":0,"rttpg_featured_image_url":{"full":["https:\/\/arantv.az\/wp-content\/uploads\/2020\/12\/news_20190916115455.jpg",620,341,false],"landscape":["https:\/\/arantv.az\/wp-content\/uploads\/2020\/12\/news_20190916115455.jpg",620,341,false],"portraits":["https:\/\/arantv.az\/wp-content\/uploads\/2020\/12\/news_20190916115455.jpg",620,341,false],"thumbnail":["https:\/\/arantv.az\/wp-content\/uploads\/2020\/12\/news_20190916115455-150x150.jpg",150,150,true],"medium":["https:\/\/arantv.az\/wp-content\/uploads\/2020\/12\/news_20190916115455-300x165.jpg",300,165,true],"large":["https:\/\/arantv.az\/wp-content\/uploads\/2020\/12\/news_20190916115455.jpg",620,341,false],"1536x1536":["https:\/\/arantv.az\/wp-content\/uploads\/2020\/12\/news_20190916115455.jpg",620,341,false],"2048x2048":["https:\/\/arantv.az\/wp-content\/uploads\/2020\/12\/news_20190916115455.jpg",620,341,false],"post-thumbnail":["https:\/\/arantv.az\/wp-content\/uploads\/2020\/12\/news_20190916115455-240x172.jpg",240,172,true],"advps-thumb-one":["https:\/\/arantv.az\/wp-content\/uploads\/2020\/12\/news_20190916115455.jpg",620,341,false]},"rttpg_author":{"display_name":"V\u00fcsal Rafiqo\u011flu","author_link":"https:\/\/arantv.az\/?author=2"},"rttpg_comment":0,"rttpg_category":"<a href=\"https:\/\/arantv.az\/?cat=19\" rel=\"category\">G\u00fcnd\u0259m<\/a>","rttpg_excerpt":"Bu g\u00fcn T\u00fcrkiy\u0259d\u0259n \u00c7in\u0259 ilk ixrac m\u0259qs\u0259dli qatar \u0130stanbuldan yola d\u00fc\u015f\u00fcb. Bu bar\u0259d\u0259 T\u00fcrkiy\u0259nin Xarici \u0130\u015fl\u0259r Nazirliyi m\u0259lumat yay\u0131b. Bel\u0259 ki, Marmara\u00a0\u0259razisind\u0259n ke\u00e7\u0259r\u0259k\u00a0Bak\u0131-Tbilisi-Qars d\u0259mir yolu x\u0259tti il\u0259 Trans-X\u0259z\u0259r Beyn\u0259lxalq Mar\u015frutu v\u0259\u00a0\u015e\u0259rq-Q\u0259rb beyn\u0259lxalq n\u0259qliyyat d\u0259hlizi il\u0259 \u00c7in\u0259 \u00e7atacaq qatar 8 min 693 kilometr\u00a0yol q\u0259t ed\u0259c\u0259k. Bildirilib ki, bu qatar iki\u00a0qit\u0259ni, iki\u00a0d\u0259nizi v\u0259 be\u015f\u00a0\u00f6lk\u0259ni ke\u00e7\u0259r\u0259k y\u00fckl\u0259ri 12&hellip;","_links":{"self":[{"href":"https:\/\/arantv.az\/index.php?rest_route=\/wp\/v2\/posts\/247716"}],"collection":[{"href":"https:\/\/arantv.az\/index.php?rest_route=\/wp\/v2\/posts"}],"about":[{"href":"https:\/\/arantv.az\/index.php?rest_route=\/wp\/v2\/types\/post"}],"author":[{"embeddable":true,"href":"https:\/\/arantv.az\/index.php?rest_route=\/wp\/v2\/users\/2"}],"replies":[{"embeddable":true,"href":"https:\/\/arantv.az\/index.php?rest_route=%2Fwp%2Fv2%2Fcomments&post=247716"}],"version-history":[{"count":0,"href":"https:\/\/arantv.az\/index.php?rest_route=\/wp\/v2\/posts\/247716\/revisions"}],"wp:featuredmedia":[{"embeddable":true,"href":"https:\/\/arantv.az\/index.php?rest_route=\/wp\/v2\/media\/247717"}],"wp:attachment":[{"href":"https:\/\/arantv.az\/index.php?rest_route=%2Fwp%2Fv2%2Fmedia&parent=247716"}],"wp:term":[{"taxonomy":"category","embeddable":true,"href":"https:\/\/arantv.az\/index.php?rest_route=%2Fwp%2Fv2%2Fcategories&post=247716"},{"taxonomy":"post_tag","embeddable":true,"href":"https:\/\/arantv.az\/index.php?rest_route=%2Fwp%2Fv2%2Ftags&post=247716"}],"curies":[{"name":"wp","href":"https:\/\/api.w.org\/{rel}","templated":true}]}}