{"id":247720,"date":"2020-12-04T14:18:14","date_gmt":"2020-12-04T11:18:14","guid":{"rendered":"http:\/\/arantv.az\/?p=247720"},"modified":"2020-12-04T14:18:14","modified_gmt":"2020-12-04T11:18:14","slug":"mehriban-%c9%99liyevadan-v%c9%99t%c9%99n-muharib%c9%99si-s%c9%99hidl%c9%99ri-il%c9%99-bagli-paylasim-foto","status":"publish","type":"post","link":"https:\/\/arantv.az\/?p=247720","title":{"rendered":"Mehriban \u018fliyevadan V\u0259t\u0259n M\u00fcharib\u0259si \u015f\u0259hidl\u0259ri il\u0259 ba\u011fl\u0131 payla\u015f\u0131m &#8211; FOTO"},"content":{"rendered":"<p>Birinci vitse-prezident Mehriban \u018fliyeva V\u0259t\u0259n M\u00fcharib\u0259si \u015f\u0259hidl\u0259ri il\u0259 ba\u011fl\u0131 payla\u015f\u0131m edib.<\/p>\n<p>\u201cInstagram\u201d sosial \u015f\u0259b\u0259k\u0259 hesab\u0131nda yay\u0131mlanm\u0131\u015f payla\u015f\u0131mda deyilir:<\/p>\n<p>\u201c\u018fziz qardas\u0327lar v\u0259 bac\u0131lar!<\/p>\n<div id=\"AdviadNativeVideo0\" class=\"AdviadNativeVideo\"><\/div>\n<p>Bu gu\u0308n biz V\u0259t\u0259n M\u00fcharib\u0259si do\u0308yu\u0308s\u0327l\u0259rind\u0259 h\u0259lak olmus\u0327 s\u0327\u0259hidl\u0259rin xatir\u0259sini yad edirik.<\/p>\n<p>Az\u0259rbaycan xalq\u0131n\u0131n igid og\u0306ullar\u0131 Z\u0259f\u0259r namin\u0259, Az\u0259rbaycan\u0131n g\u0259l\u0259c\u0259yi namin\u0259 canlar\u0131ndan kec\u0327ib.<\/p>\n<p>Onlar\u0131n h\u0259r biri \u0259sl q\u0259hr\u0259man, r\u0259s\u0327ad\u0259t v\u0259 qorxmazl\u0131q nu\u0308mun\u0259sidir.<\/p>\n<p>Bu gu\u0308n m\u0259n s\u0327\u0259hidl\u0259rimizin ail\u0259l\u0259ri il\u0259 birlikd\u0259 k\u0259d\u0259rl\u0259nir, V\u0259t\u0259n namin\u0259 can\u0131ndan kec\u0327m\u0259y\u0259 haz\u0131r olan og\u0306ullar t\u0259rbiy\u0259 etmis\u0327 valideynl\u0259rin qars\u0327\u0131s\u0131nda bas\u0327 \u0259yir\u0259m. S\u0327\u0259hidl\u0259rimizin qan\u0131 nahaq yer\u0259 to\u0308ku\u0308lm\u0259di \u2013 biz tarixi \u0259dal\u0259ti b\u0259rpa etdik, mu\u0308q\u0259dd\u0259s Q\u0259l\u0259b\u0259 qazand\u0131q. Bu Q\u0259l\u0259b\u0259 xalq\u0131m\u0131z\u0131n tarixin\u0259 \u0259b\u0259di h\u0259kk olundu!<\/p>\n<p>H\u0259r birimiz bu Z\u0259f\u0259rin n\u0259yin bahas\u0131na qazan\u0131ld\u0131g\u0306\u0131n\u0131 yadda saxlamag\u0306a borcluyuq! Biz V\u0259t\u0259n mu\u0308harib\u0259si s\u0327\u0259hidl\u0259rini hec\u0327 vaxt unutmayacag\u0306\u0131q. Onlar bizim q\u0259lbimizd\u0259 daim yas\u0327ayacaq.<\/p>\n<p>Allah s\u0327\u0259hidl\u0259rimiz\u0259 r\u0259hm\u0259t el\u0259sin, yaral\u0131lara tezlikl\u0259 s\u0327\u0259fa, onlar\u0131n ail\u0259l\u0259rin\u0259 v\u0259 yax\u0131nlar\u0131na gu\u0308c v\u0259 s\u0259bir versin! Uca Tanr\u0131 Az\u0259rbaycan\u0131 v\u0259 Az\u0259rbaycan xalq\u0131n\u0131 qorusun!\u201d<\/p>\n<div><iframe id=\"instagram-embed-0\" class=\"instagram-media instagram-media-rendered\" src=\"https:\/\/www.instagram.com\/p\/CIX4QwEAmyJ\/embed\/captioned\/?cr=1&amp;v=13&amp;wp=540&amp;rd=https%3A%2F%2Foxu.az&amp;rp=%2Fpolitics%2F446213#%7B%22ci%22%3A0%2C%22os%22%3A3822.3800000014307%2C%22ls%22%3A2961.3900000003923%2C%22le%22%3A2962.1900000020105%7D\" height=\"1590\" frameborder=\"0\" scrolling=\"no\" allowfullscreen=\"allowfullscreen\" data-instgrm-payload-id=\"instagram-media-payload-0\" data-mce-fragment=\"1\"><\/iframe><\/div>\n<p>&nbsp;<\/p>\n","protected":false},"excerpt":{"rendered":"<p>Birinci vitse-prezident Mehriban \u018fliyeva V\u0259t\u0259n M\u00fcharib\u0259si \u015f\u0259hidl\u0259ri il\u0259 ba\u011fl\u0131 payla\u015f\u0131m edib. \u201cInstagram\u201d sosial \u015f\u0259b\u0259k\u0259 hesab\u0131nda yay\u0131mlanm\u0131\u015f payla\u015f\u0131mda deyilir: \u201c\u018fziz qardas\u0327lar v\u0259 bac\u0131lar! Bu gu\u0308n biz V\u0259t\u0259n M\u00fcharib\u0259si do\u0308yu\u0308s\u0327l\u0259rind\u0259 h\u0259lak olmus\u0327 s\u0327\u0259hidl\u0259rin xatir\u0259sini yad edirik. Az\u0259rbaycan xalq\u0131n\u0131n igid og\u0306ullar\u0131 Z\u0259f\u0259r namin\u0259, Az\u0259rbaycan\u0131n g\u0259l\u0259c\u0259yi namin\u0259 canlar\u0131ndan kec\u0327ib. Onlar\u0131n h\u0259r biri \u0259sl q\u0259hr\u0259man, r\u0259s\u0327ad\u0259t v\u0259 qorxmazl\u0131q nu\u0308mun\u0259sidir. Bu gu\u0308n m\u0259n s\u0327\u0259hidl\u0259rimizin ail\u0259l\u0259ri il\u0259 birlikd\u0259 k\u0259d\u0259rl\u0259nir, V\u0259t\u0259n namin\u0259 can\u0131ndan kec\u0327m\u0259y\u0259 haz\u0131r olan og\u0306ullar t\u0259rbiy\u0259 etmis\u0327 valideynl\u0259rin qars\u0327\u0131s\u0131nda bas\u0327 \u0259yir\u0259m. S\u0327\u0259hidl\u0259rimizin qan\u0131 nahaq yer\u0259 to\u0308ku\u0308lm\u0259di \u2013 biz tarixi \u0259dal\u0259ti b\u0259rpa etdik, mu\u0308q\u0259dd\u0259s Q\u0259l\u0259b\u0259 qazand\u0131q. Bu&hellip;<\/p>\n","protected":false},"author":2,"featured_media":247721,"comment_status":"closed","ping_status":"closed","sticky":false,"template":"","format":"standard","meta":{"om_disable_all_campaigns":false,"_monsterinsights_skip_tracking":false,"_monsterinsights_sitenote_active":false,"_monsterinsights_sitenote_note":"","_monsterinsights_sitenote_category":0},"categories":[4],"tags":[],"aioseo_notices":[],"gutentor_comment":0,"rttpg_featured_image_url":{"full":["https:\/\/arantv.az\/wp-content\/uploads\/2020\/12\/Mehriban-\u00c6_liyeva-1.jpg",620,400,false],"landscape":["https:\/\/arantv.az\/wp-content\/uploads\/2020\/12\/Mehriban-\u00c6_liyeva-1.jpg",620,400,false],"portraits":["https:\/\/arantv.az\/wp-content\/uploads\/2020\/12\/Mehriban-\u00c6_liyeva-1.jpg",620,400,false],"thumbnail":["https:\/\/arantv.az\/wp-content\/uploads\/2020\/12\/Mehriban-\u00c6_liyeva-1-150x150.jpg",150,150,true],"medium":["https:\/\/arantv.az\/wp-content\/uploads\/2020\/12\/Mehriban-\u00c6_liyeva-1-300x194.jpg",300,194,true],"large":["https:\/\/arantv.az\/wp-content\/uploads\/2020\/12\/Mehriban-\u00c6_liyeva-1.jpg",620,400,false],"1536x1536":["https:\/\/arantv.az\/wp-content\/uploads\/2020\/12\/Mehriban-\u00c6_liyeva-1.jpg",620,400,false],"2048x2048":["https:\/\/arantv.az\/wp-content\/uploads\/2020\/12\/Mehriban-\u00c6_liyeva-1.jpg",620,400,false],"post-thumbnail":["https:\/\/arantv.az\/wp-content\/uploads\/2020\/12\/Mehriban-\u00c6_liyeva-1-240x172.jpg",240,172,true],"advps-thumb-one":["https:\/\/arantv.az\/wp-content\/uploads\/2020\/12\/Mehriban-\u00c6_liyeva-1.jpg",620,400,false]},"rttpg_author":{"display_name":"V\u00fcsal Rafiqo\u011flu","author_link":"https:\/\/arantv.az\/?author=2"},"rttpg_comment":0,"rttpg_category":"<a href=\"https:\/\/arantv.az\/?cat=4\" rel=\"category\">Siyas\u0259t<\/a>","rttpg_excerpt":"Birinci vitse-prezident Mehriban \u018fliyeva V\u0259t\u0259n M\u00fcharib\u0259si \u015f\u0259hidl\u0259ri il\u0259 ba\u011fl\u0131 payla\u015f\u0131m edib. \u201cInstagram\u201d sosial \u015f\u0259b\u0259k\u0259 hesab\u0131nda yay\u0131mlanm\u0131\u015f payla\u015f\u0131mda deyilir: \u201c\u018fziz qardas\u0327lar v\u0259 bac\u0131lar! Bu gu\u0308n biz V\u0259t\u0259n M\u00fcharib\u0259si do\u0308yu\u0308s\u0327l\u0259rind\u0259 h\u0259lak olmus\u0327 s\u0327\u0259hidl\u0259rin xatir\u0259sini yad edirik. Az\u0259rbaycan xalq\u0131n\u0131n igid og\u0306ullar\u0131 Z\u0259f\u0259r namin\u0259, Az\u0259rbaycan\u0131n g\u0259l\u0259c\u0259yi namin\u0259 canlar\u0131ndan kec\u0327ib. Onlar\u0131n h\u0259r biri \u0259sl q\u0259hr\u0259man, r\u0259s\u0327ad\u0259t v\u0259 qorxmazl\u0131q nu\u0308mun\u0259sidir. Bu&hellip;","_links":{"self":[{"href":"https:\/\/arantv.az\/index.php?rest_route=\/wp\/v2\/posts\/247720"}],"collection":[{"href":"https:\/\/arantv.az\/index.php?rest_route=\/wp\/v2\/posts"}],"about":[{"href":"https:\/\/arantv.az\/index.php?rest_route=\/wp\/v2\/types\/post"}],"author":[{"embeddable":true,"href":"https:\/\/arantv.az\/index.php?rest_route=\/wp\/v2\/users\/2"}],"replies":[{"embeddable":true,"href":"https:\/\/arantv.az\/index.php?rest_route=%2Fwp%2Fv2%2Fcomments&post=247720"}],"version-history":[{"count":0,"href":"https:\/\/arantv.az\/index.php?rest_route=\/wp\/v2\/posts\/247720\/revisions"}],"wp:featuredmedia":[{"embeddable":true,"href":"https:\/\/arantv.az\/index.php?rest_route=\/wp\/v2\/media\/247721"}],"wp:attachment":[{"href":"https:\/\/arantv.az\/index.php?rest_route=%2Fwp%2Fv2%2Fmedia&parent=247720"}],"wp:term":[{"taxonomy":"category","embeddable":true,"href":"https:\/\/arantv.az\/index.php?rest_route=%2Fwp%2Fv2%2Fcategories&post=247720"},{"taxonomy":"post_tag","embeddable":true,"href":"https:\/\/arantv.az\/index.php?rest_route=%2Fwp%2Fv2%2Ftags&post=247720"}],"curies":[{"name":"wp","href":"https:\/\/api.w.org\/{rel}","templated":true}]}}