{"id":247729,"date":"2020-12-04T14:22:02","date_gmt":"2020-12-04T11:22:02","guid":{"rendered":"http:\/\/arantv.az\/?p=247729"},"modified":"2020-12-04T14:22:02","modified_gmt":"2020-12-04T11:22:02","slug":"az%c9%99rbaycan-ordusu-v%c9%99t%c9%99n-muharib%c9%99si-s%c9%99hidl%c9%99rini-andi-foto-video","status":"publish","type":"post","link":"https:\/\/arantv.az\/?p=247729","title":{"rendered":"Az\u0259rbaycan ordusu V\u0259t\u0259n M\u00fcharib\u0259si \u015f\u0259hidl\u0259rini and\u0131 &#8211; FOTO\/V\u0130DEO"},"content":{"rendered":"<p>Az\u0259rbaycan Respublikas\u0131 Prezidentinin S\u0259r\u0259ncam\u0131na \u0259sas\u0259n saat 12:00-da \u018flahidd\u0259 \u00dcmumqo\u015fun Ordusu, H\u0259rbi Hava Q\u00fcvv\u0259l\u0259ri, H\u0259rbi D\u0259niz Q\u00fcvv\u0259l\u0259ri, birlik, birl\u0259\u015fm\u0259, h\u0259rbi hiss\u0259 v\u0259 x\u00fcsusi t\u0259yinatl\u0131 h\u0259rbi t\u0259hsil m\u00fc\u0259ssis\u0259l\u0259rind\u0259 canlar\u0131n\u0131 Az\u0259rbaycan Respublikas\u0131n\u0131n \u0259razi b\u00fct\u00f6vl\u00fcy\u00fc yolunda qurban vermi\u015f V\u0259t\u0259n m\u00fcharib\u0259si \u015f\u0259hidl\u0259rinin xatir\u0259sini yad etm\u0259k m\u0259qs\u0259dil\u0259 bir d\u0259qiq\u0259lik s\u00fckut elan edilib.<\/p>\n<div id=\"AdviadNativeVideo0\" class=\"AdviadNativeVideo\"><\/div>\n<p>Bu bar\u0259d\u0259 M\u00fcdafi\u0259 Nazirliyi m\u0259lumat yay\u0131b.<\/p>\n<div><iframe loading=\"lazy\" src=\"https:\/\/player.baku.tv\/embed\/29608\" width=\"560\" height=\"315\" frameborder=\"0\" allowfullscreen=\"allowfullscreen\" data-mce-fragment=\"1\"><\/iframe><\/div>\n<div class=\"gallery\">\n<div class=\"gallery-i\"><img src=\"https:\/\/cdn.oxu.az\/uploads\/W1siZiIsIjIwMjAvMTIvMDQvMTQvNTIvMzYvNjYzZmNhMjgtYzMxNS00ZmIzLTk4MzMtNjI3ZDNmOTdkODU3L2VzLmpwZyJdLFsicCIsImVuY29kZSIsImpwZyIsIi1xdWFsaXR5IDgwIl0sWyJwIiwidGh1bWIiLCI1OTB4NTkwXHUwMDNlIl1d?sha=69430434cb282c8e\" alt=\"\" \/><\/p>\n<div class=\"gallery-i-caption\"><\/div>\n<\/div>\n<div class=\"gallery-i\"><img src=\"https:\/\/cdn.oxu.az\/uploads\/W1siZiIsIjIwMjAvMTIvMDQvMTQvNTIvMzYvMDAyN2QyZjktMDg4MS00ZDFhLTk3NDItY2U2MDQ0MWZmZDk4L2JuLmpwZyJdLFsicCIsImVuY29kZSIsImpwZyIsIi1xdWFsaXR5IDgwIl0sWyJwIiwidGh1bWIiLCI1OTB4NTkwXHUwMDNlIl1d?sha=d38cb27f9e48381c\" alt=\"\" \/><\/div>\n<\/div>\n","protected":false},"excerpt":{"rendered":"<p>Az\u0259rbaycan Respublikas\u0131 Prezidentinin S\u0259r\u0259ncam\u0131na \u0259sas\u0259n saat 12:00-da \u018flahidd\u0259 \u00dcmumqo\u015fun Ordusu, H\u0259rbi Hava Q\u00fcvv\u0259l\u0259ri, H\u0259rbi D\u0259niz Q\u00fcvv\u0259l\u0259ri, birlik, birl\u0259\u015fm\u0259, h\u0259rbi hiss\u0259 v\u0259 x\u00fcsusi t\u0259yinatl\u0131 h\u0259rbi t\u0259hsil m\u00fc\u0259ssis\u0259l\u0259rind\u0259 canlar\u0131n\u0131 Az\u0259rbaycan Respublikas\u0131n\u0131n \u0259razi b\u00fct\u00f6vl\u00fcy\u00fc yolunda qurban vermi\u015f V\u0259t\u0259n m\u00fcharib\u0259si \u015f\u0259hidl\u0259rinin xatir\u0259sini yad etm\u0259k m\u0259qs\u0259dil\u0259 bir d\u0259qiq\u0259lik s\u00fckut elan edilib. Bu bar\u0259d\u0259 M\u00fcdafi\u0259 Nazirliyi m\u0259lumat yay\u0131b.<\/p>\n","protected":false},"author":2,"featured_media":247730,"comment_status":"closed","ping_status":"closed","sticky":false,"template":"","format":"standard","meta":{"om_disable_all_campaigns":false,"_monsterinsights_skip_tracking":false,"_monsterinsights_sitenote_active":false,"_monsterinsights_sitenote_note":"","_monsterinsights_sitenote_category":0},"categories":[19],"tags":[],"aioseo_notices":[],"gutentor_comment":0,"rttpg_featured_image_url":{"full":["https:\/\/arantv.az\/wp-content\/uploads\/2020\/12\/bn.jpg",620,465,false],"landscape":["https:\/\/arantv.az\/wp-content\/uploads\/2020\/12\/bn.jpg",620,465,false],"portraits":["https:\/\/arantv.az\/wp-content\/uploads\/2020\/12\/bn.jpg",620,465,false],"thumbnail":["https:\/\/arantv.az\/wp-content\/uploads\/2020\/12\/bn-150x150.jpg",150,150,true],"medium":["https:\/\/arantv.az\/wp-content\/uploads\/2020\/12\/bn-300x225.jpg",300,225,true],"large":["https:\/\/arantv.az\/wp-content\/uploads\/2020\/12\/bn.jpg",620,465,false],"1536x1536":["https:\/\/arantv.az\/wp-content\/uploads\/2020\/12\/bn.jpg",620,465,false],"2048x2048":["https:\/\/arantv.az\/wp-content\/uploads\/2020\/12\/bn.jpg",620,465,false],"post-thumbnail":["https:\/\/arantv.az\/wp-content\/uploads\/2020\/12\/bn-240x172.jpg",240,172,true],"advps-thumb-one":["https:\/\/arantv.az\/wp-content\/uploads\/2020\/12\/bn.jpg",620,465,false]},"rttpg_author":{"display_name":"V\u00fcsal Rafiqo\u011flu","author_link":"https:\/\/arantv.az\/?author=2"},"rttpg_comment":0,"rttpg_category":"<a href=\"https:\/\/arantv.az\/?cat=19\" rel=\"category\">G\u00fcnd\u0259m<\/a>","rttpg_excerpt":"Az\u0259rbaycan Respublikas\u0131 Prezidentinin S\u0259r\u0259ncam\u0131na \u0259sas\u0259n saat 12:00-da \u018flahidd\u0259 \u00dcmumqo\u015fun Ordusu, H\u0259rbi Hava Q\u00fcvv\u0259l\u0259ri, H\u0259rbi D\u0259niz Q\u00fcvv\u0259l\u0259ri, birlik, birl\u0259\u015fm\u0259, h\u0259rbi hiss\u0259 v\u0259 x\u00fcsusi t\u0259yinatl\u0131 h\u0259rbi t\u0259hsil m\u00fc\u0259ssis\u0259l\u0259rind\u0259 canlar\u0131n\u0131 Az\u0259rbaycan Respublikas\u0131n\u0131n \u0259razi b\u00fct\u00f6vl\u00fcy\u00fc yolunda qurban vermi\u015f V\u0259t\u0259n m\u00fcharib\u0259si \u015f\u0259hidl\u0259rinin xatir\u0259sini yad etm\u0259k m\u0259qs\u0259dil\u0259 bir d\u0259qiq\u0259lik s\u00fckut elan edilib. Bu bar\u0259d\u0259 M\u00fcdafi\u0259 Nazirliyi m\u0259lumat yay\u0131b.","_links":{"self":[{"href":"https:\/\/arantv.az\/index.php?rest_route=\/wp\/v2\/posts\/247729"}],"collection":[{"href":"https:\/\/arantv.az\/index.php?rest_route=\/wp\/v2\/posts"}],"about":[{"href":"https:\/\/arantv.az\/index.php?rest_route=\/wp\/v2\/types\/post"}],"author":[{"embeddable":true,"href":"https:\/\/arantv.az\/index.php?rest_route=\/wp\/v2\/users\/2"}],"replies":[{"embeddable":true,"href":"https:\/\/arantv.az\/index.php?rest_route=%2Fwp%2Fv2%2Fcomments&post=247729"}],"version-history":[{"count":0,"href":"https:\/\/arantv.az\/index.php?rest_route=\/wp\/v2\/posts\/247729\/revisions"}],"wp:featuredmedia":[{"embeddable":true,"href":"https:\/\/arantv.az\/index.php?rest_route=\/wp\/v2\/media\/247730"}],"wp:attachment":[{"href":"https:\/\/arantv.az\/index.php?rest_route=%2Fwp%2Fv2%2Fmedia&parent=247729"}],"wp:term":[{"taxonomy":"category","embeddable":true,"href":"https:\/\/arantv.az\/index.php?rest_route=%2Fwp%2Fv2%2Fcategories&post=247729"},{"taxonomy":"post_tag","embeddable":true,"href":"https:\/\/arantv.az\/index.php?rest_route=%2Fwp%2Fv2%2Ftags&post=247729"}],"curies":[{"name":"wp","href":"https:\/\/api.w.org\/{rel}","templated":true}]}}