{"id":247733,"date":"2020-12-04T14:22:40","date_gmt":"2020-12-04T11:22:40","guid":{"rendered":"http:\/\/arantv.az\/?p=247733"},"modified":"2020-12-04T14:24:59","modified_gmt":"2020-12-04T11:24:59","slug":"milli-m%c9%99clisin-s%c9%99drind%c9%99n-s%c9%99hidl%c9%99rl%c9%99-bagli-paylasim-foto","status":"publish","type":"post","link":"https:\/\/arantv.az\/?p=247733","title":{"rendered":"Milli M\u0259clisin s\u0259drind\u0259n \u015f\u0259hidl\u0259rl\u0259 ba\u011fl\u0131 payla\u015f\u0131m &#8211; FOTO"},"content":{"rendered":"<article class=\"news\">\n<div class=\"news-inner\">\n<p>Milli M\u0259clisin s\u0259dri Sahib\u0259 Qafarova Az\u0259rbaycan\u0131n \u0259razi b\u00fct\u00f6vl\u00fcy\u00fc u\u011frunda can\u0131n\u0131 f\u0259da ed\u0259n \u015f\u0259hidl\u0259rimiz\u0259 Allahdan r\u0259hm\u0259t dil\u0259yib.<\/p>\n<p>O, bu bar\u0259d\u0259 \u00f6z\u00fcn\u00fcn \u201cFacebook\u201d hesab\u0131ndan payla\u015f\u0131m edib.<\/p>\n<div id=\"AdviadNativeVideo0\" class=\"AdviadNativeVideo\"><\/div>\n<p>Payla\u015f\u0131mda qeyd olunub:<\/p>\n<p>\u201cAllah b\u00fct\u00fcn \u015f\u0259hidl\u0259rimiz\u0259 r\u0259hm\u0259t el\u0259sin, b\u00fct\u00fcn qazil\u0259rimiz\u0259 \u015f\u0259fa versin. \u015e\u0259hidl\u0259rimizin ruhu qar\u015f\u0131s\u0131nda ba\u015f \u0259yir, ehtiramla yad edirik\u201d.<\/p>\n<div><iframe loading=\"lazy\" src=\"https:\/\/www.facebook.com\/plugins\/post.php?href=https%3A%2F%2Fwww.facebook.com%2FSpeakerAz%2Fposts%2F196420008763836&#038;show_text=true&#038;width=552&#038;height=608&#038;appId\" width=\"552\" height=\"608\" frameborder=\"0\" scrolling=\"no\" allowfullscreen=\"allowfullscreen\" data-mce-fragment=\"1\"><\/iframe><\/div>\n<\/div>\n<\/article>\n","protected":false},"excerpt":{"rendered":"<p>Milli M\u0259clisin s\u0259dri Sahib\u0259 Qafarova Az\u0259rbaycan\u0131n \u0259razi b\u00fct\u00f6vl\u00fcy\u00fc u\u011frunda can\u0131n\u0131 f\u0259da ed\u0259n \u015f\u0259hidl\u0259rimiz\u0259 Allahdan r\u0259hm\u0259t dil\u0259yib. O, bu bar\u0259d\u0259 \u00f6z\u00fcn\u00fcn \u201cFacebook\u201d hesab\u0131ndan payla\u015f\u0131m edib. Payla\u015f\u0131mda qeyd olunub: \u201cAllah b\u00fct\u00fcn \u015f\u0259hidl\u0259rimiz\u0259 r\u0259hm\u0259t el\u0259sin, b\u00fct\u00fcn qazil\u0259rimiz\u0259 \u015f\u0259fa versin. \u015e\u0259hidl\u0259rimizin ruhu qar\u015f\u0131s\u0131nda ba\u015f \u0259yir, ehtiramla yad edirik\u201d.<\/p>\n","protected":false},"author":2,"featured_media":247746,"comment_status":"closed","ping_status":"closed","sticky":false,"template":"","format":"standard","meta":{"om_disable_all_campaigns":false,"_monsterinsights_skip_tracking":false,"_monsterinsights_sitenote_active":false,"_monsterinsights_sitenote_note":"","_monsterinsights_sitenote_category":0},"categories":[26],"tags":[],"aioseo_notices":[],"gutentor_comment":0,"rttpg_featured_image_url":{"full":["https:\/\/arantv.az\/wp-content\/uploads\/2020\/12\/7812b9d2-1c99-34b8-a814-e2bfa78ffe0f_850.jpg",620,387,false],"landscape":["https:\/\/arantv.az\/wp-content\/uploads\/2020\/12\/7812b9d2-1c99-34b8-a814-e2bfa78ffe0f_850.jpg",620,387,false],"portraits":["https:\/\/arantv.az\/wp-content\/uploads\/2020\/12\/7812b9d2-1c99-34b8-a814-e2bfa78ffe0f_850.jpg",620,387,false],"thumbnail":["https:\/\/arantv.az\/wp-content\/uploads\/2020\/12\/7812b9d2-1c99-34b8-a814-e2bfa78ffe0f_850-150x150.jpg",150,150,true],"medium":["https:\/\/arantv.az\/wp-content\/uploads\/2020\/12\/7812b9d2-1c99-34b8-a814-e2bfa78ffe0f_850-300x187.jpg",300,187,true],"large":["https:\/\/arantv.az\/wp-content\/uploads\/2020\/12\/7812b9d2-1c99-34b8-a814-e2bfa78ffe0f_850.jpg",620,387,false],"1536x1536":["https:\/\/arantv.az\/wp-content\/uploads\/2020\/12\/7812b9d2-1c99-34b8-a814-e2bfa78ffe0f_850.jpg",620,387,false],"2048x2048":["https:\/\/arantv.az\/wp-content\/uploads\/2020\/12\/7812b9d2-1c99-34b8-a814-e2bfa78ffe0f_850.jpg",620,387,false],"post-thumbnail":["https:\/\/arantv.az\/wp-content\/uploads\/2020\/12\/7812b9d2-1c99-34b8-a814-e2bfa78ffe0f_850-240x172.jpg",240,172,true],"advps-thumb-one":["https:\/\/arantv.az\/wp-content\/uploads\/2020\/12\/7812b9d2-1c99-34b8-a814-e2bfa78ffe0f_850.jpg",620,387,false]},"rttpg_author":{"display_name":"V\u00fcsal Rafiqo\u011flu","author_link":"https:\/\/arantv.az\/?author=2"},"rttpg_comment":0,"rttpg_category":"<a href=\"https:\/\/arantv.az\/?cat=26\" rel=\"category\">Sosial<\/a>","rttpg_excerpt":"Milli M\u0259clisin s\u0259dri Sahib\u0259 Qafarova Az\u0259rbaycan\u0131n \u0259razi b\u00fct\u00f6vl\u00fcy\u00fc u\u011frunda can\u0131n\u0131 f\u0259da ed\u0259n \u015f\u0259hidl\u0259rimiz\u0259 Allahdan r\u0259hm\u0259t dil\u0259yib. O, bu bar\u0259d\u0259 \u00f6z\u00fcn\u00fcn \u201cFacebook\u201d hesab\u0131ndan payla\u015f\u0131m edib. Payla\u015f\u0131mda qeyd olunub: \u201cAllah b\u00fct\u00fcn \u015f\u0259hidl\u0259rimiz\u0259 r\u0259hm\u0259t el\u0259sin, b\u00fct\u00fcn qazil\u0259rimiz\u0259 \u015f\u0259fa versin. \u015e\u0259hidl\u0259rimizin ruhu qar\u015f\u0131s\u0131nda ba\u015f \u0259yir, ehtiramla yad edirik\u201d.","_links":{"self":[{"href":"https:\/\/arantv.az\/index.php?rest_route=\/wp\/v2\/posts\/247733"}],"collection":[{"href":"https:\/\/arantv.az\/index.php?rest_route=\/wp\/v2\/posts"}],"about":[{"href":"https:\/\/arantv.az\/index.php?rest_route=\/wp\/v2\/types\/post"}],"author":[{"embeddable":true,"href":"https:\/\/arantv.az\/index.php?rest_route=\/wp\/v2\/users\/2"}],"replies":[{"embeddable":true,"href":"https:\/\/arantv.az\/index.php?rest_route=%2Fwp%2Fv2%2Fcomments&post=247733"}],"version-history":[{"count":0,"href":"https:\/\/arantv.az\/index.php?rest_route=\/wp\/v2\/posts\/247733\/revisions"}],"wp:featuredmedia":[{"embeddable":true,"href":"https:\/\/arantv.az\/index.php?rest_route=\/wp\/v2\/media\/247746"}],"wp:attachment":[{"href":"https:\/\/arantv.az\/index.php?rest_route=%2Fwp%2Fv2%2Fmedia&parent=247733"}],"wp:term":[{"taxonomy":"category","embeddable":true,"href":"https:\/\/arantv.az\/index.php?rest_route=%2Fwp%2Fv2%2Fcategories&post=247733"},{"taxonomy":"post_tag","embeddable":true,"href":"https:\/\/arantv.az\/index.php?rest_route=%2Fwp%2Fv2%2Ftags&post=247733"}],"curies":[{"name":"wp","href":"https:\/\/api.w.org\/{rel}","templated":true}]}}