{"id":247737,"date":"2020-12-04T14:23:26","date_gmt":"2020-12-04T11:23:26","guid":{"rendered":"http:\/\/arantv.az\/?p=247737"},"modified":"2020-12-04T14:23:26","modified_gmt":"2020-12-04T11:23:26","slug":"peskov-rusiya-qarabagla-bagli-movqeyini-d%c9%99yism%c9%99yib","status":"publish","type":"post","link":"https:\/\/arantv.az\/?p=247737","title":{"rendered":"Peskov: \u201cRusiya Qaraba\u011fla ba\u011fl\u0131 m\u00f6vqeyini d\u0259yi\u015fm\u0259yib\u201d"},"content":{"rendered":"<p>Rusiya prezidentinin m\u0259tbuat katibi Dmitri Peskov jurnalistl\u0259r\u0259 a\u00e7\u0131qlamas\u0131nda deyib ki, dig\u0259r \u00f6lk\u0259l\u0259r kimi, Rusiyan\u0131n da Da\u011fl\u0131q Qaraba\u011f\u0131n statusu il\u0259 ba\u011fl\u0131 m\u00f6vqeyi d\u0259yi\u015fm\u0259yib.<\/p>\n<p>\u201cR\u0130A Novosti\u201d x\u0259b\u0259r verir ki, o bu \u0259razinin m\u0259nsubiyy\u0259tinin uzun m\u00fcdd\u0259tdir T\u0259hl\u00fck\u0259sizlik \u015euras\u0131n\u0131n (BMT) q\u0259rarlar\u0131 il\u0259 m\u00fc\u0259yy\u0259nl\u0259\u015fdirildiyini qeyd edib:<\/p>\n<div id=\"AdviadNativeVideo0\" class=\"AdviadNativeVideo\"><\/div>\n<p>\u201cBu \u0259razinin m\u0259nsubiyy\u0259ti BMT-nin\u00a0T\u0259hl\u00fck\u0259sizlik \u015euras\u0131n\u0131n m\u00fcvafiq q\u0259tnam\u0259l\u0259ri il\u0259 \u00e7oxdan t\u0259yin olunub. B\u00fct\u00fcn bunlar T\u0259hl\u00fck\u0259sizlik \u015euras\u0131n\u0131n q\u0259tnam\u0259l\u0259rind\u0259 g\u00f6st\u0259rilib. Rusiya he\u00e7 bir \u015feyi d\u0259yi\u015fm\u0259yib. \u018fslind\u0259, he\u00e7 bir \u00f6lk\u0259 he\u00e7 n\u0259yi d\u0259yi\u015fm\u0259yib\u201d.<\/p>\n<p>\u201cPrezident Vladimir Putin Qaraba\u011f\u0131n tan\u0131nmad\u0131\u011f\u0131n\u0131, h\u0259tta Erm\u0259nistan\u0131n \u00f6z\u00fcn\u00fcn d\u0259 onu tan\u0131mad\u0131\u011f\u0131n\u0131 deyib. Prezident Putin bu bar\u0259d\u0259 dan\u0131\u015f\u0131b\u201d, &#8211; dey\u0259 Kremlin s\u00f6z\u00e7\u00fcs\u00fc xat\u0131rlad\u0131b.<\/p>\n","protected":false},"excerpt":{"rendered":"<p>Rusiya prezidentinin m\u0259tbuat katibi Dmitri Peskov jurnalistl\u0259r\u0259 a\u00e7\u0131qlamas\u0131nda deyib ki, dig\u0259r \u00f6lk\u0259l\u0259r kimi, Rusiyan\u0131n da Da\u011fl\u0131q Qaraba\u011f\u0131n statusu il\u0259 ba\u011fl\u0131 m\u00f6vqeyi d\u0259yi\u015fm\u0259yib. \u201cR\u0130A Novosti\u201d x\u0259b\u0259r verir ki, o bu \u0259razinin m\u0259nsubiyy\u0259tinin uzun m\u00fcdd\u0259tdir T\u0259hl\u00fck\u0259sizlik \u015euras\u0131n\u0131n (BMT) q\u0259rarlar\u0131 il\u0259 m\u00fc\u0259yy\u0259nl\u0259\u015fdirildiyini qeyd edib: \u201cBu \u0259razinin m\u0259nsubiyy\u0259ti BMT-nin\u00a0T\u0259hl\u00fck\u0259sizlik \u015euras\u0131n\u0131n m\u00fcvafiq q\u0259tnam\u0259l\u0259ri il\u0259 \u00e7oxdan t\u0259yin olunub. B\u00fct\u00fcn bunlar T\u0259hl\u00fck\u0259sizlik \u015euras\u0131n\u0131n q\u0259tnam\u0259l\u0259rind\u0259 g\u00f6st\u0259rilib. Rusiya he\u00e7 bir \u015feyi d\u0259yi\u015fm\u0259yib. \u018fslind\u0259, he\u00e7 bir \u00f6lk\u0259 he\u00e7 n\u0259yi d\u0259yi\u015fm\u0259yib\u201d. \u201cPrezident Vladimir Putin Qaraba\u011f\u0131n tan\u0131nmad\u0131\u011f\u0131n\u0131, h\u0259tta Erm\u0259nistan\u0131n \u00f6z\u00fcn\u00fcn d\u0259 onu tan\u0131mad\u0131\u011f\u0131n\u0131 deyib. Prezident Putin bu bar\u0259d\u0259 dan\u0131\u015f\u0131b\u201d, &#8211; dey\u0259 Kremlin&hellip;<\/p>\n","protected":false},"author":2,"featured_media":247738,"comment_status":"closed","ping_status":"closed","sticky":false,"template":"","format":"standard","meta":{"om_disable_all_campaigns":false,"_monsterinsights_skip_tracking":false,"_monsterinsights_sitenote_active":false,"_monsterinsights_sitenote_note":"","_monsterinsights_sitenote_category":0},"categories":[4],"tags":[],"aioseo_notices":[],"gutentor_comment":0,"rttpg_featured_image_url":{"full":["https:\/\/arantv.az\/wp-content\/uploads\/2020\/12\/1562579496_0_0_3014_1695_1920x0_80_0_0_301abaf6e9aef9110530e114e7b5af63.jpg",620,349,false],"landscape":["https:\/\/arantv.az\/wp-content\/uploads\/2020\/12\/1562579496_0_0_3014_1695_1920x0_80_0_0_301abaf6e9aef9110530e114e7b5af63.jpg",620,349,false],"portraits":["https:\/\/arantv.az\/wp-content\/uploads\/2020\/12\/1562579496_0_0_3014_1695_1920x0_80_0_0_301abaf6e9aef9110530e114e7b5af63.jpg",620,349,false],"thumbnail":["https:\/\/arantv.az\/wp-content\/uploads\/2020\/12\/1562579496_0_0_3014_1695_1920x0_80_0_0_301abaf6e9aef9110530e114e7b5af63-150x150.jpg",150,150,true],"medium":["https:\/\/arantv.az\/wp-content\/uploads\/2020\/12\/1562579496_0_0_3014_1695_1920x0_80_0_0_301abaf6e9aef9110530e114e7b5af63-300x169.jpg",300,169,true],"large":["https:\/\/arantv.az\/wp-content\/uploads\/2020\/12\/1562579496_0_0_3014_1695_1920x0_80_0_0_301abaf6e9aef9110530e114e7b5af63.jpg",620,349,false],"1536x1536":["https:\/\/arantv.az\/wp-content\/uploads\/2020\/12\/1562579496_0_0_3014_1695_1920x0_80_0_0_301abaf6e9aef9110530e114e7b5af63.jpg",620,349,false],"2048x2048":["https:\/\/arantv.az\/wp-content\/uploads\/2020\/12\/1562579496_0_0_3014_1695_1920x0_80_0_0_301abaf6e9aef9110530e114e7b5af63.jpg",620,349,false],"post-thumbnail":["https:\/\/arantv.az\/wp-content\/uploads\/2020\/12\/1562579496_0_0_3014_1695_1920x0_80_0_0_301abaf6e9aef9110530e114e7b5af63-240x172.jpg",240,172,true],"advps-thumb-one":["https:\/\/arantv.az\/wp-content\/uploads\/2020\/12\/1562579496_0_0_3014_1695_1920x0_80_0_0_301abaf6e9aef9110530e114e7b5af63.jpg",620,349,false]},"rttpg_author":{"display_name":"V\u00fcsal Rafiqo\u011flu","author_link":"https:\/\/arantv.az\/?author=2"},"rttpg_comment":0,"rttpg_category":"<a href=\"https:\/\/arantv.az\/?cat=4\" rel=\"category\">Siyas\u0259t<\/a>","rttpg_excerpt":"Rusiya prezidentinin m\u0259tbuat katibi Dmitri Peskov jurnalistl\u0259r\u0259 a\u00e7\u0131qlamas\u0131nda deyib ki, dig\u0259r \u00f6lk\u0259l\u0259r kimi, Rusiyan\u0131n da Da\u011fl\u0131q Qaraba\u011f\u0131n statusu il\u0259 ba\u011fl\u0131 m\u00f6vqeyi d\u0259yi\u015fm\u0259yib. \u201cR\u0130A Novosti\u201d x\u0259b\u0259r verir ki, o bu \u0259razinin m\u0259nsubiyy\u0259tinin uzun m\u00fcdd\u0259tdir T\u0259hl\u00fck\u0259sizlik \u015euras\u0131n\u0131n (BMT) q\u0259rarlar\u0131 il\u0259 m\u00fc\u0259yy\u0259nl\u0259\u015fdirildiyini qeyd edib: \u201cBu \u0259razinin m\u0259nsubiyy\u0259ti BMT-nin\u00a0T\u0259hl\u00fck\u0259sizlik \u015euras\u0131n\u0131n m\u00fcvafiq q\u0259tnam\u0259l\u0259ri il\u0259 \u00e7oxdan t\u0259yin olunub. B\u00fct\u00fcn bunlar T\u0259hl\u00fck\u0259sizlik&hellip;","_links":{"self":[{"href":"https:\/\/arantv.az\/index.php?rest_route=\/wp\/v2\/posts\/247737"}],"collection":[{"href":"https:\/\/arantv.az\/index.php?rest_route=\/wp\/v2\/posts"}],"about":[{"href":"https:\/\/arantv.az\/index.php?rest_route=\/wp\/v2\/types\/post"}],"author":[{"embeddable":true,"href":"https:\/\/arantv.az\/index.php?rest_route=\/wp\/v2\/users\/2"}],"replies":[{"embeddable":true,"href":"https:\/\/arantv.az\/index.php?rest_route=%2Fwp%2Fv2%2Fcomments&post=247737"}],"version-history":[{"count":0,"href":"https:\/\/arantv.az\/index.php?rest_route=\/wp\/v2\/posts\/247737\/revisions"}],"wp:featuredmedia":[{"embeddable":true,"href":"https:\/\/arantv.az\/index.php?rest_route=\/wp\/v2\/media\/247738"}],"wp:attachment":[{"href":"https:\/\/arantv.az\/index.php?rest_route=%2Fwp%2Fv2%2Fmedia&parent=247737"}],"wp:term":[{"taxonomy":"category","embeddable":true,"href":"https:\/\/arantv.az\/index.php?rest_route=%2Fwp%2Fv2%2Fcategories&post=247737"},{"taxonomy":"post_tag","embeddable":true,"href":"https:\/\/arantv.az\/index.php?rest_route=%2Fwp%2Fv2%2Ftags&post=247737"}],"curies":[{"name":"wp","href":"https:\/\/api.w.org\/{rel}","templated":true}]}}