{"id":247749,"date":"2020-12-04T14:27:54","date_gmt":"2020-12-04T11:27:54","guid":{"rendered":"http:\/\/arantv.az\/?p=247749"},"modified":"2020-12-04T14:27:54","modified_gmt":"2020-12-04T11:27:54","slug":"s%c9%99hid-vusalin-bacisindan-ur%c9%99kdaglayan-sozl%c9%99r-c%c9%99mi-1-gun-sonra-foto","status":"publish","type":"post","link":"https:\/\/arantv.az\/?p=247749","title":{"rendered":"\u015e\u0259hid V\u00fcsal\u0131n bac\u0131s\u0131ndan \u00dcR\u018fKDA\u011eLAYAN S\u00d6ZL\u018fR: C\u0259mi 1 g\u00fcn sonra&#8230; &#8211; FOTO"},"content":{"rendered":"<p>V\u00fcsal qollar\u0131n\u0131 h\u0259r iki m\u0259kt\u0259bli u\u015fa\u011f\u0131n\u0131n boyununa dolam\u0131\u015fd\u0131. Sonra a\u015fa\u011f\u0131 \u0259yilib onlar\u0131n sa\u00e7lar\u0131n\u0131 s\u0131\u011fallad\u0131: &#8220;Dar\u0131xmay\u0131n! G\u00fccl\u00fc Ali Ba\u015f Komandan\u0131m\u0131z v\u0259 ordumuz var. Q\u0259l\u0259b\u0259 bizim olacaq v\u0259 siz dig\u0259r h\u0259rbi\u00e7i \u00f6vladlar\u0131 kimi q\u0259l\u0259b\u0259d\u0259n sonra h\u0259r zaman atan\u0131zla f\u0259xr ed\u0259c\u0259ksiniz&#8221;. O, aya\u011fa durdu v\u0259 onu n\u0259z\u0259rl\u0259ri il\u0259 yola salan h\u0259yat yolda\u015f\u0131na g\u00fcl\u00fcms\u0259y\u0259r\u0259k &#8220;Qaraba\u011f Az\u0259rbaycand\u0131r!&#8221; dedi.<\/p>\n<p><strong>ARANTV.AZ<\/strong>\u00a0\u00a0<a title=\"xeberler son xeberler 2020\" href=\"https:\/\/big.az\/\" target=\"_blank\" rel=\"noopener\">x\u0259b\u0259r<\/a>\u00a0verir ki, bu s\u00f6zl\u0259ri \u015eu\u015fan\u0131n azad edilm\u0259si u\u011frunda d\u00f6y\u00fc\u015fl\u0259rd\u0259 \u015f\u0259hid olmu\u015f \u015f\u0259hid V\u00fcsal M\u0259h\u0259rr\u0259movun bac\u0131s\u0131 G\u00fcl\u015fad Abbasova qeyd edib.<\/p>\n<div id=\"AdviadNativeVideo0\" class=\"AdviadNativeVideo\"><\/div>\n<p>O, qarda\u015f\u0131 il\u0259 ba\u011fl\u0131 q\u0259l\u0259m\u0259 ald\u0131\u011f\u0131 c\u00fcml\u0259l\u0259rd\u0259 deyir:<\/p>\n<p>&#8220;29 Sentyabr 2020-ci il&#8230; Minl\u0259rl\u0259 g\u0259ncimiz kimi M\u0259h\u0259rr\u0259mov V\u00fcsal Aslan o\u011flu \u0130kinci Qaraba\u011f Sava\u015f\u0131na qo\u015fulanlardan idi. 1979-cu ild\u0259 il Masall\u0131 rayon Hisk\u0259d\u0259r\u0259 k\u0259ndind\u0259 do\u011fulan V\u00fcsal h\u0259l\u0259 1997-2001-ci ill\u0259rd\u0259 G\u0259nc\u0259d\u0259 K\u0259nd T\u0259s\u0259rr\u00fcfat\u0131 Akademiyas\u0131nda t\u0259hsil alan zaman Murovda\u011f\u0131 y\u00fcks\u0259kliyi istiqam\u0259tin\u0259 baxaraq t\u0259l\u0259b\u0259 yolda\u015flar\u0131na zaman g\u0259l\u0259c\u0259k biz K\u0259lb\u0259c\u0259r\u0259 qay\u0131daca\u011f\u0131q deyirmi\u015f. V\u00fcsal\u0131n \u00fcr\u0259yind\u0259 h\u0259r zaman v\u0259t\u0259n-torpaq sevgisi var idi. 2003-c\u00fc ild\u0259 zabit kimi Nax\u00e7\u0131vanda h\u0259rbi xidm\u0259td\u0259 olan zaman h\u0259rbi sirrl\u0259ri daha d\u0259rind\u0259n \u00f6yr\u0259n\u0259n V\u00fcsal can\u0131ndan \u00e7ox sevdiyi v\u0259t\u0259n u\u011frundan d\u00f6y\u00fc\u015fl\u0259rd\u0259 i\u015ftirak etm\u0259k hissi il\u0259 ya\u015fay\u0131rd\u0131.<\/p>\n<p>15 il \u0259vv\u0259l ki\u00e7ik d\u00fcnyas\u0131n\u0131 yaratd\u0131 V\u00fcsal. G\u0259nc ail\u0259sind\u0259 v\u0259t\u0259n\u0259 2 \u0259sg\u0259r b\u00f6y\u00fcy\u00fcr. \u00d6z\u00fc is\u0259 B\u00f6y\u00fck Az\u0259rbaycan \u00fc\u00e7\u00fcn ya\u015fayar\u0131d\u0131, b\u00fct\u00fcn varl\u0131\u011f\u0131 il\u0259 \u00f6lk\u0259 \u00fc\u00e7\u00fcn \u00e7al\u0131\u015f\u0131rd\u0131&#8230;<\/p>\n<p>&#8220;\u015eu\u015fa \u015f\u0259h\u0259rini azad ed\u0259c\u0259yik. Birlikd\u0259 Qaraba\u011f\u0131n incisini ziyar\u0259t ed\u0259rik&#8221;&#8230;<\/p>\n<p>&#8211; V\u00fcsal \u00f6vladlar\u0131n sa\u00e7lar\u0131n\u0131 bir daha s\u0131\u011fallad\u0131. V\u0259 getdi&#8230; Can\u0131n\u0131 qurban ver\u0259c\u0259yi haqq \u015favas\u0131 \u00fc\u00e7\u00fcn getdi&#8230;<\/p>\n<p>7 Noyabr 2020-ci il tarixind\u0259 &#8211; \u015eu\u015fa \u015f\u0259h\u0259rinin i\u015f\u011faldan azad olunmas\u0131ndan bir g\u00fcn \u0259vv\u0259l&#8230; \u00d6lk\u0259mizin \u00fcr\u0259yi \u015eu\u015fa il\u0259 d\u00f6y\u00fcn\u00fcrd\u00fc. M\u0259hz q\u00fcrur \u015f\u0259h\u0259rimizin azad olunmas\u0131ndan bir g\u00fcn \u0259vv\u0259l \u00fcr\u0259yi il\u0259 yana\u015f\u0131 can\u0131 il\u0259 \u015eu\u015fan\u0131n azad olmas\u0131 u\u011frunda vuru\u015fan V\u00fcsal \u015fidd\u0259tli d\u00f6y\u00fc\u015fl\u0259rd\u0259 q\u0259hr\u0259mancas\u0131na g\u00f6zl\u0259rini \u0259b\u0259di yumdu. C\u0259mi 1 g\u00fcn sonra onun ruhu art\u0131q i\u015f\u011faldan azad olmu\u015f \u015eu\u015fa \u015f\u0259h\u0259rind\u0259 idi&#8230;<\/p>\n<p>\u0130ll\u0259r ke\u00e7\u0259c\u0259k, 29 oktyabr 2020-ci il atalar\u0131n\u0131 son d\u0259f\u0259 qucaqlayan 2 g\u0259nc g\u00fccl\u00fc v\u0259 b\u00fct\u00f6v Az\u0259rbaycan\u0131n inki\u015faf\u0131 namin\u0259 m\u0259hz \u015eu\u015fa \u015f\u0259h\u0259rind\u0259 \u00f6z h\u0259rbi andlarn\u0131 i\u00e7\u0259c\u0259kl\u0259r.<\/p>\n<p>&#8220;Salamat qal\u0131n&#8221; &#8211; ail\u0259si il\u0259 vidala\u015fan V\u00fcsal &#8220;\u018fn b\u00f6y\u00fck arzum \u015eu\u015fan\u0131n azad g\u00f6rm\u0259kdir&#8221;, dedi v\u0259 evinin qap\u0131s\u0131n\u0131 ba\u011flad\u0131, getdi d\u00f6y\u00fc\u015f \u015f\u00fcca\u0259ti il\u0259&#8230; O, minl\u0259rl\u0259 v\u0259t\u0259nda\u015f\u0131m\u0131z\u0131n 30 il ayr\u0131 qald\u0131\u011f\u0131 yurdlar\u0131na geri d\u00f6nm\u0259si \u00fc\u00e7\u00fcn onlar\u0131n evl\u0259rinin qap\u0131s\u0131n\u0131n a\u00e7\u0131lmas\u0131 namin\u0259 can\u0131n\u0131 f\u0259da ver\u0259nl\u0259rd\u0259n oldu.<\/p>\n<p>Bu q\u0259l\u0259b\u0259ni biz\u0259 ya\u015fadanlardan oldu\u011fun \u00fc\u00e7\u00fcn s\u0259nin ruhun qar\u015f\u0131nda ba\u015f \u0259yirik, V\u00fcsal! Yerin c\u0259nn\u0259tlik olsun. \u018fmin ol ki, h\u0259r zaman xalq\u0131m\u0131z\u0131n q\u0259lbind\u0259 ya\u015fayacaqsan!&#8221; (publika.az)<\/p>\n","protected":false},"excerpt":{"rendered":"<p>V\u00fcsal qollar\u0131n\u0131 h\u0259r iki m\u0259kt\u0259bli u\u015fa\u011f\u0131n\u0131n boyununa dolam\u0131\u015fd\u0131. Sonra a\u015fa\u011f\u0131 \u0259yilib onlar\u0131n sa\u00e7lar\u0131n\u0131 s\u0131\u011fallad\u0131: &#8220;Dar\u0131xmay\u0131n! G\u00fccl\u00fc Ali Ba\u015f Komandan\u0131m\u0131z v\u0259 ordumuz var. Q\u0259l\u0259b\u0259 bizim olacaq v\u0259 siz dig\u0259r h\u0259rbi\u00e7i \u00f6vladlar\u0131 kimi q\u0259l\u0259b\u0259d\u0259n sonra h\u0259r zaman atan\u0131zla f\u0259xr ed\u0259c\u0259ksiniz&#8221;. O, aya\u011fa durdu v\u0259 onu n\u0259z\u0259rl\u0259ri il\u0259 yola salan h\u0259yat yolda\u015f\u0131na g\u00fcl\u00fcms\u0259y\u0259r\u0259k &#8220;Qaraba\u011f Az\u0259rbaycand\u0131r!&#8221; dedi. ARANTV.AZ\u00a0\u00a0x\u0259b\u0259r\u00a0verir ki, bu s\u00f6zl\u0259ri \u015eu\u015fan\u0131n azad edilm\u0259si u\u011frunda d\u00f6y\u00fc\u015fl\u0259rd\u0259 \u015f\u0259hid olmu\u015f \u015f\u0259hid V\u00fcsal M\u0259h\u0259rr\u0259movun bac\u0131s\u0131 G\u00fcl\u015fad Abbasova qeyd edib. O, qarda\u015f\u0131 il\u0259 ba\u011fl\u0131 q\u0259l\u0259m\u0259 ald\u0131\u011f\u0131 c\u00fcml\u0259l\u0259rd\u0259 deyir: &#8220;29 Sentyabr 2020-ci il&#8230; Minl\u0259rl\u0259 g\u0259ncimiz kimi M\u0259h\u0259rr\u0259mov V\u00fcsal Aslan&hellip;<\/p>\n","protected":false},"author":2,"featured_media":247750,"comment_status":"closed","ping_status":"closed","sticky":false,"template":"","format":"standard","meta":{"om_disable_all_campaigns":false,"_monsterinsights_skip_tracking":false,"_monsterinsights_sitenote_active":false,"_monsterinsights_sitenote_note":"","_monsterinsights_sitenote_category":0},"categories":[26],"tags":[],"aioseo_notices":[],"gutentor_comment":0,"rttpg_featured_image_url":{"full":["https:\/\/arantv.az\/wp-content\/uploads\/2020\/12\/baci_21607079573.jpg",649,487,false],"landscape":["https:\/\/arantv.az\/wp-content\/uploads\/2020\/12\/baci_21607079573.jpg",649,487,false],"portraits":["https:\/\/arantv.az\/wp-content\/uploads\/2020\/12\/baci_21607079573.jpg",649,487,false],"thumbnail":["https:\/\/arantv.az\/wp-content\/uploads\/2020\/12\/baci_21607079573-150x150.jpg",150,150,true],"medium":["https:\/\/arantv.az\/wp-content\/uploads\/2020\/12\/baci_21607079573-300x225.jpg",300,225,true],"large":["https:\/\/arantv.az\/wp-content\/uploads\/2020\/12\/baci_21607079573.jpg",640,480,false],"1536x1536":["https:\/\/arantv.az\/wp-content\/uploads\/2020\/12\/baci_21607079573.jpg",649,487,false],"2048x2048":["https:\/\/arantv.az\/wp-content\/uploads\/2020\/12\/baci_21607079573.jpg",649,487,false],"post-thumbnail":["https:\/\/arantv.az\/wp-content\/uploads\/2020\/12\/baci_21607079573-240x172.jpg",240,172,true],"advps-thumb-one":["https:\/\/arantv.az\/wp-content\/uploads\/2020\/12\/baci_21607079573.jpg",649,487,false]},"rttpg_author":{"display_name":"V\u00fcsal Rafiqo\u011flu","author_link":"https:\/\/arantv.az\/?author=2"},"rttpg_comment":0,"rttpg_category":"<a href=\"https:\/\/arantv.az\/?cat=26\" rel=\"category\">Sosial<\/a>","rttpg_excerpt":"V\u00fcsal qollar\u0131n\u0131 h\u0259r iki m\u0259kt\u0259bli u\u015fa\u011f\u0131n\u0131n boyununa dolam\u0131\u015fd\u0131. Sonra a\u015fa\u011f\u0131 \u0259yilib onlar\u0131n sa\u00e7lar\u0131n\u0131 s\u0131\u011fallad\u0131: &#8220;Dar\u0131xmay\u0131n! G\u00fccl\u00fc Ali Ba\u015f Komandan\u0131m\u0131z v\u0259 ordumuz var. Q\u0259l\u0259b\u0259 bizim olacaq v\u0259 siz dig\u0259r h\u0259rbi\u00e7i \u00f6vladlar\u0131 kimi q\u0259l\u0259b\u0259d\u0259n sonra h\u0259r zaman atan\u0131zla f\u0259xr ed\u0259c\u0259ksiniz&#8221;. O, aya\u011fa durdu v\u0259 onu n\u0259z\u0259rl\u0259ri il\u0259 yola salan h\u0259yat yolda\u015f\u0131na g\u00fcl\u00fcms\u0259y\u0259r\u0259k &#8220;Qaraba\u011f Az\u0259rbaycand\u0131r!&#8221; dedi. ARANTV.AZ\u00a0\u00a0x\u0259b\u0259r\u00a0verir ki,&hellip;","_links":{"self":[{"href":"https:\/\/arantv.az\/index.php?rest_route=\/wp\/v2\/posts\/247749"}],"collection":[{"href":"https:\/\/arantv.az\/index.php?rest_route=\/wp\/v2\/posts"}],"about":[{"href":"https:\/\/arantv.az\/index.php?rest_route=\/wp\/v2\/types\/post"}],"author":[{"embeddable":true,"href":"https:\/\/arantv.az\/index.php?rest_route=\/wp\/v2\/users\/2"}],"replies":[{"embeddable":true,"href":"https:\/\/arantv.az\/index.php?rest_route=%2Fwp%2Fv2%2Fcomments&post=247749"}],"version-history":[{"count":0,"href":"https:\/\/arantv.az\/index.php?rest_route=\/wp\/v2\/posts\/247749\/revisions"}],"wp:featuredmedia":[{"embeddable":true,"href":"https:\/\/arantv.az\/index.php?rest_route=\/wp\/v2\/media\/247750"}],"wp:attachment":[{"href":"https:\/\/arantv.az\/index.php?rest_route=%2Fwp%2Fv2%2Fmedia&parent=247749"}],"wp:term":[{"taxonomy":"category","embeddable":true,"href":"https:\/\/arantv.az\/index.php?rest_route=%2Fwp%2Fv2%2Fcategories&post=247749"},{"taxonomy":"post_tag","embeddable":true,"href":"https:\/\/arantv.az\/index.php?rest_route=%2Fwp%2Fv2%2Ftags&post=247749"}],"curies":[{"name":"wp","href":"https:\/\/api.w.org\/{rel}","templated":true}]}}