{"id":247765,"date":"2020-12-04T14:30:51","date_gmt":"2020-12-04T11:30:51","guid":{"rendered":"http:\/\/arantv.az\/?p=247765"},"modified":"2020-12-04T14:30:51","modified_gmt":"2020-12-04T11:30:51","slug":"ukrayna-h%c9%99mis%c9%99-az%c9%99rbaycanin-%c9%99razi-butovluyunu-d%c9%99st%c9%99kl%c9%99yib-h%c9%99ms%c9%99dr","status":"publish","type":"post","link":"https:\/\/arantv.az\/?p=247765","title":{"rendered":"&#8220;Ukrayna h\u0259mi\u015f\u0259 Az\u0259rbaycan\u0131n \u0259razi b\u00fct\u00f6vl\u00fcy\u00fcn\u00fc d\u0259st\u0259kl\u0259yib&#8221; &#8211; H\u0259ms\u0259dr"},"content":{"rendered":"<p><strong>Ukrayna h\u0259mi\u015f\u0259 Az\u0259rbaycan\u0131n \u0259razi b\u00fct\u00f6vl\u00fcy\u00fcn\u00fc d\u0259st\u0259kl\u0259yib v\u0259 bundan sonra da d\u0259st\u0259kl\u0259y\u0259c\u0259k.<\/strong><\/p>\n<p><strong>ARANTV.AZ<\/strong>\u00a0<a href=\"http:\/\/az.trend.az\/\" target=\"_blank\" rel=\"noopener\">Trend<\/a>-\u0259 istinad\u0259n bildirir ki,\u00a0bunu Ukrayna-Az\u0259rbaycan parlamentl\u0259raras\u0131 \u0259laq\u0259l\u0259r \u00fczr\u0259 i\u015f\u00e7i qrupunun h\u0259ms\u0259dri Vladimir Kreydenko dekabr\u0131n 3-d\u0259 Az\u0259rbaycan-Ukrayna v\u0259 Ukrayna-Az\u0259rbaycan parlamentl\u0259raras\u0131 \u0259laq\u0259l\u0259r \u00fczr\u0259 i\u015f\u00e7i qruplar\u0131 aras\u0131nda videokonfrans format\u0131nda g\u00f6r\u00fc\u015fd\u0259 deyib.<\/p>\n<p>\u0130\u015f\u00e7i qrupunun h\u0259r iki h\u0259ms\u0259dri Az\u0259rbaycan\u0131 \u00f6z \u0259razi b\u00fct\u00f6vl\u00fcy\u00fcn\u00fc b\u0259rpa etm\u0259si m\u00fcnasib\u0259til\u0259 t\u0259brik edibl\u0259r. H\u0259ms\u0259drl\u0259r i\u015f\u011faldan azad edilmi\u015f Az\u0259rbaycan \u0259razil\u0259rind\u0259 tezlikl\u0259 iqtisadi inki\u015faf\u0131n v\u0259 infrastrukturun qurulmas\u0131n\u0131n t\u0259min edil\u0259c\u0259yin\u0259 \u0259minlikl\u0259rini ifad\u0259 edibl\u0259r. Qeyd olunub ki, \u00f6lk\u0259l\u0259rimiz aras\u0131nda m\u00fcnasib\u0259tl\u0259r qar\u015f\u0131l\u0131ql\u0131 h\u00f6rm\u0259t\u0259 v\u0259 etimada \u0259saslan\u0131r.<\/p>\n<p>Qeyd ed\u0259k ki, Ukrayna parlamentind\u0259 Az\u0259rbaycanla i\u015f\u00e7i qrupu \u0259n b\u00f6y\u00fck qruplardan biridir, 50-d\u0259n \u00e7ox \u00fczv\u00fc var. Qrup b\u00f6y\u00fck oldu\u011funa g\u00f6r\u0259 onun iki h\u0259ms\u0259dri var. Dig\u0259r h\u0259ms\u0259dr is\u0259 Valeriy Kolyuxdur.<\/p>\n","protected":false},"excerpt":{"rendered":"<p>Ukrayna h\u0259mi\u015f\u0259 Az\u0259rbaycan\u0131n \u0259razi b\u00fct\u00f6vl\u00fcy\u00fcn\u00fc d\u0259st\u0259kl\u0259yib v\u0259 bundan sonra da d\u0259st\u0259kl\u0259y\u0259c\u0259k. ARANTV.AZ\u00a0Trend-\u0259 istinad\u0259n bildirir ki,\u00a0bunu Ukrayna-Az\u0259rbaycan parlamentl\u0259raras\u0131 \u0259laq\u0259l\u0259r \u00fczr\u0259 i\u015f\u00e7i qrupunun h\u0259ms\u0259dri Vladimir Kreydenko dekabr\u0131n 3-d\u0259 Az\u0259rbaycan-Ukrayna v\u0259 Ukrayna-Az\u0259rbaycan parlamentl\u0259raras\u0131 \u0259laq\u0259l\u0259r \u00fczr\u0259 i\u015f\u00e7i qruplar\u0131 aras\u0131nda videokonfrans format\u0131nda g\u00f6r\u00fc\u015fd\u0259 deyib. \u0130\u015f\u00e7i qrupunun h\u0259r iki h\u0259ms\u0259dri Az\u0259rbaycan\u0131 \u00f6z \u0259razi b\u00fct\u00f6vl\u00fcy\u00fcn\u00fc b\u0259rpa etm\u0259si m\u00fcnasib\u0259til\u0259 t\u0259brik edibl\u0259r. H\u0259ms\u0259drl\u0259r i\u015f\u011faldan azad edilmi\u015f Az\u0259rbaycan \u0259razil\u0259rind\u0259 tezlikl\u0259 iqtisadi inki\u015faf\u0131n v\u0259 infrastrukturun qurulmas\u0131n\u0131n t\u0259min edil\u0259c\u0259yin\u0259 \u0259minlikl\u0259rini ifad\u0259 edibl\u0259r. Qeyd olunub ki, \u00f6lk\u0259l\u0259rimiz aras\u0131nda m\u00fcnasib\u0259tl\u0259r qar\u015f\u0131l\u0131ql\u0131 h\u00f6rm\u0259t\u0259 v\u0259 etimada \u0259saslan\u0131r. Qeyd ed\u0259k ki, Ukrayna parlamentind\u0259 Az\u0259rbaycanla i\u015f\u00e7i qrupu \u0259n&hellip;<\/p>\n","protected":false},"author":2,"featured_media":247766,"comment_status":"closed","ping_status":"closed","sticky":false,"template":"","format":"standard","meta":{"om_disable_all_campaigns":false,"_monsterinsights_skip_tracking":false,"_monsterinsights_sitenote_active":false,"_monsterinsights_sitenote_note":"","_monsterinsights_sitenote_category":0},"categories":[4],"tags":[],"aioseo_notices":[],"gutentor_comment":0,"rttpg_featured_image_url":{"full":["https:\/\/arantv.az\/wp-content\/uploads\/2020\/12\/902352.jpg",800,600,false],"landscape":["https:\/\/arantv.az\/wp-content\/uploads\/2020\/12\/902352.jpg",800,600,false],"portraits":["https:\/\/arantv.az\/wp-content\/uploads\/2020\/12\/902352.jpg",800,600,false],"thumbnail":["https:\/\/arantv.az\/wp-content\/uploads\/2020\/12\/902352-150x150.jpg",150,150,true],"medium":["https:\/\/arantv.az\/wp-content\/uploads\/2020\/12\/902352-300x225.jpg",300,225,true],"large":["https:\/\/arantv.az\/wp-content\/uploads\/2020\/12\/902352.jpg",640,480,false],"1536x1536":["https:\/\/arantv.az\/wp-content\/uploads\/2020\/12\/902352.jpg",800,600,false],"2048x2048":["https:\/\/arantv.az\/wp-content\/uploads\/2020\/12\/902352.jpg",800,600,false],"post-thumbnail":["https:\/\/arantv.az\/wp-content\/uploads\/2020\/12\/902352-240x172.jpg",240,172,true],"advps-thumb-one":["https:\/\/arantv.az\/wp-content\/uploads\/2020\/12\/902352.jpg",800,600,false]},"rttpg_author":{"display_name":"V\u00fcsal Rafiqo\u011flu","author_link":"https:\/\/arantv.az\/?author=2"},"rttpg_comment":0,"rttpg_category":"<a href=\"https:\/\/arantv.az\/?cat=4\" rel=\"category\">Siyas\u0259t<\/a>","rttpg_excerpt":"Ukrayna h\u0259mi\u015f\u0259 Az\u0259rbaycan\u0131n \u0259razi b\u00fct\u00f6vl\u00fcy\u00fcn\u00fc d\u0259st\u0259kl\u0259yib v\u0259 bundan sonra da d\u0259st\u0259kl\u0259y\u0259c\u0259k. ARANTV.AZ\u00a0Trend-\u0259 istinad\u0259n bildirir ki,\u00a0bunu Ukrayna-Az\u0259rbaycan parlamentl\u0259raras\u0131 \u0259laq\u0259l\u0259r \u00fczr\u0259 i\u015f\u00e7i qrupunun h\u0259ms\u0259dri Vladimir Kreydenko dekabr\u0131n 3-d\u0259 Az\u0259rbaycan-Ukrayna v\u0259 Ukrayna-Az\u0259rbaycan parlamentl\u0259raras\u0131 \u0259laq\u0259l\u0259r \u00fczr\u0259 i\u015f\u00e7i qruplar\u0131 aras\u0131nda videokonfrans format\u0131nda g\u00f6r\u00fc\u015fd\u0259 deyib. \u0130\u015f\u00e7i qrupunun h\u0259r iki h\u0259ms\u0259dri Az\u0259rbaycan\u0131 \u00f6z \u0259razi b\u00fct\u00f6vl\u00fcy\u00fcn\u00fc b\u0259rpa etm\u0259si m\u00fcnasib\u0259til\u0259 t\u0259brik edibl\u0259r. H\u0259ms\u0259drl\u0259r i\u015f\u011faldan&hellip;","_links":{"self":[{"href":"https:\/\/arantv.az\/index.php?rest_route=\/wp\/v2\/posts\/247765"}],"collection":[{"href":"https:\/\/arantv.az\/index.php?rest_route=\/wp\/v2\/posts"}],"about":[{"href":"https:\/\/arantv.az\/index.php?rest_route=\/wp\/v2\/types\/post"}],"author":[{"embeddable":true,"href":"https:\/\/arantv.az\/index.php?rest_route=\/wp\/v2\/users\/2"}],"replies":[{"embeddable":true,"href":"https:\/\/arantv.az\/index.php?rest_route=%2Fwp%2Fv2%2Fcomments&post=247765"}],"version-history":[{"count":0,"href":"https:\/\/arantv.az\/index.php?rest_route=\/wp\/v2\/posts\/247765\/revisions"}],"wp:featuredmedia":[{"embeddable":true,"href":"https:\/\/arantv.az\/index.php?rest_route=\/wp\/v2\/media\/247766"}],"wp:attachment":[{"href":"https:\/\/arantv.az\/index.php?rest_route=%2Fwp%2Fv2%2Fmedia&parent=247765"}],"wp:term":[{"taxonomy":"category","embeddable":true,"href":"https:\/\/arantv.az\/index.php?rest_route=%2Fwp%2Fv2%2Fcategories&post=247765"},{"taxonomy":"post_tag","embeddable":true,"href":"https:\/\/arantv.az\/index.php?rest_route=%2Fwp%2Fv2%2Ftags&post=247765"}],"curies":[{"name":"wp","href":"https:\/\/api.w.org\/{rel}","templated":true}]}}