{"id":247821,"date":"2020-12-04T15:18:02","date_gmt":"2020-12-04T12:18:02","guid":{"rendered":"http:\/\/arantv.az\/?p=247821"},"modified":"2020-12-04T15:18:02","modified_gmt":"2020-12-04T12:18:02","slug":"cudocularimiz-s%c9%99hidl%c9%99rimizi-bir-d%c9%99qiq%c9%99lik-sukutla-yad-edib","status":"publish","type":"post","link":"https:\/\/arantv.az\/?p=247821","title":{"rendered":"C\u00fcdo\u00e7ular\u0131m\u0131z \u015f\u0259hidl\u0259rimizi bir d\u0259qiq\u0259lik s\u00fckutla yad edib"},"content":{"rendered":"<p>Canlar\u0131n\u0131 Az\u0259rbaycan\u0131n \u0259razi b\u00fct\u00f6vl\u00fcy\u00fc yolunda qurban vermi\u015f V\u0259t\u0259n m\u00fcharib\u0259si \u015f\u0259hidl\u0259rinin \u0259ziz xatir\u0259si dekabr\u0131n 4-d\u0259 saat 12:00-da bir d\u0259qiq\u0259lik s\u00fckutla yad edilib.<\/p>\n<p>\u0130nsanlar \u015f\u0259hidl\u0259rimizin ruhu qar\u015f\u0131s\u0131nda ba\u015f \u0259yib, onlar\u0131n xatir\u0259sin\u0259 h\u00f6rm\u0259t v\u0259 ehtiramlar\u0131n\u0131 bir d\u0259qiq\u0259lik s\u00fckutla ifad\u0259 edibl\u0259r. D\u00f6vl\u0259t bayraqlar\u0131 endirilib, n\u0259qliyyat\u0131n h\u0259r\u0259k\u0259ti dayan\u0131b, avtomobill\u0259rd\u0259n, g\u0259mil\u0259rd\u0259n s\u0259s siqnallar\u0131 verilib.<\/p>\n<div id=\"AdviadNativeVideo0\" class=\"AdviadNativeVideo\"><\/div>\n<p>C\u00fcdo \u00fczr\u0259 ki\u015fil\u0259rd\u0259n v\u0259 qad\u0131nlardan ibar\u0259t Az\u0259rbaycan milli komandas\u0131n\u0131n \u00fczvl\u0259ri d\u0259 \u015f\u0259hidl\u0259rimizin xatir\u0259sini bir d\u0259qiq\u0259lik s\u00fckutla yad edibl\u0259r.<\/p>\n<p>Qeyd ed\u0259k ki, s\u00fckut d\u0259qiq\u0259si Prezident \u0130lham \u018fliyevin V\u0259t\u0259n m\u00fcharib\u0259si \u015f\u0259hidl\u0259rinin xatir\u0259sinin yad edilm\u0259si haqq\u0131nda S\u0259r\u0259ncam\u0131 il\u0259 elan olunub.<\/p>\n<p>Xat\u0131rladaq ki, V\u0259t\u0259n m\u00fcharib\u0259sind\u0259 Silahl\u0131 Q\u00fcvv\u0259l\u0259rimizin 2783 h\u0259rbi qulluq\u00e7usu h\u0259lak olub. H\u0259rbi \u0259m\u0259liyyatlar zaman\u0131 yaralanm\u0131\u015f 1245 \u0259sg\u0259r v\u0259 zabitin tibb m\u00fc\u0259ssis\u0259l\u0259rind\u0259 m\u00fcalic\u0259si davam etdirilir.<\/p>\n","protected":false},"excerpt":{"rendered":"<p>Canlar\u0131n\u0131 Az\u0259rbaycan\u0131n \u0259razi b\u00fct\u00f6vl\u00fcy\u00fc yolunda qurban vermi\u015f V\u0259t\u0259n m\u00fcharib\u0259si \u015f\u0259hidl\u0259rinin \u0259ziz xatir\u0259si dekabr\u0131n 4-d\u0259 saat 12:00-da bir d\u0259qiq\u0259lik s\u00fckutla yad edilib. \u0130nsanlar \u015f\u0259hidl\u0259rimizin ruhu qar\u015f\u0131s\u0131nda ba\u015f \u0259yib, onlar\u0131n xatir\u0259sin\u0259 h\u00f6rm\u0259t v\u0259 ehtiramlar\u0131n\u0131 bir d\u0259qiq\u0259lik s\u00fckutla ifad\u0259 edibl\u0259r. D\u00f6vl\u0259t bayraqlar\u0131 endirilib, n\u0259qliyyat\u0131n h\u0259r\u0259k\u0259ti dayan\u0131b, avtomobill\u0259rd\u0259n, g\u0259mil\u0259rd\u0259n s\u0259s siqnallar\u0131 verilib. C\u00fcdo \u00fczr\u0259 ki\u015fil\u0259rd\u0259n v\u0259 qad\u0131nlardan ibar\u0259t Az\u0259rbaycan milli komandas\u0131n\u0131n \u00fczvl\u0259ri d\u0259 \u015f\u0259hidl\u0259rimizin xatir\u0259sini bir d\u0259qiq\u0259lik s\u00fckutla yad edibl\u0259r. Qeyd ed\u0259k ki, s\u00fckut d\u0259qiq\u0259si Prezident \u0130lham \u018fliyevin V\u0259t\u0259n m\u00fcharib\u0259si \u015f\u0259hidl\u0259rinin xatir\u0259sinin yad edilm\u0259si haqq\u0131nda S\u0259r\u0259ncam\u0131 il\u0259 elan olunub. Xat\u0131rladaq ki, V\u0259t\u0259n m\u00fcharib\u0259sind\u0259 Silahl\u0131&hellip;<\/p>\n","protected":false},"author":2,"featured_media":247822,"comment_status":"closed","ping_status":"closed","sticky":false,"template":"","format":"standard","meta":{"om_disable_all_campaigns":false,"_monsterinsights_skip_tracking":false,"_monsterinsights_sitenote_active":false,"_monsterinsights_sitenote_note":"","_monsterinsights_sitenote_category":0},"categories":[6],"tags":[],"aioseo_notices":[],"gutentor_comment":0,"rttpg_featured_image_url":{"full":["https:\/\/arantv.az\/wp-content\/uploads\/2020\/12\/1607073201_whatsapp-image-2020-12-04-at-12.jpg",620,364,false],"landscape":["https:\/\/arantv.az\/wp-content\/uploads\/2020\/12\/1607073201_whatsapp-image-2020-12-04-at-12.jpg",620,364,false],"portraits":["https:\/\/arantv.az\/wp-content\/uploads\/2020\/12\/1607073201_whatsapp-image-2020-12-04-at-12.jpg",620,364,false],"thumbnail":["https:\/\/arantv.az\/wp-content\/uploads\/2020\/12\/1607073201_whatsapp-image-2020-12-04-at-12-150x150.jpg",150,150,true],"medium":["https:\/\/arantv.az\/wp-content\/uploads\/2020\/12\/1607073201_whatsapp-image-2020-12-04-at-12-300x176.jpg",300,176,true],"large":["https:\/\/arantv.az\/wp-content\/uploads\/2020\/12\/1607073201_whatsapp-image-2020-12-04-at-12.jpg",620,364,false],"1536x1536":["https:\/\/arantv.az\/wp-content\/uploads\/2020\/12\/1607073201_whatsapp-image-2020-12-04-at-12.jpg",620,364,false],"2048x2048":["https:\/\/arantv.az\/wp-content\/uploads\/2020\/12\/1607073201_whatsapp-image-2020-12-04-at-12.jpg",620,364,false],"post-thumbnail":["https:\/\/arantv.az\/wp-content\/uploads\/2020\/12\/1607073201_whatsapp-image-2020-12-04-at-12-240x172.jpg",240,172,true],"advps-thumb-one":["https:\/\/arantv.az\/wp-content\/uploads\/2020\/12\/1607073201_whatsapp-image-2020-12-04-at-12.jpg",620,364,false]},"rttpg_author":{"display_name":"V\u00fcsal Rafiqo\u011flu","author_link":"https:\/\/arantv.az\/?author=2"},"rttpg_comment":0,"rttpg_category":"<a href=\"https:\/\/arantv.az\/?cat=6\" rel=\"category\">\u0130dman<\/a>","rttpg_excerpt":"Canlar\u0131n\u0131 Az\u0259rbaycan\u0131n \u0259razi b\u00fct\u00f6vl\u00fcy\u00fc yolunda qurban vermi\u015f V\u0259t\u0259n m\u00fcharib\u0259si \u015f\u0259hidl\u0259rinin \u0259ziz xatir\u0259si dekabr\u0131n 4-d\u0259 saat 12:00-da bir d\u0259qiq\u0259lik s\u00fckutla yad edilib. \u0130nsanlar \u015f\u0259hidl\u0259rimizin ruhu qar\u015f\u0131s\u0131nda ba\u015f \u0259yib, onlar\u0131n xatir\u0259sin\u0259 h\u00f6rm\u0259t v\u0259 ehtiramlar\u0131n\u0131 bir d\u0259qiq\u0259lik s\u00fckutla ifad\u0259 edibl\u0259r. D\u00f6vl\u0259t bayraqlar\u0131 endirilib, n\u0259qliyyat\u0131n h\u0259r\u0259k\u0259ti dayan\u0131b, avtomobill\u0259rd\u0259n, g\u0259mil\u0259rd\u0259n s\u0259s siqnallar\u0131 verilib. C\u00fcdo \u00fczr\u0259 ki\u015fil\u0259rd\u0259n v\u0259 qad\u0131nlardan ibar\u0259t Az\u0259rbaycan&hellip;","_links":{"self":[{"href":"https:\/\/arantv.az\/index.php?rest_route=\/wp\/v2\/posts\/247821"}],"collection":[{"href":"https:\/\/arantv.az\/index.php?rest_route=\/wp\/v2\/posts"}],"about":[{"href":"https:\/\/arantv.az\/index.php?rest_route=\/wp\/v2\/types\/post"}],"author":[{"embeddable":true,"href":"https:\/\/arantv.az\/index.php?rest_route=\/wp\/v2\/users\/2"}],"replies":[{"embeddable":true,"href":"https:\/\/arantv.az\/index.php?rest_route=%2Fwp%2Fv2%2Fcomments&post=247821"}],"version-history":[{"count":0,"href":"https:\/\/arantv.az\/index.php?rest_route=\/wp\/v2\/posts\/247821\/revisions"}],"wp:featuredmedia":[{"embeddable":true,"href":"https:\/\/arantv.az\/index.php?rest_route=\/wp\/v2\/media\/247822"}],"wp:attachment":[{"href":"https:\/\/arantv.az\/index.php?rest_route=%2Fwp%2Fv2%2Fmedia&parent=247821"}],"wp:term":[{"taxonomy":"category","embeddable":true,"href":"https:\/\/arantv.az\/index.php?rest_route=%2Fwp%2Fv2%2Fcategories&post=247821"},{"taxonomy":"post_tag","embeddable":true,"href":"https:\/\/arantv.az\/index.php?rest_route=%2Fwp%2Fv2%2Ftags&post=247821"}],"curies":[{"name":"wp","href":"https:\/\/api.w.org\/{rel}","templated":true}]}}