{"id":247829,"date":"2020-12-04T15:24:59","date_gmt":"2020-12-04T12:24:59","guid":{"rendered":"http:\/\/arantv.az\/?p=247829"},"modified":"2020-12-04T15:24:59","modified_gmt":"2020-12-04T12:24:59","slug":"sentop-dagliq-qarabagi-tanima-q%c9%99rari-ver%c9%99n-parlament-yalniz-fransa-nagillarinda-ola-bil%c9%99r","status":"publish","type":"post","link":"https:\/\/arantv.az\/?p=247829","title":{"rendered":"\u015eentop: \u201cDa\u011fl\u0131q Qaraba\u011f\u0131 tan\u0131ma q\u0259rar\u0131 ver\u0259n parlament yaln\u0131z Fransa na\u011f\u0131llar\u0131nda ola bil\u0259r\u201d"},"content":{"rendered":"<p>T\u00fcrkiy\u0259 B\u00f6y\u00fck Mill\u0259t M\u0259clisinin s\u0259dri Mustafa \u015eentop Fransa parlamentinin qondarma \u201cDa\u011fl\u0131q Qaraba\u011f Respublikas\u0131\u201dn\u0131 tan\u0131ma\u011fa \u00e7a\u011f\u0131ran q\u0259rar\u0131n\u0131n t\u0259sdiql\u0259nm\u0259sin\u0259 m\u00fcnasib\u0259t bildirib.<\/p>\n<p>Bu bar\u0259d\u0259 \u201cAnadolu\u201d agentliyi m\u0259lumat yay\u0131b.<\/p>\n<p>\u015eentopun s\u00f6zl\u0259rin\u0259 g\u00f6r\u0259, bir d\u00f6vl\u0259t v\u0259 ya bir qurum tarixi v\u0259 h\u00fcquqi h\u0259qiq\u0259tl\u0259rd\u0259n uzaqla\u015faraq, yaln\u0131z \u0259sass\u0131z hissl\u0259rl\u0259 q\u0259rarlar ver\u0259rs\u0259, oyundan k\u0259narda qalacaq v\u0259 verdiyi s\u00f6z v\u0259 q\u0259rar ciddi q\u0259bul edilm\u0259y\u0259c\u0259k:<\/p>\n<div id=\"AdviadNativeVideo0\" class=\"AdviadNativeVideo\"><\/div>\n<p>\u201cD\u00f6vl\u0259t kimi var olmaq bu q\u0259d\u0259r asand\u0131rsa, d\u00f6vl\u0259t\u00e7iliyin l\u0259\u011fvi d\u0259 bel\u0259 asan olmal\u0131d\u0131r. Fransa Milli M\u0259clisi parlament olaraq ciddi h\u0259ms\u00f6hb\u0259t olmaq keyfiyy\u0259tini itirdi\u201d.<\/p>\n<p>\u015eentop qeyd edib ki, insan\u0131n haqq\u0131 il\u0259 h\u0259qiq\u0259tin f\u0259rqind\u0259 olmas\u0131 aras\u0131nda bir \u0259laq\u0259 var v\u0259 o, h\u0259qiq\u0259tin f\u0259rqin\u0259 varma\u011f\u0131 azald\u0131rsa, h\u00fcquqi c\u0259h\u0259td\u0259n d\u0259 haqq\u0131n\u0131 itirir:<\/p>\n<p>\u201cSiyas\u0259t\u00e7il\u0259rin s\u00f6zl\u0259ri v\u0259 q\u0259rarlar\u0131 il\u0259 ger\u00e7\u0259klik aras\u0131ndak\u0131 \u0259laq\u0259 d\u0259 bel\u0259dir. H\u0259qiq\u0259td\u0259n qopmaq siyasi s\u0259ri\u015ft\u0259ni \u015f\u00fcbh\u0259 alt\u0131na al\u0131r. Fransan\u0131n beyn\u0259lxalq al\u0259md\u0259 \u00e7ox s\u0259s-k\u00fcy yaratmas\u0131na baxmayaraq, artan h\u0259r\u0259k\u0259tsizliyi, \u0259laq\u0259siz m\u00fcnasib\u0259tini qorudu\u011fundan ir\u0259li g\u0259lir.<\/p>\n<p>Erm\u0259nistan da daxil olmaqla, d\u00fcnyada he\u00e7 bir d\u00f6vl\u0259t t\u0259r\u0259find\u0259n tan\u0131mayan, tan\u0131nma iddias\u0131\u00a0Erm\u0259nistan t\u0259r\u0259find\u0259n dil\u0259 bel\u0259 g\u0259tirilm\u0259y\u0259n Da\u011fl\u0131q Qaraba\u011f\u0131n d\u00f6vl\u0259t kimi tan\u0131nmas\u0131na q\u0259rar ver\u0259n bir parlament yaln\u0131z Fransa\u00a0na\u011f\u0131llar\u0131nda ola bil\u0259r.<\/p>\n<p>Beyn\u0259lxalq h\u00fcquqa g\u00f6r\u0259, Fransa H\u00f6kum\u0259ti d\u0259 Az\u0259rbaycana aid olduqlar\u0131n\u0131 q\u0259bul etdiyi torpaqlar\u0131 m\u00fcst\u0259qil d\u00f6vl\u0259t kimi tan\u0131maq q\u0259rar\u0131na g\u0259l\u0259n mill\u0259t v\u0259kill\u0259ri yaln\u0131z komediya aktyoru rolunu oynaya bil\u0259rl\u0259r.<\/p>\n<p>\u015eentob Fransa h\u00f6kum\u0259tini ciddi olma\u011fa d\u0259v\u0259t edib v\u0259 frans\u0131z xalq\u0131n\u0131n sa\u011flam d\u00fc\u015f\u00fcnc\u0259sin\u0259 inand\u0131\u011f\u0131n\u0131 deyib:<\/p>\n<p>\u201c\u0130nan\u0131r\u0131q ki, bu absurd q\u0259rar\u0131 q\u0259bul etm\u0259y\u0259c\u0259kl\u0259r\u201d.<\/p>\n","protected":false},"excerpt":{"rendered":"<p>T\u00fcrkiy\u0259 B\u00f6y\u00fck Mill\u0259t M\u0259clisinin s\u0259dri Mustafa \u015eentop Fransa parlamentinin qondarma \u201cDa\u011fl\u0131q Qaraba\u011f Respublikas\u0131\u201dn\u0131 tan\u0131ma\u011fa \u00e7a\u011f\u0131ran q\u0259rar\u0131n\u0131n t\u0259sdiql\u0259nm\u0259sin\u0259 m\u00fcnasib\u0259t bildirib. Bu bar\u0259d\u0259 \u201cAnadolu\u201d agentliyi m\u0259lumat yay\u0131b. \u015eentopun s\u00f6zl\u0259rin\u0259 g\u00f6r\u0259, bir d\u00f6vl\u0259t v\u0259 ya bir qurum tarixi v\u0259 h\u00fcquqi h\u0259qiq\u0259tl\u0259rd\u0259n uzaqla\u015faraq, yaln\u0131z \u0259sass\u0131z hissl\u0259rl\u0259 q\u0259rarlar ver\u0259rs\u0259, oyundan k\u0259narda qalacaq v\u0259 verdiyi s\u00f6z v\u0259 q\u0259rar ciddi q\u0259bul edilm\u0259y\u0259c\u0259k: \u201cD\u00f6vl\u0259t kimi var olmaq bu q\u0259d\u0259r asand\u0131rsa, d\u00f6vl\u0259t\u00e7iliyin l\u0259\u011fvi d\u0259 bel\u0259 asan olmal\u0131d\u0131r. Fransa Milli M\u0259clisi parlament olaraq ciddi h\u0259ms\u00f6hb\u0259t olmaq keyfiyy\u0259tini itirdi\u201d. \u015eentop qeyd edib ki, insan\u0131n haqq\u0131 il\u0259 h\u0259qiq\u0259tin f\u0259rqind\u0259 olmas\u0131 aras\u0131nda bir&hellip;<\/p>\n","protected":false},"author":2,"featured_media":247830,"comment_status":"closed","ping_status":"closed","sticky":false,"template":"","format":"standard","meta":{"om_disable_all_campaigns":false,"_monsterinsights_skip_tracking":false,"_monsterinsights_sitenote_active":false,"_monsterinsights_sitenote_note":"","_monsterinsights_sitenote_category":0},"categories":[4],"tags":[],"aioseo_notices":[],"gutentor_comment":0,"rttpg_featured_image_url":{"full":["https:\/\/arantv.az\/wp-content\/uploads\/2020\/12\/thumbs_b_c_b63bb30ef4893c2a0cb4dd245e88844f.jpg",620,349,false],"landscape":["https:\/\/arantv.az\/wp-content\/uploads\/2020\/12\/thumbs_b_c_b63bb30ef4893c2a0cb4dd245e88844f.jpg",620,349,false],"portraits":["https:\/\/arantv.az\/wp-content\/uploads\/2020\/12\/thumbs_b_c_b63bb30ef4893c2a0cb4dd245e88844f.jpg",620,349,false],"thumbnail":["https:\/\/arantv.az\/wp-content\/uploads\/2020\/12\/thumbs_b_c_b63bb30ef4893c2a0cb4dd245e88844f-150x150.jpg",150,150,true],"medium":["https:\/\/arantv.az\/wp-content\/uploads\/2020\/12\/thumbs_b_c_b63bb30ef4893c2a0cb4dd245e88844f-300x169.jpg",300,169,true],"large":["https:\/\/arantv.az\/wp-content\/uploads\/2020\/12\/thumbs_b_c_b63bb30ef4893c2a0cb4dd245e88844f.jpg",620,349,false],"1536x1536":["https:\/\/arantv.az\/wp-content\/uploads\/2020\/12\/thumbs_b_c_b63bb30ef4893c2a0cb4dd245e88844f.jpg",620,349,false],"2048x2048":["https:\/\/arantv.az\/wp-content\/uploads\/2020\/12\/thumbs_b_c_b63bb30ef4893c2a0cb4dd245e88844f.jpg",620,349,false],"post-thumbnail":["https:\/\/arantv.az\/wp-content\/uploads\/2020\/12\/thumbs_b_c_b63bb30ef4893c2a0cb4dd245e88844f-240x172.jpg",240,172,true],"advps-thumb-one":["https:\/\/arantv.az\/wp-content\/uploads\/2020\/12\/thumbs_b_c_b63bb30ef4893c2a0cb4dd245e88844f.jpg",620,349,false]},"rttpg_author":{"display_name":"V\u00fcsal Rafiqo\u011flu","author_link":"https:\/\/arantv.az\/?author=2"},"rttpg_comment":0,"rttpg_category":"<a href=\"https:\/\/arantv.az\/?cat=4\" rel=\"category\">Siyas\u0259t<\/a>","rttpg_excerpt":"T\u00fcrkiy\u0259 B\u00f6y\u00fck Mill\u0259t M\u0259clisinin s\u0259dri Mustafa \u015eentop Fransa parlamentinin qondarma \u201cDa\u011fl\u0131q Qaraba\u011f Respublikas\u0131\u201dn\u0131 tan\u0131ma\u011fa \u00e7a\u011f\u0131ran q\u0259rar\u0131n\u0131n t\u0259sdiql\u0259nm\u0259sin\u0259 m\u00fcnasib\u0259t bildirib. Bu bar\u0259d\u0259 \u201cAnadolu\u201d agentliyi m\u0259lumat yay\u0131b. \u015eentopun s\u00f6zl\u0259rin\u0259 g\u00f6r\u0259, bir d\u00f6vl\u0259t v\u0259 ya bir qurum tarixi v\u0259 h\u00fcquqi h\u0259qiq\u0259tl\u0259rd\u0259n uzaqla\u015faraq, yaln\u0131z \u0259sass\u0131z hissl\u0259rl\u0259 q\u0259rarlar ver\u0259rs\u0259, oyundan k\u0259narda qalacaq v\u0259 verdiyi s\u00f6z v\u0259 q\u0259rar ciddi q\u0259bul edilm\u0259y\u0259c\u0259k:&hellip;","_links":{"self":[{"href":"https:\/\/arantv.az\/index.php?rest_route=\/wp\/v2\/posts\/247829"}],"collection":[{"href":"https:\/\/arantv.az\/index.php?rest_route=\/wp\/v2\/posts"}],"about":[{"href":"https:\/\/arantv.az\/index.php?rest_route=\/wp\/v2\/types\/post"}],"author":[{"embeddable":true,"href":"https:\/\/arantv.az\/index.php?rest_route=\/wp\/v2\/users\/2"}],"replies":[{"embeddable":true,"href":"https:\/\/arantv.az\/index.php?rest_route=%2Fwp%2Fv2%2Fcomments&post=247829"}],"version-history":[{"count":0,"href":"https:\/\/arantv.az\/index.php?rest_route=\/wp\/v2\/posts\/247829\/revisions"}],"wp:featuredmedia":[{"embeddable":true,"href":"https:\/\/arantv.az\/index.php?rest_route=\/wp\/v2\/media\/247830"}],"wp:attachment":[{"href":"https:\/\/arantv.az\/index.php?rest_route=%2Fwp%2Fv2%2Fmedia&parent=247829"}],"wp:term":[{"taxonomy":"category","embeddable":true,"href":"https:\/\/arantv.az\/index.php?rest_route=%2Fwp%2Fv2%2Fcategories&post=247829"},{"taxonomy":"post_tag","embeddable":true,"href":"https:\/\/arantv.az\/index.php?rest_route=%2Fwp%2Fv2%2Ftags&post=247829"}],"curies":[{"name":"wp","href":"https:\/\/api.w.org\/{rel}","templated":true}]}}