{"id":247833,"date":"2020-12-04T15:25:23","date_gmt":"2020-12-04T12:25:23","guid":{"rendered":"http:\/\/arantv.az\/?p=247833"},"modified":"2020-12-04T15:25:23","modified_gmt":"2020-12-04T12:25:23","slug":"ismayillida-yasadigi-unvani-t%c9%99rk-ed%c9%99n-daha-bir-koronavirus-x%c9%99st%c9%99si-saxlanildi","status":"publish","type":"post","link":"https:\/\/arantv.az\/?p=247833","title":{"rendered":"\u0130smay\u0131ll\u0131da ya\u015fad\u0131\u011f\u0131 \u00fcnvan\u0131 t\u0259rk ed\u0259n daha bir koronavirus x\u0259st\u0259si saxlan\u0131ld\u0131"},"content":{"rendered":"<p>\u0130smay\u0131ll\u0131da koronavirus x\u0259st\u0259sinin ya\u015fad\u0131\u011f\u0131 \u00fcnvan\u0131 t\u0259rk etm\u0259si bar\u0259d\u0259 Polis \u015e\u00f6b\u0259sin\u0259 m\u0259lumat daxil olub.<\/p>\n<div id=\"AdviadNativeVideo0\" class=\"AdviadNativeVideo\"><\/div>\n<p>Bu bar\u0259d\u0259 Daxili \u0130\u015fl\u0259r Nazirliyinin (D\u0130N) M\u0259tbuat Xidm\u0259tinin \u015e\u0259ki regional qrupundan m\u0259lumat verilib.<\/p>\n<p>Bildirilib ki, rayon sakini V\u00fcqar Ziliyevin COVID-19 testinin n\u0259tic\u0259si pozitiv oldu\u011funa g\u00f6r\u0259 ona ev \u015f\u0259raitind\u0259 m\u00fcalic\u0259 t\u0259yin edils\u0259 d\u0259 o, ya\u015fad\u0131\u011f\u0131 \u00fcnvan\u0131 t\u0259rk edib. Polis \u0259m\u0259kda\u015flar\u0131 t\u0259r\u0259find\u0259n k\u00fc\u00e7\u0259d\u0259 h\u0259r\u0259k\u0259td\u0259 olark\u0259n a\u015fkarlanan h\u0259min \u015f\u0259xs d\u0259rhal ya\u015fad\u0131\u011f\u0131 \u00fcnvana geri g\u00f6nd\u0259rilib.<br \/>\nOnun bar\u0259sind\u0259 \u0130smay\u0131ll\u0131 Rayon Polis \u015e\u00f6b\u0259sinin \u0130stintaq b\u00f6lm\u0259sind\u0259 cinay\u0259t i\u015fi ba\u015flan\u0131l\u0131b.<\/p>\n","protected":false},"excerpt":{"rendered":"<p>\u0130smay\u0131ll\u0131da koronavirus x\u0259st\u0259sinin ya\u015fad\u0131\u011f\u0131 \u00fcnvan\u0131 t\u0259rk etm\u0259si bar\u0259d\u0259 Polis \u015e\u00f6b\u0259sin\u0259 m\u0259lumat daxil olub. Bu bar\u0259d\u0259 Daxili \u0130\u015fl\u0259r Nazirliyinin (D\u0130N) M\u0259tbuat Xidm\u0259tinin \u015e\u0259ki regional qrupundan m\u0259lumat verilib. Bildirilib ki, rayon sakini V\u00fcqar Ziliyevin COVID-19 testinin n\u0259tic\u0259si pozitiv oldu\u011funa g\u00f6r\u0259 ona ev \u015f\u0259raitind\u0259 m\u00fcalic\u0259 t\u0259yin edils\u0259 d\u0259 o, ya\u015fad\u0131\u011f\u0131 \u00fcnvan\u0131 t\u0259rk edib. Polis \u0259m\u0259kda\u015flar\u0131 t\u0259r\u0259find\u0259n k\u00fc\u00e7\u0259d\u0259 h\u0259r\u0259k\u0259td\u0259 olark\u0259n a\u015fkarlanan h\u0259min \u015f\u0259xs d\u0259rhal ya\u015fad\u0131\u011f\u0131 \u00fcnvana geri g\u00f6nd\u0259rilib. Onun bar\u0259sind\u0259 \u0130smay\u0131ll\u0131 Rayon Polis \u015e\u00f6b\u0259sinin \u0130stintaq b\u00f6lm\u0259sind\u0259 cinay\u0259t i\u015fi ba\u015flan\u0131l\u0131b.<\/p>\n","protected":false},"author":2,"featured_media":247834,"comment_status":"closed","ping_status":"closed","sticky":false,"template":"","format":"standard","meta":{"om_disable_all_campaigns":false,"_monsterinsights_skip_tracking":false,"_monsterinsights_sitenote_active":false,"_monsterinsights_sitenote_note":"","_monsterinsights_sitenote_category":0},"categories":[26],"tags":[],"aioseo_notices":[],"gutentor_comment":0,"rttpg_featured_image_url":{"full":["https:\/\/arantv.az\/wp-content\/uploads\/2020\/12\/FOTO.jpg",620,465,false],"landscape":["https:\/\/arantv.az\/wp-content\/uploads\/2020\/12\/FOTO.jpg",620,465,false],"portraits":["https:\/\/arantv.az\/wp-content\/uploads\/2020\/12\/FOTO.jpg",620,465,false],"thumbnail":["https:\/\/arantv.az\/wp-content\/uploads\/2020\/12\/FOTO-150x150.jpg",150,150,true],"medium":["https:\/\/arantv.az\/wp-content\/uploads\/2020\/12\/FOTO-300x225.jpg",300,225,true],"large":["https:\/\/arantv.az\/wp-content\/uploads\/2020\/12\/FOTO.jpg",620,465,false],"1536x1536":["https:\/\/arantv.az\/wp-content\/uploads\/2020\/12\/FOTO.jpg",620,465,false],"2048x2048":["https:\/\/arantv.az\/wp-content\/uploads\/2020\/12\/FOTO.jpg",620,465,false],"post-thumbnail":["https:\/\/arantv.az\/wp-content\/uploads\/2020\/12\/FOTO-240x172.jpg",240,172,true],"advps-thumb-one":["https:\/\/arantv.az\/wp-content\/uploads\/2020\/12\/FOTO.jpg",620,465,false]},"rttpg_author":{"display_name":"V\u00fcsal Rafiqo\u011flu","author_link":"https:\/\/arantv.az\/?author=2"},"rttpg_comment":0,"rttpg_category":"<a href=\"https:\/\/arantv.az\/?cat=26\" rel=\"category\">Sosial<\/a>","rttpg_excerpt":"\u0130smay\u0131ll\u0131da koronavirus x\u0259st\u0259sinin ya\u015fad\u0131\u011f\u0131 \u00fcnvan\u0131 t\u0259rk etm\u0259si bar\u0259d\u0259 Polis \u015e\u00f6b\u0259sin\u0259 m\u0259lumat daxil olub. Bu bar\u0259d\u0259 Daxili \u0130\u015fl\u0259r Nazirliyinin (D\u0130N) M\u0259tbuat Xidm\u0259tinin \u015e\u0259ki regional qrupundan m\u0259lumat verilib. Bildirilib ki, rayon sakini V\u00fcqar Ziliyevin COVID-19 testinin n\u0259tic\u0259si pozitiv oldu\u011funa g\u00f6r\u0259 ona ev \u015f\u0259raitind\u0259 m\u00fcalic\u0259 t\u0259yin edils\u0259 d\u0259 o, ya\u015fad\u0131\u011f\u0131 \u00fcnvan\u0131 t\u0259rk edib. Polis \u0259m\u0259kda\u015flar\u0131 t\u0259r\u0259find\u0259n k\u00fc\u00e7\u0259d\u0259 h\u0259r\u0259k\u0259td\u0259&hellip;","_links":{"self":[{"href":"https:\/\/arantv.az\/index.php?rest_route=\/wp\/v2\/posts\/247833"}],"collection":[{"href":"https:\/\/arantv.az\/index.php?rest_route=\/wp\/v2\/posts"}],"about":[{"href":"https:\/\/arantv.az\/index.php?rest_route=\/wp\/v2\/types\/post"}],"author":[{"embeddable":true,"href":"https:\/\/arantv.az\/index.php?rest_route=\/wp\/v2\/users\/2"}],"replies":[{"embeddable":true,"href":"https:\/\/arantv.az\/index.php?rest_route=%2Fwp%2Fv2%2Fcomments&post=247833"}],"version-history":[{"count":0,"href":"https:\/\/arantv.az\/index.php?rest_route=\/wp\/v2\/posts\/247833\/revisions"}],"wp:featuredmedia":[{"embeddable":true,"href":"https:\/\/arantv.az\/index.php?rest_route=\/wp\/v2\/media\/247834"}],"wp:attachment":[{"href":"https:\/\/arantv.az\/index.php?rest_route=%2Fwp%2Fv2%2Fmedia&parent=247833"}],"wp:term":[{"taxonomy":"category","embeddable":true,"href":"https:\/\/arantv.az\/index.php?rest_route=%2Fwp%2Fv2%2Fcategories&post=247833"},{"taxonomy":"post_tag","embeddable":true,"href":"https:\/\/arantv.az\/index.php?rest_route=%2Fwp%2Fv2%2Ftags&post=247833"}],"curies":[{"name":"wp","href":"https:\/\/api.w.org\/{rel}","templated":true}]}}