{"id":247841,"date":"2020-12-04T15:44:13","date_gmt":"2020-12-04T12:44:13","guid":{"rendered":"http:\/\/arantv.az\/?p=247841"},"modified":"2020-12-04T15:44:13","modified_gmt":"2020-12-04T12:44:13","slug":"%c9%99rdogan-makrona-az%c9%99rbaycan-prezidentinin-tovsiy%c9%99si-il%c9%99-cavab-verdi-video","status":"publish","type":"post","link":"https:\/\/arantv.az\/?p=247841","title":{"rendered":"\u018frdo\u011fan Makrona Az\u0259rbaycan Prezidentinin t\u00f6vsiy\u0259si il\u0259 cavab verdi &#8211; V\u0130DEO"},"content":{"rendered":"<article class=\"news\">\n<div class=\"news-inner\">\n<p>\u201c\u018fziz qarda\u015f\u0131m \u0130lham \u018fliyevin Fransaya bir t\u00f6vsiy\u0259si var. O\u00a0deyib ki, erm\u0259nil\u0259ri bu q\u0259d\u0259r sevirl\u0259rs\u0259, Marseli onlara versinl\u0259r. M\u0259n d\u0259 eyni m\u0259sl\u0259h\u0259ti verir\u0259m\u201d.<\/p>\n<p>\u201cHaberGlobal\u201d\u0131n m\u0259lumat\u0131na g\u00f6r\u0259, bunu T\u00fcrkiy\u0259 Prezidenti R\u0259c\u0259b Tayyib \u018frdo\u011fan Aya Sofya m\u0259scid muzeyind\u0259 \u00e7\u0131x\u0131\u015f ed\u0259rk\u0259n bildirib.<\/p>\n<p>O, h\u0259mkar\u0131 Emmanuel Makronu Fransan\u0131n ba\u015f\u0131na b\u0259la adland\u0131raraq, onun r\u0259hb\u0259rliyi alt\u0131nda \u00f6lk\u0259nin \u00e7ox t\u0259hl\u00fck\u0259li d\u00f6vr ya\u015fad\u0131\u011f\u0131n\u0131 vur\u011fulay\u0131b.<\/p>\n<div id=\"AdviadNativeVideo0\" class=\"AdviadNativeVideo\"><\/div>\n<p>\u201c\u00dcmid edir\u0259m ki, Fransa Makron b\u0259las\u0131ndan qurtaracaq. \u201cSar\u0131 jiletl\u0259r\u201d \u201cq\u0131rm\u0131z\u0131 jiletl\u0259r\u201d\u0259 \u00e7evril\u0259 bil\u0259r. \u0130dar\u0259 olaraq hans\u0131 q\u0259rar\u0131 ver\u0259c\u0259kl\u0259rini g\u00f6r\u0259c\u0259yik\u201d, &#8211; dey\u0259 o\u00a0bildirib.<\/p>\n<p>R.T.\u018frdo\u011fan, h\u0259m\u00e7inin, Minsk Qrupunun Qaraba\u011f m\u0259s\u0259l\u0259sind\u0259 vasit\u0259\u00e7ilik roluna toxunub v\u0259 qeyd edib ki, Fransa art\u0131q vasit\u0259\u00e7ilik rolunu itirib.<\/p>\n<p>Xat\u0131rladaq ki, Az\u0259rbaycan Prezidenti \u0130lham \u018fliyev\u00a0 Fransa Senat\u0131n\u0131n\u00a0 Da\u011fl\u0131q Qaraba\u011f\u0131n \u201cm\u00fcst\u0259qilliyini tan\u0131mas\u0131\u201d il\u0259 \u0259laq\u0259dar h\u00f6kum\u0259t\u0259 \u00e7a\u011f\u0131r\u0131\u015f\u0131na m\u00fcnasib\u0259t bildir\u0259rk\u0259n, Paris\u0259 \u201c\u00e7ox ist\u0259yirs\u0259, Marseli erm\u0259nil\u0259r\u0259 verm\u0259l\u0259rini\u201d t\u0259klif etmi\u015fdi.<\/p>\n<div><iframe loading=\"lazy\" src=\"https:\/\/www.youtube.com\/embed\/UEkIwkSxCcA\" width=\"560\" height=\"315\" frameborder=\"0\" allowfullscreen=\"allowfullscreen\" data-mce-fragment=\"1\"><\/iframe><\/div>\n<\/div>\n<\/article>\n<h2 class=\"news-share-title\"><\/h2>\n","protected":false},"excerpt":{"rendered":"<p>\u201c\u018fziz qarda\u015f\u0131m \u0130lham \u018fliyevin Fransaya bir t\u00f6vsiy\u0259si var. O\u00a0deyib ki, erm\u0259nil\u0259ri bu q\u0259d\u0259r sevirl\u0259rs\u0259, Marseli onlara versinl\u0259r. M\u0259n d\u0259 eyni m\u0259sl\u0259h\u0259ti verir\u0259m\u201d. \u201cHaberGlobal\u201d\u0131n m\u0259lumat\u0131na g\u00f6r\u0259, bunu T\u00fcrkiy\u0259 Prezidenti R\u0259c\u0259b Tayyib \u018frdo\u011fan Aya Sofya m\u0259scid muzeyind\u0259 \u00e7\u0131x\u0131\u015f ed\u0259rk\u0259n bildirib. O, h\u0259mkar\u0131 Emmanuel Makronu Fransan\u0131n ba\u015f\u0131na b\u0259la adland\u0131raraq, onun r\u0259hb\u0259rliyi alt\u0131nda \u00f6lk\u0259nin \u00e7ox t\u0259hl\u00fck\u0259li d\u00f6vr ya\u015fad\u0131\u011f\u0131n\u0131 vur\u011fulay\u0131b. \u201c\u00dcmid edir\u0259m ki, Fransa Makron b\u0259las\u0131ndan qurtaracaq. \u201cSar\u0131 jiletl\u0259r\u201d \u201cq\u0131rm\u0131z\u0131 jiletl\u0259r\u201d\u0259 \u00e7evril\u0259 bil\u0259r. \u0130dar\u0259 olaraq hans\u0131 q\u0259rar\u0131 ver\u0259c\u0259kl\u0259rini g\u00f6r\u0259c\u0259yik\u201d, &#8211; dey\u0259 o\u00a0bildirib. R.T.\u018frdo\u011fan, h\u0259m\u00e7inin, Minsk Qrupunun Qaraba\u011f m\u0259s\u0259l\u0259sind\u0259 vasit\u0259\u00e7ilik roluna toxunub v\u0259 qeyd edib ki,&hellip;<\/p>\n","protected":false},"author":2,"featured_media":247842,"comment_status":"closed","ping_status":"closed","sticky":false,"template":"","format":"standard","meta":{"om_disable_all_campaigns":false,"_monsterinsights_skip_tracking":false,"_monsterinsights_sitenote_active":false,"_monsterinsights_sitenote_note":"","_monsterinsights_sitenote_category":0},"categories":[4],"tags":[],"aioseo_notices":[],"gutentor_comment":0,"rttpg_featured_image_url":{"full":["https:\/\/arantv.az\/wp-content\/uploads\/2020\/12\/WhatsApp-Image-2020-12-04-at-16.29.27.jpg",620,348,false],"landscape":["https:\/\/arantv.az\/wp-content\/uploads\/2020\/12\/WhatsApp-Image-2020-12-04-at-16.29.27.jpg",620,348,false],"portraits":["https:\/\/arantv.az\/wp-content\/uploads\/2020\/12\/WhatsApp-Image-2020-12-04-at-16.29.27.jpg",620,348,false],"thumbnail":["https:\/\/arantv.az\/wp-content\/uploads\/2020\/12\/WhatsApp-Image-2020-12-04-at-16.29.27-150x150.jpg",150,150,true],"medium":["https:\/\/arantv.az\/wp-content\/uploads\/2020\/12\/WhatsApp-Image-2020-12-04-at-16.29.27-300x168.jpg",300,168,true],"large":["https:\/\/arantv.az\/wp-content\/uploads\/2020\/12\/WhatsApp-Image-2020-12-04-at-16.29.27.jpg",620,348,false],"1536x1536":["https:\/\/arantv.az\/wp-content\/uploads\/2020\/12\/WhatsApp-Image-2020-12-04-at-16.29.27.jpg",620,348,false],"2048x2048":["https:\/\/arantv.az\/wp-content\/uploads\/2020\/12\/WhatsApp-Image-2020-12-04-at-16.29.27.jpg",620,348,false],"post-thumbnail":["https:\/\/arantv.az\/wp-content\/uploads\/2020\/12\/WhatsApp-Image-2020-12-04-at-16.29.27-240x172.jpg",240,172,true],"advps-thumb-one":["https:\/\/arantv.az\/wp-content\/uploads\/2020\/12\/WhatsApp-Image-2020-12-04-at-16.29.27.jpg",620,348,false]},"rttpg_author":{"display_name":"V\u00fcsal Rafiqo\u011flu","author_link":"https:\/\/arantv.az\/?author=2"},"rttpg_comment":0,"rttpg_category":"<a href=\"https:\/\/arantv.az\/?cat=4\" rel=\"category\">Siyas\u0259t<\/a>","rttpg_excerpt":"\u201c\u018fziz qarda\u015f\u0131m \u0130lham \u018fliyevin Fransaya bir t\u00f6vsiy\u0259si var. O\u00a0deyib ki, erm\u0259nil\u0259ri bu q\u0259d\u0259r sevirl\u0259rs\u0259, Marseli onlara versinl\u0259r. M\u0259n d\u0259 eyni m\u0259sl\u0259h\u0259ti verir\u0259m\u201d. \u201cHaberGlobal\u201d\u0131n m\u0259lumat\u0131na g\u00f6r\u0259, bunu T\u00fcrkiy\u0259 Prezidenti R\u0259c\u0259b Tayyib \u018frdo\u011fan Aya Sofya m\u0259scid muzeyind\u0259 \u00e7\u0131x\u0131\u015f ed\u0259rk\u0259n bildirib. O, h\u0259mkar\u0131 Emmanuel Makronu Fransan\u0131n ba\u015f\u0131na b\u0259la adland\u0131raraq, onun r\u0259hb\u0259rliyi alt\u0131nda \u00f6lk\u0259nin \u00e7ox t\u0259hl\u00fck\u0259li d\u00f6vr ya\u015fad\u0131\u011f\u0131n\u0131 vur\u011fulay\u0131b.&hellip;","_links":{"self":[{"href":"https:\/\/arantv.az\/index.php?rest_route=\/wp\/v2\/posts\/247841"}],"collection":[{"href":"https:\/\/arantv.az\/index.php?rest_route=\/wp\/v2\/posts"}],"about":[{"href":"https:\/\/arantv.az\/index.php?rest_route=\/wp\/v2\/types\/post"}],"author":[{"embeddable":true,"href":"https:\/\/arantv.az\/index.php?rest_route=\/wp\/v2\/users\/2"}],"replies":[{"embeddable":true,"href":"https:\/\/arantv.az\/index.php?rest_route=%2Fwp%2Fv2%2Fcomments&post=247841"}],"version-history":[{"count":0,"href":"https:\/\/arantv.az\/index.php?rest_route=\/wp\/v2\/posts\/247841\/revisions"}],"wp:featuredmedia":[{"embeddable":true,"href":"https:\/\/arantv.az\/index.php?rest_route=\/wp\/v2\/media\/247842"}],"wp:attachment":[{"href":"https:\/\/arantv.az\/index.php?rest_route=%2Fwp%2Fv2%2Fmedia&parent=247841"}],"wp:term":[{"taxonomy":"category","embeddable":true,"href":"https:\/\/arantv.az\/index.php?rest_route=%2Fwp%2Fv2%2Fcategories&post=247841"},{"taxonomy":"post_tag","embeddable":true,"href":"https:\/\/arantv.az\/index.php?rest_route=%2Fwp%2Fv2%2Ftags&post=247841"}],"curies":[{"name":"wp","href":"https:\/\/api.w.org\/{rel}","templated":true}]}}