{"id":247845,"date":"2020-12-04T15:44:46","date_gmt":"2020-12-04T12:44:46","guid":{"rendered":"http:\/\/arantv.az\/?p=247845"},"modified":"2020-12-04T15:44:46","modified_gmt":"2020-12-04T12:44:46","slug":"ucarda-yasadigi-unvani-t%c9%99rk-ed%c9%99n-covid-19-x%c9%99st%c9%99si-saxlanildi","status":"publish","type":"post","link":"https:\/\/arantv.az\/?p=247845","title":{"rendered":"Ucarda ya\u015fad\u0131\u011f\u0131 \u00fcnvan\u0131 t\u0259rk ed\u0259n COVID-19 x\u0259st\u0259si saxlan\u0131ld\u0131"},"content":{"rendered":"<p>Ucarda karantin qaydalar\u0131n\u0131 pozaraq ya\u015fay\u0131\u015f yerini t\u0259rk ed\u0259n\u00a0koronavirus x\u0259st\u0259si bar\u0259d\u0259 qanunam\u00fcvafiq t\u0259dbir g\u00f6r\u00fcl\u00fcb.<\/p>\n<p>Bu bar\u0259d\u0259 Daxili \u0130\u015fl\u0259r Nazirliyinin (D\u0130N) M\u0259tbuat Xidm\u0259tinin B\u0259rd\u0259 regional qrupundan veril\u0259n m\u0259lumatda qeyd olunub.<\/p>\n<div id=\"AdviadNativeVideo0\" class=\"AdviadNativeVideo\"><\/div>\n<p>Bildirilib ki, Ucar Rayon Polis \u015e\u00f6b\u0259sinin (RP\u015e) \u0259m\u0259kda\u015flar\u0131 t\u0259r\u0259find\u0259n h\u0259yata ke\u00e7irilmi\u015f t\u0259dbirl\u0259r n\u0259tic\u0259sind\u0259 COVID-19 x\u0259st\u0259si kimi qeydiyyatda olan\u00a0rayon sakini V. Z\u00fclf\u00fcqarovun ya\u015fad\u0131\u011f\u0131 \u00fcnvan\u0131 t\u0259rk ed\u0259r\u0259k karantin qaydalar\u0131n\u0131 kobud \u015f\u0259kild\u0259 pozdu\u011fu m\u00fc\u0259yy\u0259n edilib. H\u0259min \u015f\u0259xs m\u00fc\u0259yy\u0259n edildiyi \u0259razid\u0259n polis \u0259m\u0259kda\u015flar\u0131n\u0131n m\u00fc\u015fayi\u0259ti il\u0259 m\u00fcalic\u0259 ald\u0131\u011f\u0131 \u00fcnvana apar\u0131l\u0131b. Onunla proflaktiki m\u00f6vzuda s\u00f6hb\u0259tl\u0259r apar\u0131l\u0131b, t\u0259yin edilmi\u015f m\u00fcalic\u0259nin davam etdirilm\u0259si \u00fc\u00e7\u00fcn evd\u0259 qalma\u011f\u0131n\u0131n z\u0259ruruliyi diqq\u0259tin\u0259 \u00e7atd\u0131r\u0131l\u0131b.<\/p>\n<p>Ucar RP\u015e-nin \u0130stintaq b\u00f6lm\u0259sind\u0259 ara\u015fd\u0131rma apar\u0131l\u0131r.<\/p>\n","protected":false},"excerpt":{"rendered":"<p>Ucarda karantin qaydalar\u0131n\u0131 pozaraq ya\u015fay\u0131\u015f yerini t\u0259rk ed\u0259n\u00a0koronavirus x\u0259st\u0259si bar\u0259d\u0259 qanunam\u00fcvafiq t\u0259dbir g\u00f6r\u00fcl\u00fcb. Bu bar\u0259d\u0259 Daxili \u0130\u015fl\u0259r Nazirliyinin (D\u0130N) M\u0259tbuat Xidm\u0259tinin B\u0259rd\u0259 regional qrupundan veril\u0259n m\u0259lumatda qeyd olunub. Bildirilib ki, Ucar Rayon Polis \u015e\u00f6b\u0259sinin (RP\u015e) \u0259m\u0259kda\u015flar\u0131 t\u0259r\u0259find\u0259n h\u0259yata ke\u00e7irilmi\u015f t\u0259dbirl\u0259r n\u0259tic\u0259sind\u0259 COVID-19 x\u0259st\u0259si kimi qeydiyyatda olan\u00a0rayon sakini V. Z\u00fclf\u00fcqarovun ya\u015fad\u0131\u011f\u0131 \u00fcnvan\u0131 t\u0259rk ed\u0259r\u0259k karantin qaydalar\u0131n\u0131 kobud \u015f\u0259kild\u0259 pozdu\u011fu m\u00fc\u0259yy\u0259n edilib. H\u0259min \u015f\u0259xs m\u00fc\u0259yy\u0259n edildiyi \u0259razid\u0259n polis \u0259m\u0259kda\u015flar\u0131n\u0131n m\u00fc\u015fayi\u0259ti il\u0259 m\u00fcalic\u0259 ald\u0131\u011f\u0131 \u00fcnvana apar\u0131l\u0131b. Onunla proflaktiki m\u00f6vzuda s\u00f6hb\u0259tl\u0259r apar\u0131l\u0131b, t\u0259yin edilmi\u015f m\u00fcalic\u0259nin davam etdirilm\u0259si \u00fc\u00e7\u00fcn evd\u0259 qalma\u011f\u0131n\u0131n z\u0259ruruliyi diqq\u0259tin\u0259 \u00e7atd\u0131r\u0131l\u0131b. Ucar&hellip;<\/p>\n","protected":false},"author":2,"featured_media":247846,"comment_status":"closed","ping_status":"closed","sticky":false,"template":"","format":"standard","meta":{"om_disable_all_campaigns":false,"_monsterinsights_skip_tracking":false,"_monsterinsights_sitenote_active":false,"_monsterinsights_sitenote_note":"","_monsterinsights_sitenote_category":0},"categories":[26],"tags":[],"aioseo_notices":[],"gutentor_comment":0,"rttpg_featured_image_url":{"full":["https:\/\/arantv.az\/wp-content\/uploads\/2020\/12\/fh.jpg",590,393,false],"landscape":["https:\/\/arantv.az\/wp-content\/uploads\/2020\/12\/fh.jpg",590,393,false],"portraits":["https:\/\/arantv.az\/wp-content\/uploads\/2020\/12\/fh.jpg",590,393,false],"thumbnail":["https:\/\/arantv.az\/wp-content\/uploads\/2020\/12\/fh-150x150.jpg",150,150,true],"medium":["https:\/\/arantv.az\/wp-content\/uploads\/2020\/12\/fh-300x200.jpg",300,200,true],"large":["https:\/\/arantv.az\/wp-content\/uploads\/2020\/12\/fh.jpg",590,393,false],"1536x1536":["https:\/\/arantv.az\/wp-content\/uploads\/2020\/12\/fh.jpg",590,393,false],"2048x2048":["https:\/\/arantv.az\/wp-content\/uploads\/2020\/12\/fh.jpg",590,393,false],"post-thumbnail":["https:\/\/arantv.az\/wp-content\/uploads\/2020\/12\/fh-240x172.jpg",240,172,true],"advps-thumb-one":["https:\/\/arantv.az\/wp-content\/uploads\/2020\/12\/fh.jpg",590,393,false]},"rttpg_author":{"display_name":"V\u00fcsal Rafiqo\u011flu","author_link":"https:\/\/arantv.az\/?author=2"},"rttpg_comment":0,"rttpg_category":"<a href=\"https:\/\/arantv.az\/?cat=26\" rel=\"category\">Sosial<\/a>","rttpg_excerpt":"Ucarda karantin qaydalar\u0131n\u0131 pozaraq ya\u015fay\u0131\u015f yerini t\u0259rk ed\u0259n\u00a0koronavirus x\u0259st\u0259si bar\u0259d\u0259 qanunam\u00fcvafiq t\u0259dbir g\u00f6r\u00fcl\u00fcb. Bu bar\u0259d\u0259 Daxili \u0130\u015fl\u0259r Nazirliyinin (D\u0130N) M\u0259tbuat Xidm\u0259tinin B\u0259rd\u0259 regional qrupundan veril\u0259n m\u0259lumatda qeyd olunub. Bildirilib ki, Ucar Rayon Polis \u015e\u00f6b\u0259sinin (RP\u015e) \u0259m\u0259kda\u015flar\u0131 t\u0259r\u0259find\u0259n h\u0259yata ke\u00e7irilmi\u015f t\u0259dbirl\u0259r n\u0259tic\u0259sind\u0259 COVID-19 x\u0259st\u0259si kimi qeydiyyatda olan\u00a0rayon sakini V. Z\u00fclf\u00fcqarovun ya\u015fad\u0131\u011f\u0131 \u00fcnvan\u0131 t\u0259rk ed\u0259r\u0259k karantin qaydalar\u0131n\u0131&hellip;","_links":{"self":[{"href":"https:\/\/arantv.az\/index.php?rest_route=\/wp\/v2\/posts\/247845"}],"collection":[{"href":"https:\/\/arantv.az\/index.php?rest_route=\/wp\/v2\/posts"}],"about":[{"href":"https:\/\/arantv.az\/index.php?rest_route=\/wp\/v2\/types\/post"}],"author":[{"embeddable":true,"href":"https:\/\/arantv.az\/index.php?rest_route=\/wp\/v2\/users\/2"}],"replies":[{"embeddable":true,"href":"https:\/\/arantv.az\/index.php?rest_route=%2Fwp%2Fv2%2Fcomments&post=247845"}],"version-history":[{"count":0,"href":"https:\/\/arantv.az\/index.php?rest_route=\/wp\/v2\/posts\/247845\/revisions"}],"wp:featuredmedia":[{"embeddable":true,"href":"https:\/\/arantv.az\/index.php?rest_route=\/wp\/v2\/media\/247846"}],"wp:attachment":[{"href":"https:\/\/arantv.az\/index.php?rest_route=%2Fwp%2Fv2%2Fmedia&parent=247845"}],"wp:term":[{"taxonomy":"category","embeddable":true,"href":"https:\/\/arantv.az\/index.php?rest_route=%2Fwp%2Fv2%2Fcategories&post=247845"},{"taxonomy":"post_tag","embeddable":true,"href":"https:\/\/arantv.az\/index.php?rest_route=%2Fwp%2Fv2%2Ftags&post=247845"}],"curies":[{"name":"wp","href":"https:\/\/api.w.org\/{rel}","templated":true}]}}