{"id":247849,"date":"2020-12-04T15:50:14","date_gmt":"2020-12-04T12:50:14","guid":{"rendered":"http:\/\/arantv.az\/?p=247849"},"modified":"2020-12-04T15:50:14","modified_gmt":"2020-12-04T12:50:14","slug":"belarusun-az%c9%99rbaycandaki-s%c9%99firinin-diplomatik-f%c9%99aliyy%c9%99t-mudd%c9%99ti-basa-catdi","status":"publish","type":"post","link":"https:\/\/arantv.az\/?p=247849","title":{"rendered":"Belarusun Az\u0259rbaycandak\u0131 s\u0259firinin diplomatik f\u0259aliyy\u0259t m\u00fcdd\u0259ti ba\u015fa \u00e7atd\u0131"},"content":{"rendered":"<p>Bu g\u00fcn Az\u0259rbaycan\u0131n Xarici \u0130\u015fl\u0259r naziri Ceyhun Bayramov Belarusun Az\u0259rbaycandak\u0131 s\u0259firi Gennadi Axramovi\u00e7i diplomatik f\u0259aliyy\u0259t m\u00fcdd\u0259tinin ba\u015fa \u00e7atmas\u0131 il\u0259 \u0259laq\u0259dar q\u0259bul edib.<\/p>\n<p>Nazirlikd\u0259n\u00a0veril\u0259n m\u0259lumata g\u00f6r\u0259, C.Bayramov s\u0259firin \u00f6lk\u0259mizd\u0259 diplomatik f\u0259aliyy\u0259tini y\u00fcks\u0259k d\u0259y\u0259rl\u0259ndir\u0259r\u0259k, iki \u00f6lk\u0259 aras\u0131nda m\u00fcnasib\u0259tl\u0259rin inki\u015faf etdirilm\u0259sin\u0259 verdiyi t\u00f6hf\u0259y\u0259 g\u00f6r\u0259 t\u0259\u015f\u0259kk\u00fcr\u00fcn\u00fc bildirib v\u0259 g\u0259l\u0259c\u0259k f\u0259aliyy\u0259tind\u0259 ona u\u011furlar arzu edib.<\/p>\n<p>\u0130ki \u00f6lk\u0259 xalqlar\u0131n\u0131 ba\u011flayan tarixi v\u0259 dostluq \u0259laq\u0259l\u0259rin\u0259 toxunan nazir, Az\u0259rbaycan v\u0259 Belarus aras\u0131nda strateji t\u0259r\u0259fda\u015fl\u0131q m\u00fcnasib\u0259tl\u0259rinin y\u00fcks\u0259k s\u0259viyy\u0259d\u0259 olmas\u0131ndan m\u0259mnunluq ifad\u0259 edib.<\/p>\n<div id=\"AdviadNativeVideo0\" class=\"AdviadNativeVideo\"><\/div>\n<p>Nazir Ceyhun Bayramov Az\u0259rbaycan torpaqlar\u0131n\u0131n Erm\u0259nistan i\u015f\u011fal\u0131ndan azad olunmas\u0131 il\u0259 ba\u011fl\u0131 davam etmi\u015f 44 g\u00fcnl\u00fck V\u0259t\u0259n M\u00fcharib\u0259si haqq\u0131nda qar\u015f\u0131 t\u0259r\u0259f\u0259 \u0259trafl\u0131 m\u0259lumat verib.<\/p>\n<p>S\u0259fir Gennadi Axramovi\u00e7 iki \u00f6lk\u0259 aras\u0131nda b\u00fct\u00fcn sah\u0259l\u0259r \u00fczr\u0259 \u0259laq\u0259l\u0259rin inki\u015faf\u0131ndan m\u0259mnunluq bildir\u0259r\u0259k, h\u0259tta COVID-19 pandemiyas\u0131 d\u00f6vr\u00fcnd\u0259 bel\u0259 iqtisadi \u0259laq\u0259l\u0259rd\u0259 art\u0131m\u0131n m\u00fc\u015fahid\u0259 edildiyini vur\u011fulay\u0131b. S\u0259fir Az\u0259rbaycan\u0131 \u0259n xo\u015f arzularla t\u0259rk etdiyini bildirib\u00a0v\u0259 \u00f6lk\u0259miz il\u0259 ba\u011fl\u0131 xo\u015f t\u0259\u0259ss\u00fcratlar\u0131n\u0131n daim\u00a0xatirind\u0259 olaca\u011f\u0131n\u0131 qeyd edib.<\/p>\n<p>G\u00f6r\u00fc\u015fd\u0259, h\u0259m\u00e7inin qar\u015f\u0131l\u0131ql\u0131 maraq do\u011furan dig\u0259r m\u0259s\u0259l\u0259l\u0259r \u0259traf\u0131nda fikir m\u00fcbadil\u0259si apar\u0131l\u0131b.<\/p>\n<div class=\"gallery\">\n<div class=\"gallery-i\"><img src=\"https:\/\/cdn.oxu.az\/uploads\/W1siZiIsIjIwMjAvMTIvMDQvMTYvMzQvMzIvYzUzMjM1YTItNTM2Mi00MjhlLWE3MTMtMzdlZTk0NGUxNmNjL3bDvC5qcGciXSxbInAiLCJlbmNvZGUiLCJqcGciLCItcXVhbGl0eSA4MCJdLFsicCIsInRodW1iIiwiNTkweDU5MFx1MDAzZSJdXQ?sha=bd6997e21f271798\" alt=\"\" \/><\/p>\n<div class=\"gallery-i-caption\"><\/div>\n<\/div>\n<div class=\"gallery-i\"><img src=\"https:\/\/cdn.oxu.az\/uploads\/W1siZiIsIjIwMjAvMTIvMDQvMTYvMzQvMzIvN2E1ZmU1MWYtZWRkNS00YjM4LWE2ZTEtNmU0YzJiNWRhODkxL3YyLmpwZyJdLFsicCIsImVuY29kZSIsImpwZyIsIi1xdWFsaXR5IDgwIl0sWyJwIiwidGh1bWIiLCI1OTB4NTkwXHUwMDNlIl1d?sha=0e6feb70957beef2\" alt=\"\" \/><\/p>\n<div class=\"gallery-i-caption\"><\/div>\n<\/div>\n<div class=\"gallery-i\"><img src=\"https:\/\/cdn.oxu.az\/uploads\/W1siZiIsIjIwMjAvMTIvMDQvMTYvMzQvMzMvN2IxZDZlZjYtMzAyZC00ZWI0LTk0NzEtYjRhMjIwZGNiODA2L3YxLmpwZyJdLFsicCIsImVuY29kZSIsImpwZyIsIi1xdWFsaXR5IDgwIl0sWyJwIiwidGh1bWIiLCI1OTB4NTkwXHUwMDNlIl1d?sha=1fe18894ee79354f\" alt=\"\" \/><\/div>\n<\/div>\n","protected":false},"excerpt":{"rendered":"<p>Bu g\u00fcn Az\u0259rbaycan\u0131n Xarici \u0130\u015fl\u0259r naziri Ceyhun Bayramov Belarusun Az\u0259rbaycandak\u0131 s\u0259firi Gennadi Axramovi\u00e7i diplomatik f\u0259aliyy\u0259t m\u00fcdd\u0259tinin ba\u015fa \u00e7atmas\u0131 il\u0259 \u0259laq\u0259dar q\u0259bul edib. Nazirlikd\u0259n\u00a0veril\u0259n m\u0259lumata g\u00f6r\u0259, C.Bayramov s\u0259firin \u00f6lk\u0259mizd\u0259 diplomatik f\u0259aliyy\u0259tini y\u00fcks\u0259k d\u0259y\u0259rl\u0259ndir\u0259r\u0259k, iki \u00f6lk\u0259 aras\u0131nda m\u00fcnasib\u0259tl\u0259rin inki\u015faf etdirilm\u0259sin\u0259 verdiyi t\u00f6hf\u0259y\u0259 g\u00f6r\u0259 t\u0259\u015f\u0259kk\u00fcr\u00fcn\u00fc bildirib v\u0259 g\u0259l\u0259c\u0259k f\u0259aliyy\u0259tind\u0259 ona u\u011furlar arzu edib. \u0130ki \u00f6lk\u0259 xalqlar\u0131n\u0131 ba\u011flayan tarixi v\u0259 dostluq \u0259laq\u0259l\u0259rin\u0259 toxunan nazir, Az\u0259rbaycan v\u0259 Belarus aras\u0131nda strateji t\u0259r\u0259fda\u015fl\u0131q m\u00fcnasib\u0259tl\u0259rinin y\u00fcks\u0259k s\u0259viyy\u0259d\u0259 olmas\u0131ndan m\u0259mnunluq ifad\u0259 edib. Nazir Ceyhun Bayramov Az\u0259rbaycan torpaqlar\u0131n\u0131n Erm\u0259nistan i\u015f\u011fal\u0131ndan azad olunmas\u0131 il\u0259 ba\u011fl\u0131 davam etmi\u015f 44 g\u00fcnl\u00fck V\u0259t\u0259n M\u00fcharib\u0259si&hellip;<\/p>\n","protected":false},"author":2,"featured_media":247850,"comment_status":"closed","ping_status":"closed","sticky":false,"template":"","format":"standard","meta":{"om_disable_all_campaigns":false,"_monsterinsights_skip_tracking":false,"_monsterinsights_sitenote_active":false,"_monsterinsights_sitenote_note":"","_monsterinsights_sitenote_category":0},"categories":[4],"tags":[],"aioseo_notices":[],"gutentor_comment":0,"rttpg_featured_image_url":{"full":["https:\/\/arantv.az\/wp-content\/uploads\/2020\/12\/v\u00c3\u00bc.jpg",620,387,false],"landscape":["https:\/\/arantv.az\/wp-content\/uploads\/2020\/12\/v\u00c3\u00bc.jpg",620,387,false],"portraits":["https:\/\/arantv.az\/wp-content\/uploads\/2020\/12\/v\u00c3\u00bc.jpg",620,387,false],"thumbnail":["https:\/\/arantv.az\/wp-content\/uploads\/2020\/12\/v\u00c3\u00bc-150x150.jpg",150,150,true],"medium":["https:\/\/arantv.az\/wp-content\/uploads\/2020\/12\/v\u00c3\u00bc-300x187.jpg",300,187,true],"large":["https:\/\/arantv.az\/wp-content\/uploads\/2020\/12\/v\u00c3\u00bc.jpg",620,387,false],"1536x1536":["https:\/\/arantv.az\/wp-content\/uploads\/2020\/12\/v\u00c3\u00bc.jpg",620,387,false],"2048x2048":["https:\/\/arantv.az\/wp-content\/uploads\/2020\/12\/v\u00c3\u00bc.jpg",620,387,false],"post-thumbnail":["https:\/\/arantv.az\/wp-content\/uploads\/2020\/12\/v\u00c3\u00bc-240x172.jpg",240,172,true],"advps-thumb-one":["https:\/\/arantv.az\/wp-content\/uploads\/2020\/12\/v\u00c3\u00bc.jpg",620,387,false]},"rttpg_author":{"display_name":"V\u00fcsal Rafiqo\u011flu","author_link":"https:\/\/arantv.az\/?author=2"},"rttpg_comment":0,"rttpg_category":"<a href=\"https:\/\/arantv.az\/?cat=4\" rel=\"category\">Siyas\u0259t<\/a>","rttpg_excerpt":"Bu g\u00fcn Az\u0259rbaycan\u0131n Xarici \u0130\u015fl\u0259r naziri Ceyhun Bayramov Belarusun Az\u0259rbaycandak\u0131 s\u0259firi Gennadi Axramovi\u00e7i diplomatik f\u0259aliyy\u0259t m\u00fcdd\u0259tinin ba\u015fa \u00e7atmas\u0131 il\u0259 \u0259laq\u0259dar q\u0259bul edib. Nazirlikd\u0259n\u00a0veril\u0259n m\u0259lumata g\u00f6r\u0259, C.Bayramov s\u0259firin \u00f6lk\u0259mizd\u0259 diplomatik f\u0259aliyy\u0259tini y\u00fcks\u0259k d\u0259y\u0259rl\u0259ndir\u0259r\u0259k, iki \u00f6lk\u0259 aras\u0131nda m\u00fcnasib\u0259tl\u0259rin inki\u015faf etdirilm\u0259sin\u0259 verdiyi t\u00f6hf\u0259y\u0259 g\u00f6r\u0259 t\u0259\u015f\u0259kk\u00fcr\u00fcn\u00fc bildirib v\u0259 g\u0259l\u0259c\u0259k f\u0259aliyy\u0259tind\u0259 ona u\u011furlar arzu edib. \u0130ki \u00f6lk\u0259 xalqlar\u0131n\u0131 ba\u011flayan tarixi&hellip;","_links":{"self":[{"href":"https:\/\/arantv.az\/index.php?rest_route=\/wp\/v2\/posts\/247849"}],"collection":[{"href":"https:\/\/arantv.az\/index.php?rest_route=\/wp\/v2\/posts"}],"about":[{"href":"https:\/\/arantv.az\/index.php?rest_route=\/wp\/v2\/types\/post"}],"author":[{"embeddable":true,"href":"https:\/\/arantv.az\/index.php?rest_route=\/wp\/v2\/users\/2"}],"replies":[{"embeddable":true,"href":"https:\/\/arantv.az\/index.php?rest_route=%2Fwp%2Fv2%2Fcomments&post=247849"}],"version-history":[{"count":0,"href":"https:\/\/arantv.az\/index.php?rest_route=\/wp\/v2\/posts\/247849\/revisions"}],"wp:featuredmedia":[{"embeddable":true,"href":"https:\/\/arantv.az\/index.php?rest_route=\/wp\/v2\/media\/247850"}],"wp:attachment":[{"href":"https:\/\/arantv.az\/index.php?rest_route=%2Fwp%2Fv2%2Fmedia&parent=247849"}],"wp:term":[{"taxonomy":"category","embeddable":true,"href":"https:\/\/arantv.az\/index.php?rest_route=%2Fwp%2Fv2%2Fcategories&post=247849"},{"taxonomy":"post_tag","embeddable":true,"href":"https:\/\/arantv.az\/index.php?rest_route=%2Fwp%2Fv2%2Ftags&post=247849"}],"curies":[{"name":"wp","href":"https:\/\/api.w.org\/{rel}","templated":true}]}}