{"id":247861,"date":"2020-12-04T15:53:50","date_gmt":"2020-12-04T12:53:50","guid":{"rendered":"http:\/\/arantv.az\/?p=247861"},"modified":"2020-12-04T15:53:50","modified_gmt":"2020-12-04T12:53:50","slug":"prezident-ilham-%c9%99liyevin-fransaya-marselin-erm%c9%99nil%c9%99r%c9%99-verilm%c9%99si-tovsiy%c9%99sini-m%c9%99n-d%c9%99-d%c9%99st%c9%99kl%c9%99yir%c9%99m-%c9%99rdogan","status":"publish","type":"post","link":"https:\/\/arantv.az\/?p=247861","title":{"rendered":"Prezident \u0130lham \u018fliyevin Fransaya Marselin erm\u0259nil\u0259r\u0259 verilm\u0259si t\u00f6vsiy\u0259sini m\u0259n d\u0259 d\u0259st\u0259kl\u0259yir\u0259m &#8211; \u018frdo\u011fan"},"content":{"rendered":"<p><strong>AT\u018fT-in Minsk qrupu vasiti\u0259\u00e7i qrupdur, Fransa h\u0259ms\u0259dr \u00f6lk\u0259 olaraq vasit\u0259\u00e7i kimi \u00e7\u0131x\u0131\u015f etm\u0259lidir.<\/strong><\/p>\n<p><strong>ARANTV.AZ\u00a0<\/strong>\u00a0<a href=\"http:\/\/az.trend.az\/\" target=\"_blank\" rel=\"noopener\">Trend<\/a>-\u0259 istinad\u0259n bildirir ki,\u00a0bunu T\u00fcrkiy\u0259 Prezidenti R\u0259c\u0259b Tayyib \u018frdo\u011fan Fransa parlamentinin qondarma &#8220;Da\u011fl\u0131q Qaraba\u011f Respublikas\u0131&#8221;n\u0131 tan\u0131maq bar\u0259d\u0259 q\u0259tnam\u0259sini \u015f\u0259rh ed\u0259rk\u0259n deyib.<\/p>\n<p>O bildirib ki, son add\u0131mlar\u0131 il\u0259 Fransa vasit\u0259\u00e7ilik h\u00fcququnu itirib. Fransa ilk n\u00f6vb\u0259d\u0259 prezident Emmanuel Makrondan can\u0131n\u0131 qurtarmal\u0131d\u0131r:<\/p>\n<p>&#8220;Makron Fransan\u0131n ba\u015f\u0131na b\u0259lad\u0131r. Makronla Fransa \u0259slind\u0259 \u00e7ox t\u0259hl\u00fck\u0259li d\u00f6vr ya\u015fay\u0131r. \u00dcmid edir\u0259m, Fransa Makron b\u0259las\u0131ndan qurtulacaq. \u018fziz qarda\u015f\u0131m \u0130lham \u018fliyevin frans\u0131zlara bir t\u00f6vsiy\u0259si oldu. O dedi ki, Fransa erm\u0259nil\u0259ri bu q\u0259d\u0259r sevirs\u0259, Marseli erm\u0259nil\u0259r\u0259 versin. M\u0259n d\u0259 eyni \u015feyi t\u00f6vsiy\u0259 edir\u0259m&#8221;.<\/p>\n","protected":false},"excerpt":{"rendered":"<p>AT\u018fT-in Minsk qrupu vasiti\u0259\u00e7i qrupdur, Fransa h\u0259ms\u0259dr \u00f6lk\u0259 olaraq vasit\u0259\u00e7i kimi \u00e7\u0131x\u0131\u015f etm\u0259lidir. ARANTV.AZ\u00a0\u00a0Trend-\u0259 istinad\u0259n bildirir ki,\u00a0bunu T\u00fcrkiy\u0259 Prezidenti R\u0259c\u0259b Tayyib \u018frdo\u011fan Fransa parlamentinin qondarma &#8220;Da\u011fl\u0131q Qaraba\u011f Respublikas\u0131&#8221;n\u0131 tan\u0131maq bar\u0259d\u0259 q\u0259tnam\u0259sini \u015f\u0259rh ed\u0259rk\u0259n deyib. O bildirib ki, son add\u0131mlar\u0131 il\u0259 Fransa vasit\u0259\u00e7ilik h\u00fcququnu itirib. Fransa ilk n\u00f6vb\u0259d\u0259 prezident Emmanuel Makrondan can\u0131n\u0131 qurtarmal\u0131d\u0131r: &#8220;Makron Fransan\u0131n ba\u015f\u0131na b\u0259lad\u0131r. Makronla Fransa \u0259slind\u0259 \u00e7ox t\u0259hl\u00fck\u0259li d\u00f6vr ya\u015fay\u0131r. \u00dcmid edir\u0259m, Fransa Makron b\u0259las\u0131ndan qurtulacaq. \u018fziz qarda\u015f\u0131m \u0130lham \u018fliyevin frans\u0131zlara bir t\u00f6vsiy\u0259si oldu. O dedi ki, Fransa erm\u0259nil\u0259ri bu q\u0259d\u0259r sevirs\u0259, Marseli erm\u0259nil\u0259r\u0259 versin. M\u0259n d\u0259&hellip;<\/p>\n","protected":false},"author":2,"featured_media":247862,"comment_status":"closed","ping_status":"closed","sticky":false,"template":"","format":"standard","meta":{"om_disable_all_campaigns":false,"_monsterinsights_skip_tracking":false,"_monsterinsights_sitenote_active":false,"_monsterinsights_sitenote_note":"","_monsterinsights_sitenote_category":0},"categories":[4],"tags":[],"aioseo_notices":[],"gutentor_comment":0,"rttpg_featured_image_url":{"full":["https:\/\/arantv.az\/wp-content\/uploads\/2020\/12\/902445.jpg",800,600,false],"landscape":["https:\/\/arantv.az\/wp-content\/uploads\/2020\/12\/902445.jpg",800,600,false],"portraits":["https:\/\/arantv.az\/wp-content\/uploads\/2020\/12\/902445.jpg",800,600,false],"thumbnail":["https:\/\/arantv.az\/wp-content\/uploads\/2020\/12\/902445-150x150.jpg",150,150,true],"medium":["https:\/\/arantv.az\/wp-content\/uploads\/2020\/12\/902445-300x225.jpg",300,225,true],"large":["https:\/\/arantv.az\/wp-content\/uploads\/2020\/12\/902445.jpg",640,480,false],"1536x1536":["https:\/\/arantv.az\/wp-content\/uploads\/2020\/12\/902445.jpg",800,600,false],"2048x2048":["https:\/\/arantv.az\/wp-content\/uploads\/2020\/12\/902445.jpg",800,600,false],"post-thumbnail":["https:\/\/arantv.az\/wp-content\/uploads\/2020\/12\/902445-240x172.jpg",240,172,true],"advps-thumb-one":["https:\/\/arantv.az\/wp-content\/uploads\/2020\/12\/902445.jpg",800,600,false]},"rttpg_author":{"display_name":"V\u00fcsal Rafiqo\u011flu","author_link":"https:\/\/arantv.az\/?author=2"},"rttpg_comment":0,"rttpg_category":"<a href=\"https:\/\/arantv.az\/?cat=4\" rel=\"category\">Siyas\u0259t<\/a>","rttpg_excerpt":"AT\u018fT-in Minsk qrupu vasiti\u0259\u00e7i qrupdur, Fransa h\u0259ms\u0259dr \u00f6lk\u0259 olaraq vasit\u0259\u00e7i kimi \u00e7\u0131x\u0131\u015f etm\u0259lidir. ARANTV.AZ\u00a0\u00a0Trend-\u0259 istinad\u0259n bildirir ki,\u00a0bunu T\u00fcrkiy\u0259 Prezidenti R\u0259c\u0259b Tayyib \u018frdo\u011fan Fransa parlamentinin qondarma &#8220;Da\u011fl\u0131q Qaraba\u011f Respublikas\u0131&#8221;n\u0131 tan\u0131maq bar\u0259d\u0259 q\u0259tnam\u0259sini \u015f\u0259rh ed\u0259rk\u0259n deyib. O bildirib ki, son add\u0131mlar\u0131 il\u0259 Fransa vasit\u0259\u00e7ilik h\u00fcququnu itirib. Fransa ilk n\u00f6vb\u0259d\u0259 prezident Emmanuel Makrondan can\u0131n\u0131 qurtarmal\u0131d\u0131r: &#8220;Makron Fransan\u0131n ba\u015f\u0131na&hellip;","_links":{"self":[{"href":"https:\/\/arantv.az\/index.php?rest_route=\/wp\/v2\/posts\/247861"}],"collection":[{"href":"https:\/\/arantv.az\/index.php?rest_route=\/wp\/v2\/posts"}],"about":[{"href":"https:\/\/arantv.az\/index.php?rest_route=\/wp\/v2\/types\/post"}],"author":[{"embeddable":true,"href":"https:\/\/arantv.az\/index.php?rest_route=\/wp\/v2\/users\/2"}],"replies":[{"embeddable":true,"href":"https:\/\/arantv.az\/index.php?rest_route=%2Fwp%2Fv2%2Fcomments&post=247861"}],"version-history":[{"count":0,"href":"https:\/\/arantv.az\/index.php?rest_route=\/wp\/v2\/posts\/247861\/revisions"}],"wp:featuredmedia":[{"embeddable":true,"href":"https:\/\/arantv.az\/index.php?rest_route=\/wp\/v2\/media\/247862"}],"wp:attachment":[{"href":"https:\/\/arantv.az\/index.php?rest_route=%2Fwp%2Fv2%2Fmedia&parent=247861"}],"wp:term":[{"taxonomy":"category","embeddable":true,"href":"https:\/\/arantv.az\/index.php?rest_route=%2Fwp%2Fv2%2Fcategories&post=247861"},{"taxonomy":"post_tag","embeddable":true,"href":"https:\/\/arantv.az\/index.php?rest_route=%2Fwp%2Fv2%2Ftags&post=247861"}],"curies":[{"name":"wp","href":"https:\/\/api.w.org\/{rel}","templated":true}]}}