{"id":247881,"date":"2020-12-04T18:43:17","date_gmt":"2020-12-04T15:43:17","guid":{"rendered":"http:\/\/arantv.az\/?p=247881"},"modified":"2020-12-04T18:43:17","modified_gmt":"2020-12-04T15:43:17","slug":"socar-in-idar%c9%99-v%c9%99-mu%c9%99ssis%c9%99l%c9%99rind%c9%99-v%c9%99t%c9%99n-muharib%c9%99si-s%c9%99hidl%c9%99ri-anilib-video","status":"publish","type":"post","link":"https:\/\/arantv.az\/?p=247881","title":{"rendered":"SOCAR-\u0131n idar\u0259 v\u0259 m\u00fc\u0259ssis\u0259l\u0259rind\u0259 V\u0259t\u0259n m\u00fcharib\u0259si \u015f\u0259hidl\u0259ri an\u0131l\u0131b &#8211; V\u0130DEO"},"content":{"rendered":"<article class=\"news\">\n<div class=\"news-inner\">\n<p>Bu g\u00fcn SOCAR-\u0131n idar\u0259 v\u0259 m\u00fc\u0259ssis\u0259l\u0259rind\u0259 44 g\u00fcnl\u00fck V\u0259t\u0259n m\u00fcharib\u0259sind\u0259 \u015f\u0259hid olanlar\u0131n xatir\u0259sin\u0259 h\u0259sr edil\u0259n x\u00fcsusi an\u0131m g\u00fcn\u00fc il\u0259 \u0259laq\u0259dar olaraq, m\u0259rasim ke\u00e7irilib.<\/p>\n<div id=\"AdviadNativeVideo0\" class=\"AdviadNativeVideo\"><\/div>\n<p>Canlar\u0131n\u0131 Az\u0259rbaycan\u0131n \u0259razi b\u00fct\u00f6vl\u00fcy\u00fc u\u011frunda qurban vermi\u015f V\u0259t\u0259n m\u00fcharib\u0259si \u015f\u0259hidl\u0259rinin \u0259ziz xatir\u0259si saat 12:00-da bir d\u0259qiq\u0259lik s\u00fckutla yad edilib.<\/p>\n<p>Allah b\u00fct\u00fcn \u015f\u0259hidl\u0259rimiz\u0259 r\u0259hm\u0259t el\u0259sin v\u0259 yaral\u0131 h\u0259rb\u00e7il\u0259rimiz\u0259 \u015f\u0259fa versin!<\/p>\n<div><iframe loading=\"lazy\" src=\"https:\/\/player.baku.tv\/embed\/29639\" width=\"560\" height=\"315\" frameborder=\"0\" allowfullscreen=\"allowfullscreen\" data-mce-fragment=\"1\"><\/iframe><\/div>\n<\/div>\n<\/article>\n<h2 class=\"news-share-title\"><\/h2>\n","protected":false},"excerpt":{"rendered":"<p>Bu g\u00fcn SOCAR-\u0131n idar\u0259 v\u0259 m\u00fc\u0259ssis\u0259l\u0259rind\u0259 44 g\u00fcnl\u00fck V\u0259t\u0259n m\u00fcharib\u0259sind\u0259 \u015f\u0259hid olanlar\u0131n xatir\u0259sin\u0259 h\u0259sr edil\u0259n x\u00fcsusi an\u0131m g\u00fcn\u00fc il\u0259 \u0259laq\u0259dar olaraq, m\u0259rasim ke\u00e7irilib. Canlar\u0131n\u0131 Az\u0259rbaycan\u0131n \u0259razi b\u00fct\u00f6vl\u00fcy\u00fc u\u011frunda qurban vermi\u015f V\u0259t\u0259n m\u00fcharib\u0259si \u015f\u0259hidl\u0259rinin \u0259ziz xatir\u0259si saat 12:00-da bir d\u0259qiq\u0259lik s\u00fckutla yad edilib. Allah b\u00fct\u00fcn \u015f\u0259hidl\u0259rimiz\u0259 r\u0259hm\u0259t el\u0259sin v\u0259 yaral\u0131 h\u0259rb\u00e7il\u0259rimiz\u0259 \u015f\u0259fa versin!<\/p>\n","protected":false},"author":2,"featured_media":247882,"comment_status":"closed","ping_status":"closed","sticky":false,"template":"","format":"standard","meta":{"om_disable_all_campaigns":false,"_monsterinsights_skip_tracking":false,"_monsterinsights_sitenote_active":false,"_monsterinsights_sitenote_note":"","_monsterinsights_sitenote_category":0},"categories":[26],"tags":[],"aioseo_notices":[],"gutentor_comment":0,"rttpg_featured_image_url":{"full":["https:\/\/arantv.az\/wp-content\/uploads\/2020\/12\/6825f597-5631-3a15-b7f8-a821b776b2c4_850.jpg",620,387,false],"landscape":["https:\/\/arantv.az\/wp-content\/uploads\/2020\/12\/6825f597-5631-3a15-b7f8-a821b776b2c4_850.jpg",620,387,false],"portraits":["https:\/\/arantv.az\/wp-content\/uploads\/2020\/12\/6825f597-5631-3a15-b7f8-a821b776b2c4_850.jpg",620,387,false],"thumbnail":["https:\/\/arantv.az\/wp-content\/uploads\/2020\/12\/6825f597-5631-3a15-b7f8-a821b776b2c4_850-150x150.jpg",150,150,true],"medium":["https:\/\/arantv.az\/wp-content\/uploads\/2020\/12\/6825f597-5631-3a15-b7f8-a821b776b2c4_850-300x187.jpg",300,187,true],"large":["https:\/\/arantv.az\/wp-content\/uploads\/2020\/12\/6825f597-5631-3a15-b7f8-a821b776b2c4_850.jpg",620,387,false],"1536x1536":["https:\/\/arantv.az\/wp-content\/uploads\/2020\/12\/6825f597-5631-3a15-b7f8-a821b776b2c4_850.jpg",620,387,false],"2048x2048":["https:\/\/arantv.az\/wp-content\/uploads\/2020\/12\/6825f597-5631-3a15-b7f8-a821b776b2c4_850.jpg",620,387,false],"post-thumbnail":["https:\/\/arantv.az\/wp-content\/uploads\/2020\/12\/6825f597-5631-3a15-b7f8-a821b776b2c4_850-240x172.jpg",240,172,true],"advps-thumb-one":["https:\/\/arantv.az\/wp-content\/uploads\/2020\/12\/6825f597-5631-3a15-b7f8-a821b776b2c4_850.jpg",620,387,false]},"rttpg_author":{"display_name":"V\u00fcsal Rafiqo\u011flu","author_link":"https:\/\/arantv.az\/?author=2"},"rttpg_comment":0,"rttpg_category":"<a href=\"https:\/\/arantv.az\/?cat=26\" rel=\"category\">Sosial<\/a>","rttpg_excerpt":"Bu g\u00fcn SOCAR-\u0131n idar\u0259 v\u0259 m\u00fc\u0259ssis\u0259l\u0259rind\u0259 44 g\u00fcnl\u00fck V\u0259t\u0259n m\u00fcharib\u0259sind\u0259 \u015f\u0259hid olanlar\u0131n xatir\u0259sin\u0259 h\u0259sr edil\u0259n x\u00fcsusi an\u0131m g\u00fcn\u00fc il\u0259 \u0259laq\u0259dar olaraq, m\u0259rasim ke\u00e7irilib. Canlar\u0131n\u0131 Az\u0259rbaycan\u0131n \u0259razi b\u00fct\u00f6vl\u00fcy\u00fc u\u011frunda qurban vermi\u015f V\u0259t\u0259n m\u00fcharib\u0259si \u015f\u0259hidl\u0259rinin \u0259ziz xatir\u0259si saat 12:00-da bir d\u0259qiq\u0259lik s\u00fckutla yad edilib. Allah b\u00fct\u00fcn \u015f\u0259hidl\u0259rimiz\u0259 r\u0259hm\u0259t el\u0259sin v\u0259 yaral\u0131 h\u0259rb\u00e7il\u0259rimiz\u0259 \u015f\u0259fa versin!","_links":{"self":[{"href":"https:\/\/arantv.az\/index.php?rest_route=\/wp\/v2\/posts\/247881"}],"collection":[{"href":"https:\/\/arantv.az\/index.php?rest_route=\/wp\/v2\/posts"}],"about":[{"href":"https:\/\/arantv.az\/index.php?rest_route=\/wp\/v2\/types\/post"}],"author":[{"embeddable":true,"href":"https:\/\/arantv.az\/index.php?rest_route=\/wp\/v2\/users\/2"}],"replies":[{"embeddable":true,"href":"https:\/\/arantv.az\/index.php?rest_route=%2Fwp%2Fv2%2Fcomments&post=247881"}],"version-history":[{"count":0,"href":"https:\/\/arantv.az\/index.php?rest_route=\/wp\/v2\/posts\/247881\/revisions"}],"wp:featuredmedia":[{"embeddable":true,"href":"https:\/\/arantv.az\/index.php?rest_route=\/wp\/v2\/media\/247882"}],"wp:attachment":[{"href":"https:\/\/arantv.az\/index.php?rest_route=%2Fwp%2Fv2%2Fmedia&parent=247881"}],"wp:term":[{"taxonomy":"category","embeddable":true,"href":"https:\/\/arantv.az\/index.php?rest_route=%2Fwp%2Fv2%2Fcategories&post=247881"},{"taxonomy":"post_tag","embeddable":true,"href":"https:\/\/arantv.az\/index.php?rest_route=%2Fwp%2Fv2%2Ftags&post=247881"}],"curies":[{"name":"wp","href":"https:\/\/api.w.org\/{rel}","templated":true}]}}