{"id":247897,"date":"2020-12-04T18:47:38","date_gmt":"2020-12-04T15:47:38","guid":{"rendered":"http:\/\/arantv.az\/?p=247897"},"modified":"2020-12-04T18:47:38","modified_gmt":"2020-12-04T15:47:38","slug":"gomruk-%c9%99m%c9%99kdaslari-v%c9%99t%c9%99n-muharib%c9%99si-s%c9%99hidl%c9%99rinin-%c9%99ziz-xatir%c9%99sini-yad-edibl%c9%99r-foto-video","status":"publish","type":"post","link":"https:\/\/arantv.az\/?p=247897","title":{"rendered":"G\u00f6mr\u00fck \u0259m\u0259kda\u015flar\u0131 V\u0259t\u0259n m\u00fcharib\u0259si \u015f\u0259hidl\u0259rinin \u0259ziz xatir\u0259sini yad edibl\u0259r &#8211; FOTO\/V\u0130DEO"},"content":{"rendered":"<p>Bu g\u00fcn \u00f6lk\u0259 \u0259razisind\u0259 saat 12.00-da V\u0259t\u0259n m\u00fcharib\u0259si \u015f\u0259hidl\u0259rinin \u0259ziz xatir\u0259si bir d\u0259qiq\u0259lik s\u00fckutla yad edilib.<\/p>\n<p>Bu bar\u0259d\u0259\u00a0D\u00f6vl\u0259t G\u00f6mr\u00fck Komit\u0259sinin (DGK) M\u0259tbuat v\u0259 \u0130ctimaiyy\u0259tl\u0259 \u018flaq\u0259l\u0259r \u0130dar\u0259sind\u0259n m\u0259lumat verilib.<\/p>\n<div id=\"AdviadNativeVideo0\" class=\"AdviadNativeVideo\"><\/div>\n<p>D\u00f6vl\u0259t G\u00f6mr\u00fck Komit\u0259sinin \u0259m\u0259kda\u015flar\u0131 da Az\u0259rbaycan\u0131n \u0259razi b\u00fct\u00f6vl\u00fcy\u00fc u\u011frunda canlar\u0131ndan ke\u00e7mi\u015f V\u0259t\u0259n \u00f6vladlar\u0131n\u0131n ruhu qar\u015f\u0131s\u0131nda ba\u015f \u0259yib, onlar\u0131n xatir\u0259sini ehtiramla yad edibl\u0259r.<\/p>\n<p>Allah b\u00fct\u00fcn \u015f\u0259hidl\u0259rimiz\u0259 r\u0259hm\u0259t el\u0259sin!<\/p>\n<div><iframe loading=\"lazy\" src=\"https:\/\/player.baku.tv\/embed\/29630\" width=\"560\" height=\"315\" frameborder=\"0\" allowfullscreen=\"allowfullscreen\" data-mce-fragment=\"1\"><\/iframe><\/div>\n<div class=\"gallery\">\n<div class=\"gallery-i\"><img src=\"https:\/\/cdn.oxu.az\/uploads\/W1siZiIsIjIwMjAvMTIvMDQvMTcvNDEvNTQvNDgzNzU2ZTEtNTI2OS00YTQ0LWFhOTItNTE1NjQ3MDkyNDY0LzUgKDEpLmpwZyJdLFsicCIsImVuY29kZSIsImpwZyIsIi1xdWFsaXR5IDgwIl0sWyJwIiwidGh1bWIiLCI1OTB4NTkwXHUwMDNlIl1d?sha=6d1f1fa69ca59842\" alt=\"\" \/><\/p>\n<div class=\"gallery-i-caption\"><\/div>\n<\/div>\n<div class=\"gallery-i\"><img src=\"https:\/\/cdn.oxu.az\/uploads\/W1siZiIsIjIwMjAvMTIvMDQvMTcvNDEvNTQvY2E3ZGViMTAtZjFkZS00NTY0LWI3NzItNGRhOTU0YjA1OTUyLzMgKDEpLmpwZyJdLFsicCIsImVuY29kZSIsImpwZyIsIi1xdWFsaXR5IDgwIl0sWyJwIiwidGh1bWIiLCI1OTB4NTkwXHUwMDNlIl1d?sha=3416347032ba748e\" alt=\"\" \/><\/p>\n<div class=\"gallery-i-caption\"><\/div>\n<\/div>\n<div class=\"gallery-i\"><img src=\"https:\/\/cdn.oxu.az\/uploads\/W1siZiIsIjIwMjAvMTIvMDQvMTcvNDEvNTUvMWNjYzEyYmItZDM0NC00YjVmLTk2OGQtNDc0MzU3MDNiZGUzLzQgKDEpLmpwZyJdLFsicCIsImVuY29kZSIsImpwZyIsIi1xdWFsaXR5IDgwIl0sWyJwIiwidGh1bWIiLCI1OTB4NTkwXHUwMDNlIl1d?sha=84fb4d7d4c244555\" alt=\"\" \/><\/p>\n<div class=\"gallery-i-caption\"><\/div>\n<\/div>\n<div class=\"gallery-i\"><img src=\"https:\/\/cdn.oxu.az\/uploads\/W1siZiIsIjIwMjAvMTIvMDQvMTcvNDEvNTUvNWYxYzY0NjMtNDgzYi00M2IwLWJmOGEtODBlZmVhNjY1N2Y3LzIgKDEpLmpwZyJdLFsicCIsImVuY29kZSIsImpwZyIsIi1xdWFsaXR5IDgwIl0sWyJwIiwidGh1bWIiLCI1OTB4NTkwXHUwMDNlIl1d?sha=63311abcf9fe5b93\" alt=\"\" \/><\/p>\n<div class=\"gallery-i-caption\"><\/div>\n<\/div>\n<div class=\"gallery-i\"><img src=\"https:\/\/cdn.oxu.az\/uploads\/W1siZiIsIjIwMjAvMTIvMDQvMTcvNDEvNTUvZTMwZjU2NmEtMWUwNy00ZDA1LWJhZTYtYTRkZmVlNjAwMzM4LzEgKDEpLmpwZyJdLFsicCIsImVuY29kZSIsImpwZyIsIi1xdWFsaXR5IDgwIl0sWyJwIiwidGh1bWIiLCI1OTB4NTkwXHUwMDNlIl1d?sha=a367abce607f18b4\" alt=\"\" \/><\/div>\n<\/div>\n","protected":false},"excerpt":{"rendered":"<p>Bu g\u00fcn \u00f6lk\u0259 \u0259razisind\u0259 saat 12.00-da V\u0259t\u0259n m\u00fcharib\u0259si \u015f\u0259hidl\u0259rinin \u0259ziz xatir\u0259si bir d\u0259qiq\u0259lik s\u00fckutla yad edilib. Bu bar\u0259d\u0259\u00a0D\u00f6vl\u0259t G\u00f6mr\u00fck Komit\u0259sinin (DGK) M\u0259tbuat v\u0259 \u0130ctimaiyy\u0259tl\u0259 \u018flaq\u0259l\u0259r \u0130dar\u0259sind\u0259n m\u0259lumat verilib. D\u00f6vl\u0259t G\u00f6mr\u00fck Komit\u0259sinin \u0259m\u0259kda\u015flar\u0131 da Az\u0259rbaycan\u0131n \u0259razi b\u00fct\u00f6vl\u00fcy\u00fc u\u011frunda canlar\u0131ndan ke\u00e7mi\u015f V\u0259t\u0259n \u00f6vladlar\u0131n\u0131n ruhu qar\u015f\u0131s\u0131nda ba\u015f \u0259yib, onlar\u0131n xatir\u0259sini ehtiramla yad edibl\u0259r. Allah b\u00fct\u00fcn \u015f\u0259hidl\u0259rimiz\u0259 r\u0259hm\u0259t el\u0259sin!<\/p>\n","protected":false},"author":2,"featured_media":247898,"comment_status":"closed","ping_status":"closed","sticky":false,"template":"","format":"standard","meta":{"om_disable_all_campaigns":false,"_monsterinsights_skip_tracking":false,"_monsterinsights_sitenote_active":false,"_monsterinsights_sitenote_note":"","_monsterinsights_sitenote_category":0},"categories":[26],"tags":[],"aioseo_notices":[],"gutentor_comment":0,"rttpg_featured_image_url":{"full":["https:\/\/arantv.az\/wp-content\/uploads\/2020\/12\/1-1-1.jpg",620,357,false],"landscape":["https:\/\/arantv.az\/wp-content\/uploads\/2020\/12\/1-1-1.jpg",620,357,false],"portraits":["https:\/\/arantv.az\/wp-content\/uploads\/2020\/12\/1-1-1.jpg",620,357,false],"thumbnail":["https:\/\/arantv.az\/wp-content\/uploads\/2020\/12\/1-1-1-150x150.jpg",150,150,true],"medium":["https:\/\/arantv.az\/wp-content\/uploads\/2020\/12\/1-1-1-300x173.jpg",300,173,true],"large":["https:\/\/arantv.az\/wp-content\/uploads\/2020\/12\/1-1-1.jpg",620,357,false],"1536x1536":["https:\/\/arantv.az\/wp-content\/uploads\/2020\/12\/1-1-1.jpg",620,357,false],"2048x2048":["https:\/\/arantv.az\/wp-content\/uploads\/2020\/12\/1-1-1.jpg",620,357,false],"post-thumbnail":["https:\/\/arantv.az\/wp-content\/uploads\/2020\/12\/1-1-1-240x172.jpg",240,172,true],"advps-thumb-one":["https:\/\/arantv.az\/wp-content\/uploads\/2020\/12\/1-1-1.jpg",620,357,false]},"rttpg_author":{"display_name":"V\u00fcsal Rafiqo\u011flu","author_link":"https:\/\/arantv.az\/?author=2"},"rttpg_comment":0,"rttpg_category":"<a href=\"https:\/\/arantv.az\/?cat=26\" rel=\"category\">Sosial<\/a>","rttpg_excerpt":"Bu g\u00fcn \u00f6lk\u0259 \u0259razisind\u0259 saat 12.00-da V\u0259t\u0259n m\u00fcharib\u0259si \u015f\u0259hidl\u0259rinin \u0259ziz xatir\u0259si bir d\u0259qiq\u0259lik s\u00fckutla yad edilib. Bu bar\u0259d\u0259\u00a0D\u00f6vl\u0259t G\u00f6mr\u00fck Komit\u0259sinin (DGK) M\u0259tbuat v\u0259 \u0130ctimaiyy\u0259tl\u0259 \u018flaq\u0259l\u0259r \u0130dar\u0259sind\u0259n m\u0259lumat verilib. D\u00f6vl\u0259t G\u00f6mr\u00fck Komit\u0259sinin \u0259m\u0259kda\u015flar\u0131 da Az\u0259rbaycan\u0131n \u0259razi b\u00fct\u00f6vl\u00fcy\u00fc u\u011frunda canlar\u0131ndan ke\u00e7mi\u015f V\u0259t\u0259n \u00f6vladlar\u0131n\u0131n ruhu qar\u015f\u0131s\u0131nda ba\u015f \u0259yib, onlar\u0131n xatir\u0259sini ehtiramla yad edibl\u0259r. Allah b\u00fct\u00fcn \u015f\u0259hidl\u0259rimiz\u0259 r\u0259hm\u0259t el\u0259sin!","_links":{"self":[{"href":"https:\/\/arantv.az\/index.php?rest_route=\/wp\/v2\/posts\/247897"}],"collection":[{"href":"https:\/\/arantv.az\/index.php?rest_route=\/wp\/v2\/posts"}],"about":[{"href":"https:\/\/arantv.az\/index.php?rest_route=\/wp\/v2\/types\/post"}],"author":[{"embeddable":true,"href":"https:\/\/arantv.az\/index.php?rest_route=\/wp\/v2\/users\/2"}],"replies":[{"embeddable":true,"href":"https:\/\/arantv.az\/index.php?rest_route=%2Fwp%2Fv2%2Fcomments&post=247897"}],"version-history":[{"count":0,"href":"https:\/\/arantv.az\/index.php?rest_route=\/wp\/v2\/posts\/247897\/revisions"}],"wp:featuredmedia":[{"embeddable":true,"href":"https:\/\/arantv.az\/index.php?rest_route=\/wp\/v2\/media\/247898"}],"wp:attachment":[{"href":"https:\/\/arantv.az\/index.php?rest_route=%2Fwp%2Fv2%2Fmedia&parent=247897"}],"wp:term":[{"taxonomy":"category","embeddable":true,"href":"https:\/\/arantv.az\/index.php?rest_route=%2Fwp%2Fv2%2Fcategories&post=247897"},{"taxonomy":"post_tag","embeddable":true,"href":"https:\/\/arantv.az\/index.php?rest_route=%2Fwp%2Fv2%2Ftags&post=247897"}],"curies":[{"name":"wp","href":"https:\/\/api.w.org\/{rel}","templated":true}]}}