{"id":247909,"date":"2020-12-04T18:50:57","date_gmt":"2020-12-04T15:50:57","guid":{"rendered":"http:\/\/arantv.az\/?p=247909"},"modified":"2020-12-04T18:50:57","modified_gmt":"2020-12-04T15:50:57","slug":"az%c9%99rbaycan-v%c9%99-latviya-xin-bascilari-qarabagi-muzakir%c9%99-etdi","status":"publish","type":"post","link":"https:\/\/arantv.az\/?p=247909","title":{"rendered":"Az\u0259rbaycan v\u0259 Latviya X\u0130N ba\u015f\u00e7\u0131lar\u0131 Qaraba\u011f\u0131 m\u00fczakir\u0259 etdi"},"content":{"rendered":"<p>Bu g\u00fcn Xarici \u0130\u015fl\u0259r naziri Ceyhun Bayramovun Latviya Respublikas\u0131n\u0131n Xarici \u0130\u015fl\u0259r naziri Edqars Rinkevi\u00e7 il\u0259 telefon dan\u0131\u015f\u0131\u011f\u0131 ba\u015f tutub.<\/p>\n<p>X\u0130N-d\u0259n veril\u0259n m\u0259lumata g\u00f6r\u0259, nazirl\u0259r b\u00f6lg\u0259d\u0259 m\u00f6vcud olan son v\u0259ziyy\u0259t, 10 noyabr 2020-ci il tarixli birg\u0259 b\u0259yanat\u0131n icras\u0131 il\u0259 ba\u011fl\u0131 m\u0259s\u0259l\u0259l\u0259r \u0259traf\u0131nda fikir m\u00fcbadil\u0259si apar\u0131blar.<\/p>\n<p>Nazirl\u0259r, h\u0259m\u00e7inin, \u00f6lk\u0259l\u0259r aras\u0131nda m\u00f6vcud olan ikit\u0259r\u0259fli m\u00fcnasib\u0259tl\u0259rd\u0259n b\u0259hs edib v\u0259 \u00e7oxt\u0259r\u0259fli formatlarda \u0259m\u0259kda\u015fl\u0131q m\u0259s\u0259l\u0259l\u0259rini m\u00fczakir\u0259 edibl\u0259r.<\/p>\n<div id=\"AdviadNativeVideo0\" class=\"AdviadNativeVideo\"><\/div>\n<p>Eyni zamanda, telefon dan\u0131\u015f\u0131\u011f\u0131 zaman\u0131 Avropa \u0130ttifaq\u0131n\u0131n \u015e\u0259rq T\u0259r\u0259fda\u015fl\u0131\u011f\u0131 Proqram\u0131nda i\u015ftirakla ba\u011fl\u0131 m\u0259s\u0259l\u0259l\u0259r n\u0259z\u0259rd\u0259n ke\u00e7irilib.<\/p>\n<p>T\u0259r\u0259fl\u0259r habel\u0259 qar\u015f\u0131l\u0131ql\u0131 maraq do\u011furan dig\u0259r m\u0259s\u0259l\u0259l\u0259ri m\u00fczakir\u0259 edibl\u0259r.<\/p>\n<div class=\"gallery\">\n<div class=\"gallery-i\"><img src=\"https:\/\/cdn.oxu.az\/uploads\/W1siZiIsIjIwMjAvMTIvMDQvMTYvMzkvMTEvYTA2YzJhNGItNmI0ZS00MDYzLWE2MDItNWU2OTliMWE1YTg5L2xhdC5qcGVnIl0sWyJwIiwiZW5jb2RlIiwianBnIiwiLXF1YWxpdHkgODAiXSxbInAiLCJ0aHVtYiIsIjU5MHg1OTBcdTAwM2UiXV0?sha=fcec6c032d51cc23\" alt=\"\" \/><\/div>\n<\/div>\n","protected":false},"excerpt":{"rendered":"<p>Bu g\u00fcn Xarici \u0130\u015fl\u0259r naziri Ceyhun Bayramovun Latviya Respublikas\u0131n\u0131n Xarici \u0130\u015fl\u0259r naziri Edqars Rinkevi\u00e7 il\u0259 telefon dan\u0131\u015f\u0131\u011f\u0131 ba\u015f tutub. X\u0130N-d\u0259n veril\u0259n m\u0259lumata g\u00f6r\u0259, nazirl\u0259r b\u00f6lg\u0259d\u0259 m\u00f6vcud olan son v\u0259ziyy\u0259t, 10 noyabr 2020-ci il tarixli birg\u0259 b\u0259yanat\u0131n icras\u0131 il\u0259 ba\u011fl\u0131 m\u0259s\u0259l\u0259l\u0259r \u0259traf\u0131nda fikir m\u00fcbadil\u0259si apar\u0131blar. Nazirl\u0259r, h\u0259m\u00e7inin, \u00f6lk\u0259l\u0259r aras\u0131nda m\u00f6vcud olan ikit\u0259r\u0259fli m\u00fcnasib\u0259tl\u0259rd\u0259n b\u0259hs edib v\u0259 \u00e7oxt\u0259r\u0259fli formatlarda \u0259m\u0259kda\u015fl\u0131q m\u0259s\u0259l\u0259l\u0259rini m\u00fczakir\u0259 edibl\u0259r. Eyni zamanda, telefon dan\u0131\u015f\u0131\u011f\u0131 zaman\u0131 Avropa \u0130ttifaq\u0131n\u0131n \u015e\u0259rq T\u0259r\u0259fda\u015fl\u0131\u011f\u0131 Proqram\u0131nda i\u015ftirakla ba\u011fl\u0131 m\u0259s\u0259l\u0259l\u0259r n\u0259z\u0259rd\u0259n ke\u00e7irilib. T\u0259r\u0259fl\u0259r habel\u0259 qar\u015f\u0131l\u0131ql\u0131 maraq do\u011furan dig\u0259r m\u0259s\u0259l\u0259l\u0259ri m\u00fczakir\u0259 edibl\u0259r.<\/p>\n","protected":false},"author":2,"featured_media":247910,"comment_status":"closed","ping_status":"closed","sticky":false,"template":"","format":"standard","meta":{"om_disable_all_campaigns":false,"_monsterinsights_skip_tracking":false,"_monsterinsights_sitenote_active":false,"_monsterinsights_sitenote_note":"","_monsterinsights_sitenote_category":0},"categories":[4],"tags":[],"aioseo_notices":[],"gutentor_comment":0,"rttpg_featured_image_url":{"full":["https:\/\/arantv.az\/wp-content\/uploads\/2020\/12\/cry.jpg",620,412,false],"landscape":["https:\/\/arantv.az\/wp-content\/uploads\/2020\/12\/cry.jpg",620,412,false],"portraits":["https:\/\/arantv.az\/wp-content\/uploads\/2020\/12\/cry.jpg",620,412,false],"thumbnail":["https:\/\/arantv.az\/wp-content\/uploads\/2020\/12\/cry-150x150.jpg",150,150,true],"medium":["https:\/\/arantv.az\/wp-content\/uploads\/2020\/12\/cry-300x199.jpg",300,199,true],"large":["https:\/\/arantv.az\/wp-content\/uploads\/2020\/12\/cry.jpg",620,412,false],"1536x1536":["https:\/\/arantv.az\/wp-content\/uploads\/2020\/12\/cry.jpg",620,412,false],"2048x2048":["https:\/\/arantv.az\/wp-content\/uploads\/2020\/12\/cry.jpg",620,412,false],"post-thumbnail":["https:\/\/arantv.az\/wp-content\/uploads\/2020\/12\/cry-240x172.jpg",240,172,true],"advps-thumb-one":["https:\/\/arantv.az\/wp-content\/uploads\/2020\/12\/cry.jpg",620,412,false]},"rttpg_author":{"display_name":"V\u00fcsal Rafiqo\u011flu","author_link":"https:\/\/arantv.az\/?author=2"},"rttpg_comment":0,"rttpg_category":"<a href=\"https:\/\/arantv.az\/?cat=4\" rel=\"category\">Siyas\u0259t<\/a>","rttpg_excerpt":"Bu g\u00fcn Xarici \u0130\u015fl\u0259r naziri Ceyhun Bayramovun Latviya Respublikas\u0131n\u0131n Xarici \u0130\u015fl\u0259r naziri Edqars Rinkevi\u00e7 il\u0259 telefon dan\u0131\u015f\u0131\u011f\u0131 ba\u015f tutub. X\u0130N-d\u0259n veril\u0259n m\u0259lumata g\u00f6r\u0259, nazirl\u0259r b\u00f6lg\u0259d\u0259 m\u00f6vcud olan son v\u0259ziyy\u0259t, 10 noyabr 2020-ci il tarixli birg\u0259 b\u0259yanat\u0131n icras\u0131 il\u0259 ba\u011fl\u0131 m\u0259s\u0259l\u0259l\u0259r \u0259traf\u0131nda fikir m\u00fcbadil\u0259si apar\u0131blar. Nazirl\u0259r, h\u0259m\u00e7inin, \u00f6lk\u0259l\u0259r aras\u0131nda m\u00f6vcud olan ikit\u0259r\u0259fli m\u00fcnasib\u0259tl\u0259rd\u0259n b\u0259hs edib v\u0259&hellip;","_links":{"self":[{"href":"https:\/\/arantv.az\/index.php?rest_route=\/wp\/v2\/posts\/247909"}],"collection":[{"href":"https:\/\/arantv.az\/index.php?rest_route=\/wp\/v2\/posts"}],"about":[{"href":"https:\/\/arantv.az\/index.php?rest_route=\/wp\/v2\/types\/post"}],"author":[{"embeddable":true,"href":"https:\/\/arantv.az\/index.php?rest_route=\/wp\/v2\/users\/2"}],"replies":[{"embeddable":true,"href":"https:\/\/arantv.az\/index.php?rest_route=%2Fwp%2Fv2%2Fcomments&post=247909"}],"version-history":[{"count":0,"href":"https:\/\/arantv.az\/index.php?rest_route=\/wp\/v2\/posts\/247909\/revisions"}],"wp:featuredmedia":[{"embeddable":true,"href":"https:\/\/arantv.az\/index.php?rest_route=\/wp\/v2\/media\/247910"}],"wp:attachment":[{"href":"https:\/\/arantv.az\/index.php?rest_route=%2Fwp%2Fv2%2Fmedia&parent=247909"}],"wp:term":[{"taxonomy":"category","embeddable":true,"href":"https:\/\/arantv.az\/index.php?rest_route=%2Fwp%2Fv2%2Fcategories&post=247909"},{"taxonomy":"post_tag","embeddable":true,"href":"https:\/\/arantv.az\/index.php?rest_route=%2Fwp%2Fv2%2Ftags&post=247909"}],"curies":[{"name":"wp","href":"https:\/\/api.w.org\/{rel}","templated":true}]}}