{"id":247913,"date":"2020-12-04T18:52:17","date_gmt":"2020-12-04T15:52:17","guid":{"rendered":"http:\/\/arantv.az\/?p=247913"},"modified":"2020-12-04T18:52:17","modified_gmt":"2020-12-04T15:52:17","slug":"s%c9%99fir-xin-%c9%99-cagirildi-az%c9%99rbaycan-fransaya-nota-verdi-r%c9%99smi","status":"publish","type":"post","link":"https:\/\/arantv.az\/?p=247913","title":{"rendered":"S\u0259fir X\u0130N-\u0259 \u00e7a\u011f\u0131r\u0131ld\u0131: Az\u0259rbaycan Fransaya nota verdi &#8211; R\u018fSM\u0130"},"content":{"rendered":"<p>Fransa Respublikas\u0131n\u0131n Az\u0259rbaycan Respublikas\u0131ndak\u0131 s\u0259firi Zakari Qros Xarici \u0130\u015fl\u0259r Nazirliyin\u0259 \u00e7a\u011f\u0131r\u0131l\u0131b.<\/p>\n<p>Bununla ba\u011fl\u0131 Xarici \u0130\u015fl\u0259r Nazirliyi m\u0259lumat yay\u0131b.<\/p>\n<div id=\"AdviadNativeVideo0\" class=\"AdviadNativeVideo\"><\/div>\n<p>G\u00f6r\u00fc\u015fd\u0259 s\u0259fir\u0259 3 dekabr tarixind\u0259 Fransa Milli Assambleyas\u0131nda q\u0259bul edilmi\u015f \u201cAvropa v\u0259 \u015e\u0259rqin xristian icmalar\u0131 v\u0259 erm\u0259ni xalq\u0131n\u0131n qorunmas\u0131\u201d adl\u0131 q\u0259tnam\u0259 il\u0259 \u0259laq\u0259dar Az\u0259rbaycan Respublikas\u0131 Xarici \u0130\u015fl\u0259r Nazirliyinin etiraz notas\u0131 t\u0259qdim edilib.<\/p>\n<p>Fransa s\u0259firinin diqq\u0259tin\u0259 beyn\u0259lxalq h\u00fcququn norma v\u0259 prinsipl\u0259ri, BMT Nizamnam\u0259si, Helsinki Yekun Akt\u0131, BMT T\u0259hl\u00fck\u0259sizlik \u015euras\u0131n\u0131n 1993-c\u00fc il tarixli 822, 853, 874, 884 sayl\u0131 q\u0259tnam\u0259l\u0259rin\u0259 zidd olan h\u0259min s\u0259n\u0259dl\u0259 ba\u011fl\u0131 q\u0259ti etiraz \u00e7atd\u0131r\u0131l\u0131b.<\/p>\n<p>Fransa s\u0259firi Az\u0259rbaycan X\u0130N-in m\u00f6vqeyinin Parisin diqq\u0259tin\u0259 \u00e7atd\u0131r\u0131laca\u011f\u0131n\u0131 bildirib.<\/p>\n","protected":false},"excerpt":{"rendered":"<p>Fransa Respublikas\u0131n\u0131n Az\u0259rbaycan Respublikas\u0131ndak\u0131 s\u0259firi Zakari Qros Xarici \u0130\u015fl\u0259r Nazirliyin\u0259 \u00e7a\u011f\u0131r\u0131l\u0131b. Bununla ba\u011fl\u0131 Xarici \u0130\u015fl\u0259r Nazirliyi m\u0259lumat yay\u0131b. G\u00f6r\u00fc\u015fd\u0259 s\u0259fir\u0259 3 dekabr tarixind\u0259 Fransa Milli Assambleyas\u0131nda q\u0259bul edilmi\u015f \u201cAvropa v\u0259 \u015e\u0259rqin xristian icmalar\u0131 v\u0259 erm\u0259ni xalq\u0131n\u0131n qorunmas\u0131\u201d adl\u0131 q\u0259tnam\u0259 il\u0259 \u0259laq\u0259dar Az\u0259rbaycan Respublikas\u0131 Xarici \u0130\u015fl\u0259r Nazirliyinin etiraz notas\u0131 t\u0259qdim edilib. Fransa s\u0259firinin diqq\u0259tin\u0259 beyn\u0259lxalq h\u00fcququn norma v\u0259 prinsipl\u0259ri, BMT Nizamnam\u0259si, Helsinki Yekun Akt\u0131, BMT T\u0259hl\u00fck\u0259sizlik \u015euras\u0131n\u0131n 1993-c\u00fc il tarixli 822, 853, 874, 884 sayl\u0131 q\u0259tnam\u0259l\u0259rin\u0259 zidd olan h\u0259min s\u0259n\u0259dl\u0259 ba\u011fl\u0131 q\u0259ti etiraz \u00e7atd\u0131r\u0131l\u0131b. Fransa s\u0259firi Az\u0259rbaycan X\u0130N-in m\u00f6vqeyinin Parisin diqq\u0259tin\u0259&hellip;<\/p>\n","protected":false},"author":2,"featured_media":247914,"comment_status":"closed","ping_status":"closed","sticky":false,"template":"","format":"standard","meta":{"om_disable_all_campaigns":false,"_monsterinsights_skip_tracking":false,"_monsterinsights_sitenote_active":false,"_monsterinsights_sitenote_note":"","_monsterinsights_sitenote_category":0},"categories":[4],"tags":[],"aioseo_notices":[],"gutentor_comment":0,"rttpg_featured_image_url":{"full":["https:\/\/arantv.az\/wp-content\/uploads\/2020\/12\/xin-1.jpg",620,349,false],"landscape":["https:\/\/arantv.az\/wp-content\/uploads\/2020\/12\/xin-1.jpg",620,349,false],"portraits":["https:\/\/arantv.az\/wp-content\/uploads\/2020\/12\/xin-1.jpg",620,349,false],"thumbnail":["https:\/\/arantv.az\/wp-content\/uploads\/2020\/12\/xin-1-150x150.jpg",150,150,true],"medium":["https:\/\/arantv.az\/wp-content\/uploads\/2020\/12\/xin-1-300x169.jpg",300,169,true],"large":["https:\/\/arantv.az\/wp-content\/uploads\/2020\/12\/xin-1.jpg",620,349,false],"1536x1536":["https:\/\/arantv.az\/wp-content\/uploads\/2020\/12\/xin-1.jpg",620,349,false],"2048x2048":["https:\/\/arantv.az\/wp-content\/uploads\/2020\/12\/xin-1.jpg",620,349,false],"post-thumbnail":["https:\/\/arantv.az\/wp-content\/uploads\/2020\/12\/xin-1-240x172.jpg",240,172,true],"advps-thumb-one":["https:\/\/arantv.az\/wp-content\/uploads\/2020\/12\/xin-1.jpg",620,349,false]},"rttpg_author":{"display_name":"V\u00fcsal Rafiqo\u011flu","author_link":"https:\/\/arantv.az\/?author=2"},"rttpg_comment":0,"rttpg_category":"<a href=\"https:\/\/arantv.az\/?cat=4\" rel=\"category\">Siyas\u0259t<\/a>","rttpg_excerpt":"Fransa Respublikas\u0131n\u0131n Az\u0259rbaycan Respublikas\u0131ndak\u0131 s\u0259firi Zakari Qros Xarici \u0130\u015fl\u0259r Nazirliyin\u0259 \u00e7a\u011f\u0131r\u0131l\u0131b. Bununla ba\u011fl\u0131 Xarici \u0130\u015fl\u0259r Nazirliyi m\u0259lumat yay\u0131b. G\u00f6r\u00fc\u015fd\u0259 s\u0259fir\u0259 3 dekabr tarixind\u0259 Fransa Milli Assambleyas\u0131nda q\u0259bul edilmi\u015f \u201cAvropa v\u0259 \u015e\u0259rqin xristian icmalar\u0131 v\u0259 erm\u0259ni xalq\u0131n\u0131n qorunmas\u0131\u201d adl\u0131 q\u0259tnam\u0259 il\u0259 \u0259laq\u0259dar Az\u0259rbaycan Respublikas\u0131 Xarici \u0130\u015fl\u0259r Nazirliyinin etiraz notas\u0131 t\u0259qdim edilib. Fransa s\u0259firinin diqq\u0259tin\u0259 beyn\u0259lxalq h\u00fcququn&hellip;","_links":{"self":[{"href":"https:\/\/arantv.az\/index.php?rest_route=\/wp\/v2\/posts\/247913"}],"collection":[{"href":"https:\/\/arantv.az\/index.php?rest_route=\/wp\/v2\/posts"}],"about":[{"href":"https:\/\/arantv.az\/index.php?rest_route=\/wp\/v2\/types\/post"}],"author":[{"embeddable":true,"href":"https:\/\/arantv.az\/index.php?rest_route=\/wp\/v2\/users\/2"}],"replies":[{"embeddable":true,"href":"https:\/\/arantv.az\/index.php?rest_route=%2Fwp%2Fv2%2Fcomments&post=247913"}],"version-history":[{"count":0,"href":"https:\/\/arantv.az\/index.php?rest_route=\/wp\/v2\/posts\/247913\/revisions"}],"wp:featuredmedia":[{"embeddable":true,"href":"https:\/\/arantv.az\/index.php?rest_route=\/wp\/v2\/media\/247914"}],"wp:attachment":[{"href":"https:\/\/arantv.az\/index.php?rest_route=%2Fwp%2Fv2%2Fmedia&parent=247913"}],"wp:term":[{"taxonomy":"category","embeddable":true,"href":"https:\/\/arantv.az\/index.php?rest_route=%2Fwp%2Fv2%2Fcategories&post=247913"},{"taxonomy":"post_tag","embeddable":true,"href":"https:\/\/arantv.az\/index.php?rest_route=%2Fwp%2Fv2%2Ftags&post=247913"}],"curies":[{"name":"wp","href":"https:\/\/api.w.org\/{rel}","templated":true}]}}