{"id":247917,"date":"2020-12-04T18:53:24","date_gmt":"2020-12-04T15:53:24","guid":{"rendered":"http:\/\/arantv.az\/?p=247917"},"modified":"2020-12-04T18:53:24","modified_gmt":"2020-12-04T15:53:24","slug":"serbiya-az%c9%99rbaycana-olan-butun-borcunu-od%c9%99y%c9%99c%c9%99k-r%c9%99smi","status":"publish","type":"post","link":"https:\/\/arantv.az\/?p=247917","title":{"rendered":"Serbiya Az\u0259rbaycana olan b\u00fct\u00fcn borcunu \u00f6d\u0259y\u0259c\u0259k &#8211; R\u018fSM\u0130"},"content":{"rendered":"<p>Serbiya h\u00f6kum\u0259ti Az\u0259rbaycana olan b\u00fct\u00fcn d\u00f6vl\u0259t borcunu \u00f6d\u0259m\u0259yi planla\u015fd\u0131r\u0131r.<\/p>\n<p>Bu bar\u0259d\u0259 Serbiya Prezidenti Aleksandr Vu\u00e7i\u00e7 m\u0259lumat verib.<\/p>\n<div id=\"AdviadNativeVideo0\" class=\"AdviadNativeVideo\"><\/div>\n<p>Prezident bildirib ki, bu ilin sonuna q\u0259d\u0259r yol tikintisi \u00fc\u00e7\u00fcn Az\u0259rbaycandan al\u0131nan kredit borcunu tamamil\u0259\u00a0qaytarma\u011f\u0131 d\u00fc\u015f\u00fcn\u00fcrl\u0259r.<\/p>\n<p>Onun s\u00f6zl\u0259rin\u0259 g\u00f6r\u0259, kredit borcunun \u00fcmumi h\u0259cmi 300 milyon avro d\u0259y\u0259rind\u0259 olub v\u0259 art\u0131q m\u0259bl\u0259\u011fin yar\u0131dan \u00e7oxu \u00f6d\u0259nib. Qalan kredit borcu is\u0259 170 milyon avro d\u0259y\u0259rind\u0259dir.<\/p>\n<p>Bununla bel\u0259, 2011-ci ild\u0259n 4 faizlik \u015f\u0259rtl\u0259rl\u0259 g\u00f6t\u00fcr\u00fcl\u0259n kreditin tamamil\u0259 \u00f6d\u0259nilm\u0259si h\u00f6kum\u0259t \u00fc\u00e7\u00fcn daha m\u0259qbul hesab edilir.<\/p>\n","protected":false},"excerpt":{"rendered":"<p>Serbiya h\u00f6kum\u0259ti Az\u0259rbaycana olan b\u00fct\u00fcn d\u00f6vl\u0259t borcunu \u00f6d\u0259m\u0259yi planla\u015fd\u0131r\u0131r. Bu bar\u0259d\u0259 Serbiya Prezidenti Aleksandr Vu\u00e7i\u00e7 m\u0259lumat verib. Prezident bildirib ki, bu ilin sonuna q\u0259d\u0259r yol tikintisi \u00fc\u00e7\u00fcn Az\u0259rbaycandan al\u0131nan kredit borcunu tamamil\u0259\u00a0qaytarma\u011f\u0131 d\u00fc\u015f\u00fcn\u00fcrl\u0259r. Onun s\u00f6zl\u0259rin\u0259 g\u00f6r\u0259, kredit borcunun \u00fcmumi h\u0259cmi 300 milyon avro d\u0259y\u0259rind\u0259 olub v\u0259 art\u0131q m\u0259bl\u0259\u011fin yar\u0131dan \u00e7oxu \u00f6d\u0259nib. Qalan kredit borcu is\u0259 170 milyon avro d\u0259y\u0259rind\u0259dir. Bununla bel\u0259, 2011-ci ild\u0259n 4 faizlik \u015f\u0259rtl\u0259rl\u0259 g\u00f6t\u00fcr\u00fcl\u0259n kreditin tamamil\u0259 \u00f6d\u0259nilm\u0259si h\u00f6kum\u0259t \u00fc\u00e7\u00fcn daha m\u0259qbul hesab edilir.<\/p>\n","protected":false},"author":2,"featured_media":247918,"comment_status":"closed","ping_status":"closed","sticky":false,"template":"","format":"standard","meta":{"om_disable_all_campaigns":false,"_monsterinsights_skip_tracking":false,"_monsterinsights_sitenote_active":false,"_monsterinsights_sitenote_note":"","_monsterinsights_sitenote_category":0},"categories":[19],"tags":[],"aioseo_notices":[],"gutentor_comment":0,"rttpg_featured_image_url":{"full":["https:\/\/arantv.az\/wp-content\/uploads\/2020\/12\/vucic-z-jovanovic.jpg",620,410,false],"landscape":["https:\/\/arantv.az\/wp-content\/uploads\/2020\/12\/vucic-z-jovanovic.jpg",620,410,false],"portraits":["https:\/\/arantv.az\/wp-content\/uploads\/2020\/12\/vucic-z-jovanovic.jpg",620,410,false],"thumbnail":["https:\/\/arantv.az\/wp-content\/uploads\/2020\/12\/vucic-z-jovanovic-150x150.jpg",150,150,true],"medium":["https:\/\/arantv.az\/wp-content\/uploads\/2020\/12\/vucic-z-jovanovic-300x198.jpg",300,198,true],"large":["https:\/\/arantv.az\/wp-content\/uploads\/2020\/12\/vucic-z-jovanovic.jpg",620,410,false],"1536x1536":["https:\/\/arantv.az\/wp-content\/uploads\/2020\/12\/vucic-z-jovanovic.jpg",620,410,false],"2048x2048":["https:\/\/arantv.az\/wp-content\/uploads\/2020\/12\/vucic-z-jovanovic.jpg",620,410,false],"post-thumbnail":["https:\/\/arantv.az\/wp-content\/uploads\/2020\/12\/vucic-z-jovanovic-240x172.jpg",240,172,true],"advps-thumb-one":["https:\/\/arantv.az\/wp-content\/uploads\/2020\/12\/vucic-z-jovanovic.jpg",620,410,false]},"rttpg_author":{"display_name":"V\u00fcsal Rafiqo\u011flu","author_link":"https:\/\/arantv.az\/?author=2"},"rttpg_comment":0,"rttpg_category":"<a href=\"https:\/\/arantv.az\/?cat=19\" rel=\"category\">G\u00fcnd\u0259m<\/a>","rttpg_excerpt":"Serbiya h\u00f6kum\u0259ti Az\u0259rbaycana olan b\u00fct\u00fcn d\u00f6vl\u0259t borcunu \u00f6d\u0259m\u0259yi planla\u015fd\u0131r\u0131r. Bu bar\u0259d\u0259 Serbiya Prezidenti Aleksandr Vu\u00e7i\u00e7 m\u0259lumat verib. Prezident bildirib ki, bu ilin sonuna q\u0259d\u0259r yol tikintisi \u00fc\u00e7\u00fcn Az\u0259rbaycandan al\u0131nan kredit borcunu tamamil\u0259\u00a0qaytarma\u011f\u0131 d\u00fc\u015f\u00fcn\u00fcrl\u0259r. Onun s\u00f6zl\u0259rin\u0259 g\u00f6r\u0259, kredit borcunun \u00fcmumi h\u0259cmi 300 milyon avro d\u0259y\u0259rind\u0259 olub v\u0259 art\u0131q m\u0259bl\u0259\u011fin yar\u0131dan \u00e7oxu \u00f6d\u0259nib. Qalan kredit borcu is\u0259&hellip;","_links":{"self":[{"href":"https:\/\/arantv.az\/index.php?rest_route=\/wp\/v2\/posts\/247917"}],"collection":[{"href":"https:\/\/arantv.az\/index.php?rest_route=\/wp\/v2\/posts"}],"about":[{"href":"https:\/\/arantv.az\/index.php?rest_route=\/wp\/v2\/types\/post"}],"author":[{"embeddable":true,"href":"https:\/\/arantv.az\/index.php?rest_route=\/wp\/v2\/users\/2"}],"replies":[{"embeddable":true,"href":"https:\/\/arantv.az\/index.php?rest_route=%2Fwp%2Fv2%2Fcomments&post=247917"}],"version-history":[{"count":0,"href":"https:\/\/arantv.az\/index.php?rest_route=\/wp\/v2\/posts\/247917\/revisions"}],"wp:featuredmedia":[{"embeddable":true,"href":"https:\/\/arantv.az\/index.php?rest_route=\/wp\/v2\/media\/247918"}],"wp:attachment":[{"href":"https:\/\/arantv.az\/index.php?rest_route=%2Fwp%2Fv2%2Fmedia&parent=247917"}],"wp:term":[{"taxonomy":"category","embeddable":true,"href":"https:\/\/arantv.az\/index.php?rest_route=%2Fwp%2Fv2%2Fcategories&post=247917"},{"taxonomy":"post_tag","embeddable":true,"href":"https:\/\/arantv.az\/index.php?rest_route=%2Fwp%2Fv2%2Ftags&post=247917"}],"curies":[{"name":"wp","href":"https:\/\/api.w.org\/{rel}","templated":true}]}}