{"id":247925,"date":"2020-12-04T18:56:06","date_gmt":"2020-12-04T15:56:06","guid":{"rendered":"http:\/\/arantv.az\/?p=247925"},"modified":"2020-12-04T18:56:06","modified_gmt":"2020-12-04T15:56:06","slug":"lacinda-az%c9%99rbaycan-himni-oxundu-v%c9%99-sanli-bayragimiz-dalgalandi","status":"publish","type":"post","link":"https:\/\/arantv.az\/?p=247925","title":{"rendered":"La\u00e7\u0131nda Az\u0259rbaycan Himni oxundu v\u0259 \u015eanl\u0131 Bayra\u011f\u0131m\u0131z dal\u011faland\u0131"},"content":{"rendered":"<p>K\u0259lb\u0259c\u0259r-La\u00e7\u0131n iqtisadi rayonuna daxil olan v\u0259 bu g\u00fcn erm\u0259ni i\u015f\u011fal\u0131ndan azad olunmu\u015f La\u00e7\u0131n rayonu \u00f6lk\u0259nin c\u0259nub-q\u0259rbind\u0259, da\u011fl\u0131q \u0259razid\u0259 yerl\u0259\u015fir. Bu g\u00fcn La\u00e7\u0131n rayonu i\u015f\u011faldan azad olundu, erm\u0259ni i\u015f\u011fal\u00e7\u0131 q\u00fcvv\u0259l\u0259rind\u0259n t\u0259mizl\u0259ndi.<\/p>\n<p>44 g\u00fcnl\u00fck m\u00fcharib\u0259 haqq\u0131n-\u0259dal\u0259tin b\u0259rpas\u0131 olmaqla yana\u015f\u0131, kimin kim oldu\u011funu bir daha g\u00f6st\u0259rdi. H\u0259qiq\u0259t an\u0131 kimi d\u0259y\u0259rl\u0259ndiril\u0259n 44 g\u00fcnd\u0259 kimin haqq\u0131n, kimin \u015f\u0259rin, kimin dostun, kimin is\u0259 d\u00fc\u015fm\u0259nin yan\u0131nda oldu\u011fu a\u00e7\u0131qland\u0131. 30 il\u0259 yax\u0131n m\u00fcdd\u0259tin real m\u0259nz\u0259r\u0259si budur ki, m\u00fcnaqi\u015f\u0259nin h\u0259llind\u0259 vasit\u0259\u00e7ilik missiyas\u0131n\u0131 yerin\u0259 yetir\u0259n AT\u018fT-in Minsk qrupunun h\u0259ms\u0259drl\u0259ri ikili standartlar \u0259sas\u0131nda \u0259dal\u0259tin maraqlar\u0131n arxas\u0131nda \u0259rim\u0259sin\u0259 r\u0259vac verib, BMT T\u0259hl\u00fck\u0259sizlik \u015euras\u0131n\u0131n daimi \u00fczvl\u0259ri kimi\u00a0 q\u0259bulunda\u00a0 i\u015ftirak etdikl\u0259ri 4 q\u0259tnam\u0259nin icras\u0131nda he\u00e7 zaman maraql\u0131 olmay\u0131blar. Bu yana\u015fmalar ist\u0259r m\u00fcharib\u0259 d\u00f6vr\u00fcnd\u0259, ist\u0259rs\u0259 d\u0259 Az\u0259rbaycan\u0131n siyasi q\u0259l\u0259b\u0259sinin v\u0259 Erm\u0259nistan\u0131n m\u0259\u011flubiyy\u0259tinin t\u0259sdiqi olan 10 noyabr \u00fc\u00e7t\u0259r\u0259fli B\u0259yanat\u0131n q\u0259bulundan sonra \u00f6z\u00fcn\u00fc qabar\u0131q \u015f\u0259kild\u0259 b\u00fcruz\u0259 verir.<\/p>\n<p>Fransa erm\u0259ni diasporunun g\u00fccl\u00fc oldu\u011fu \u00f6lk\u0259l\u0259rd\u0259ndir. Fransada m\u0259skunla\u015fan erm\u0259nil\u0259r\u00a0 m\u00fc\u0259yy\u0259n m\u0259nada frans\u0131z siyas\u0259t\u00e7il\u0259rini sat\u0131n ala bilirl\u0259r. Qondarma \u201cDa\u011fl\u0131q Qaraba\u011f Respublikas\u0131n\u0131n tan\u0131nmas\u0131n\u0131n z\u0259ruriliyin\u0259 dair\u201d q\u0259tnam\u0259nin q\u0259bul edilm\u0259si d\u0259 bunun bariz n\u00fcmun\u0259sidir. Layih\u0259nin ideya m\u00fc\u0259llifl\u0259ri erm\u0259nil\u0259rin Fransada kompakt ya\u015fad\u0131\u011f\u0131 regionlardan olan senatorlard\u0131r.<br \/>\nAz\u0259rbaycan\u0131n d\u00f6y\u00fc\u015f meydan\u0131nda z\u0259f\u0259ri siyasi m\u00fcst\u0259vid\u0259 q\u0259l\u0259b\u0259sini \u015f\u0259rtl\u0259ndirdi: \u201cBir daha s\u00fcbut edildi ki, Da\u011fl\u0131q Qaraba\u011f \u0259z\u0259li Az\u0259rbaycan torpa\u011f\u0131d\u0131r. Az\u0259rbaycanl\u0131lar yox, m\u0259hz erm\u0259nil\u0259r bu torpa\u011fa g\u0259lm\u0259 xalqd\u0131r. D\u00f6vl\u0259timizin ba\u015f\u00e7\u0131s\u0131, Ali Ba\u015f Komandan \u0130lham \u018fliyev\u00a0 44 g\u00fcnd\u0259 30-a yax\u0131n xarici m\u0259tbuata, o c\u00fcml\u0259d\u0259n Almaniyan\u0131n ARD televiziya kanal\u0131na m\u00fcsahib\u0259sind\u0259 \u201cN\u0259y\u0259 g\u00f6r\u0259 Qaraba\u011f Az\u0259rbaycan \u00fc\u00e7\u00fcn bel\u0259 \u00f6n\u0259mlidir? Orada resurslar var, yoxsa bu, bir r\u0259mzi m\u0259na da\u015f\u0131y\u0131r\u201d sual\u0131na cavab\u0131 il\u0259\u00a0 Erm\u0259nistana\u00a0 v\u0259 ona d\u0259st\u0259k olan\u00a0 Fransa kimi\u00a0 demokratik d\u0259y\u0259rl\u0259ri, beyn\u0259lxalq h\u00fcququn norma v\u0259 prinsipl\u0259rini kobud \u015f\u0259kild\u0259 pozan d\u00f6vl\u0259tl\u0259r\u0259 tarix, h\u00fcquq, eyni zamanda, milli q\u00fcrur d\u0259rsi kecmi\u015fdi. H\u0259min suala\u00a0 cavab bu g\u00fcn d\u0259 qondarma \u201cDa\u011fl\u0131q Qaraba\u011f Respublikas\u0131n\u0131n tan\u0131nmas\u0131n\u0131n z\u0259ruriliyin\u0259 dair\u201d q\u0259tnam\u0259nin m\u00fc\u0259llifl\u0259rin\u0259 v\u0259 onun q\u0259bulunda f\u0259dakarl\u0131q g\u00f6st\u0259r\u0259n, amma m\u0259s\u0259l\u0259nin mahiyy\u0259tini d\u0259rk etm\u0259y\u0259n senatorlara, siyas\u0259t\u00e7\u0131l\u0259r\u0259 tutarl\u0131 cavabd\u0131r.<br \/>\nD\u00f6vl\u0259t ba\u015f\u00e7\u0131s\u0131 vur\u011fulay\u0131b: \u201cBu, bizim torpaqd\u0131r, beyn\u0259lxalq s\u0259viyy\u0259d\u0259 tan\u0131nan bizim \u0259razimizdir. Bu, resurslar m\u0259s\u0259l\u0259si deyil. \u018fsas resurslar burada, Bak\u0131dad\u0131r. Bu, \u0259dal\u0259t m\u0259s\u0259l\u0259sidir, bu, milli q\u00fcrur m\u0259s\u0259l\u0259sidir v\u0259 bu, beyn\u0259lxalq h\u00fcquq m\u0259s\u0259l\u0259sidir. Beyn\u0259lxalq h\u00fcquq v\u0259 b\u00fct\u00fcn beyn\u0259lxalq ictimaiyy\u0259t Da\u011fl\u0131q Qaraba\u011f\u0131 Az\u0259rbaycan\u0131n ayr\u0131lmaz hiss\u0259si kimi tan\u0131y\u0131r. Biz \u0259dal\u0259ti b\u0259rpa edirik v\u0259 biz BMT T\u0259hl\u00fck\u0259sizlik \u015euras\u0131n\u0131n 27 il \u0259rzind\u0259 ka\u011f\u0131z \u00fcz\u0259rind\u0259 qalan q\u0259tnam\u0259l\u0259rini icra edirik.\u201d<br \/>\n\u201cM\u0259n bir daha dem\u0259k ist\u0259yir\u0259m, \u2013 art\u0131q onu demi\u015f\u0259m, \u2013 onsuz da biz La\u00e7\u0131n\u0131 da, K\u0259lb\u0259c\u0259ri d\u0259, A\u011fdam\u0131 da alacaqd\u0131q. Bizim planlar\u0131m\u0131z var idi v\u0259 biz ard\u0131c\u0131l \u015f\u0259kild\u0259 bu planlara do\u011fru gedirdik. Ancaq h\u0259r k\u0259s bilm\u0259lidir ki, K\u0259lb\u0259c\u0259r v\u0259 La\u00e7\u0131n rayonlar\u0131n\u0131n \u00e7ox \u00e7\u0259tin relyefi var. K\u0259lb\u0259c\u0259r rayonuna \u0259vv\u0259lki, sovet d\u00f6vr\u00fcnd\u0259 ged\u0259n yol A\u011fd\u0259r\u0259 rayonundan ke\u00e7irdi. Sovet vaxt\u0131nda bu rayona Mardakert deyilirdi, orada erm\u0259nil\u0259r ya\u015fay\u0131rd\u0131. Ba\u015fqa yol dem\u0259k olar ki, yox idi. Biz indi K\u0259lb\u0259c\u0259r\u0259 G\u00f6yg\u00f6l v\u0259 Da\u015fk\u0259s\u0259n rayonlar\u0131ndan daxil olmu\u015fuq. X\u00fcsusil\u0259 q\u0131\u015f m\u00f6vs\u00fcm\u00fcn\u00fc, \u00e7\u0259tin relyefi n\u0259z\u0259r\u0259 alsaq b\u00f6y\u00fck itkil\u0259rimiz ola bil\u0259rdi. H\u0259m A\u011fdam, h\u0259m La\u00e7\u0131n, h\u0259m K\u0259lb\u0259c\u0259r rayonlar\u0131n\u0131n azad edilm\u0259si i\u015find\u0259 b\u00f6y\u00fck itkil\u0259rimiz ola bil\u0259rdi v\u0259 b\u00f6y\u00fck vaxt s\u0259rf olunacaqd\u0131\u201d.<\/p>\n<p>M\u00f6ht\u0259r\u0259m Prezidentimiz c\u0259nab \u0130lham \u018fliyev\u00a0 xalqa m\u00fcraci\u0259tind\u0259 deyib: \u201cOna g\u00f6r\u0259 bizim q\u0259l\u0259b\u0259miz tarixi Q\u0259l\u0259b\u0259dir. Biz bir ne\u00e7\u0259 rayonu d\u00f6y\u00fc\u015f meydan\u0131nda d\u00fc\u015fm\u0259nd\u0259n azad etdik, \u00fc\u00e7 rayonu d\u00fc\u015fm\u0259ni m\u0259cbur ed\u0259r\u0259k qaytard\u0131q v\u0259 bel\u0259likl\u0259, Da\u011fl\u0131q Qaraba\u011f m\u00fcnaqi\u015f\u0259sini h\u0259ll etdik. \u0130ndi art\u0131q Da\u011fl\u0131q Qaraba\u011f m\u00fcnaqi\u015f\u0259si yoxdur. \u018fg\u0259r kims\u0259 hesab edir ki, bu m\u00fcnaqi\u015f\u0259 h\u0259l\u0259 d\u0259 davam edir, s\u0259hv edir. Bu g\u00fcn Da\u011fl\u0131q Qaraba\u011fda ya\u015fayan insanlar Az\u0259rbaycan v\u0259t\u0259nda\u015flar\u0131d\u0131r. M\u0259n bir daha dem\u0259k ist\u0259yir\u0259m, onlar g\u00f6r\u0259c\u0259kl\u0259r ki, vahid Az\u0259rbaycan d\u00f6vl\u0259ti \u00e7\u0259r\u00e7iv\u0259sind\u0259 onlar\u0131n ya\u015fay\u0131\u015f\u0131 yax\u015f\u0131 olacaq. Onlar bu s\u0259fal\u0259td\u0259n canlar\u0131n\u0131 qurtaracaqlar. Bax\u0131n, biz indi B\u0259rd\u0259d\u0259n A\u011fdama d\u0259mir yolu \u00e7\u0259kirik. A\u011fdamdan Xank\u0259ndiy\u0259 m\u0259saf\u0259 20-30 kilometrdir. Amma Erm\u0259nistan paytaxt\u0131ndan Xank\u0259ndiy\u0259 g\u0259lm\u0259k \u00fc\u00e7\u00fcn ne\u00e7\u0259 saat vaxt s\u0259rf etm\u0259k laz\u0131md\u0131r \u2013 y\u00fck ma\u015f\u0131nlar\u0131 il\u0259 b\u0259lk\u0259 d\u0259 on saat. \u00d6z\u00fc d\u0259 \u00e7\u0259tin da\u011f yollar\u0131 il\u0259. A\u011fdamdan is\u0259 Xank\u0259ndiy\u0259 yar\u0131m saat.<\/p>\n<p>Bu, g\u0259l\u0259c\u0259k perspektivl\u0259rimizi dikt\u0259 ed\u0259c\u0259k. Ona g\u00f6r\u0259 biz buna haz\u0131r olmal\u0131y\u0131q v\u0259 \u00f6z strategiyam\u0131z\u0131, \u00f6z taktiki add\u0131mlar\u0131m\u0131z\u0131 el\u0259 atmal\u0131y\u0131q ki, bundan sonra bu b\u00f6lg\u0259d\u0259 bir d\u0259n\u0259 d\u0259 t\u0259hl\u00fck\u0259 m\u0259nb\u0259yi olmas\u0131n. \u018flb\u0259tt\u0259 ki, bunun qarant\u0131 Az\u0259rbaycan Ordusudur. \u018fg\u0259r bu b\u00f6lg\u0259nin co\u011frafiyas\u0131na h\u0259r k\u0259s baxsa g\u00f6r\u0259r ki, bu g\u00fcn Erm\u0259nistan\u0131 Da\u011fl\u0131q Qaraba\u011fla 5 kilometr enind\u0259 d\u0259hliz birl\u0259\u015fdirir\u201d.<br \/>\nAz\u0259rbaycan bundan sonra \u00f6z\u00fcn\u00fcn maliyy\u0259 imkanlar\u0131 hesab\u0131na erm\u0259ni i\u015f\u011fal\u0131ndan azad edilmi\u015f regionun yenid\u0259n canlanmas\u0131na v\u0259 inki\u015faf\u0131na nail olacaq.<\/p>\n<p>\u00d6lk\u0259miz C\u0259nubi Qafqazda s\u00fclh\u00fc v\u0259 t\u0259hl\u00fck\u0259sizliyi t\u0259min ed\u0259c\u0259k. Azad olunan \u0259razil\u0259rd\u0259 yenid\u0259nqurma i\u015fl\u0259rinin g\u00f6r\u00fclm\u0259sind\u0259n sonra qa\u00e7q\u0131n v\u0259 m\u0259cburi k\u00f6\u00e7k\u00fcnl\u0259rin d\u0259d\u0259-baba torpaqlar\u0131na geri qay\u0131dacaqlar.<\/p>\n<p>M\u00f6ht\u0259r\u0259m Prezidentimiz \u201cQaraba\u011f Az\u0259rbaycand\u0131r!\u201d dey\u0259r\u0259k v\u0259 s\u00f6z\u00fcn\u00fc yerin\u0259 yetirdi. 30 il\u0259 yax\u0131n i\u015f\u011fal m\u00fcdd\u0259tind\u0259 haqq\u0131 tapdalanan v\u0259 \u0259ziyy\u0259t \u00e7\u0259k\u0259n Az\u0259rbaycan d\u00f6vl\u0259ti \u0259dal\u0259ti \u00f6z imkanlar\u0131 hesab\u0131na t\u0259min etdi, \u00f6z torpaqlar\u0131n\u0131 \u00f6z\u00fc geri ald\u0131. C\u0259nab Prezidentin n\u00fcmayi\u015f etdirdiyi g\u00fccl\u00fc liderlik bacar\u0131\u011f\u0131 v\u0259 M\u00fcz\u0259ff\u0259r Az\u0259rbaycan Ordusunun apard\u0131\u011f\u0131 m\u00fcbariz\u0259 tarix\u0259 q\u0131z\u0131l h\u0259rfl\u0259rl\u0259 yaz\u0131lacaq.<br \/>\nBel\u0259likl\u0259, Az\u0259rbaycan\u0131n h\u0259m iqtisadiyyat\u0131 daha da g\u00fccl\u0259n\u0259c\u0259k, h\u0259m d\u0259 v\u0259t\u0259nda\u015flar\u0131m\u0131z\u0131n h\u0259yat \u015f\u0259raiti, rifah\u0131 daha da yax\u015f\u0131la\u015facaq.<\/p>\n<p><strong>Elman Al\u0131yev<\/strong><\/p>\n<p><strong>Naftalan \u015f\u0259h\u0259r Heyd\u0259r \u018fliyev M\u0259rk\u0259zinin direktoru<\/strong><\/p>\n","protected":false},"excerpt":{"rendered":"<p>K\u0259lb\u0259c\u0259r-La\u00e7\u0131n iqtisadi rayonuna daxil olan v\u0259 bu g\u00fcn erm\u0259ni i\u015f\u011fal\u0131ndan azad olunmu\u015f La\u00e7\u0131n rayonu \u00f6lk\u0259nin c\u0259nub-q\u0259rbind\u0259, da\u011fl\u0131q \u0259razid\u0259 yerl\u0259\u015fir. Bu g\u00fcn La\u00e7\u0131n rayonu i\u015f\u011faldan azad olundu, erm\u0259ni i\u015f\u011fal\u00e7\u0131 q\u00fcvv\u0259l\u0259rind\u0259n t\u0259mizl\u0259ndi. 44 g\u00fcnl\u00fck m\u00fcharib\u0259 haqq\u0131n-\u0259dal\u0259tin b\u0259rpas\u0131 olmaqla yana\u015f\u0131, kimin kim oldu\u011funu bir daha g\u00f6st\u0259rdi. H\u0259qiq\u0259t an\u0131 kimi d\u0259y\u0259rl\u0259ndiril\u0259n 44 g\u00fcnd\u0259 kimin haqq\u0131n, kimin \u015f\u0259rin, kimin dostun, kimin is\u0259 d\u00fc\u015fm\u0259nin yan\u0131nda oldu\u011fu a\u00e7\u0131qland\u0131. 30 il\u0259 yax\u0131n m\u00fcdd\u0259tin real m\u0259nz\u0259r\u0259si budur ki, m\u00fcnaqi\u015f\u0259nin h\u0259llind\u0259 vasit\u0259\u00e7ilik missiyas\u0131n\u0131 yerin\u0259 yetir\u0259n AT\u018fT-in Minsk qrupunun h\u0259ms\u0259drl\u0259ri ikili standartlar \u0259sas\u0131nda \u0259dal\u0259tin maraqlar\u0131n arxas\u0131nda \u0259rim\u0259sin\u0259 r\u0259vac verib, BMT T\u0259hl\u00fck\u0259sizlik&hellip;<\/p>\n","protected":false},"author":2,"featured_media":247926,"comment_status":"closed","ping_status":"closed","sticky":false,"template":"","format":"standard","meta":{"om_disable_all_campaigns":false,"_monsterinsights_skip_tracking":false,"_monsterinsights_sitenote_active":false,"_monsterinsights_sitenote_note":"","_monsterinsights_sitenote_category":0},"categories":[1],"tags":[],"aioseo_notices":[],"gutentor_comment":0,"rttpg_featured_image_url":{"full":["https:\/\/arantv.az\/wp-content\/uploads\/2020\/12\/4454c95c160709304914017231810034642.jpg",975,540,false],"landscape":["https:\/\/arantv.az\/wp-content\/uploads\/2020\/12\/4454c95c160709304914017231810034642.jpg",975,540,false],"portraits":["https:\/\/arantv.az\/wp-content\/uploads\/2020\/12\/4454c95c160709304914017231810034642.jpg",975,540,false],"thumbnail":["https:\/\/arantv.az\/wp-content\/uploads\/2020\/12\/4454c95c160709304914017231810034642-150x150.jpg",150,150,true],"medium":["https:\/\/arantv.az\/wp-content\/uploads\/2020\/12\/4454c95c160709304914017231810034642-300x166.jpg",300,166,true],"large":["https:\/\/arantv.az\/wp-content\/uploads\/2020\/12\/4454c95c160709304914017231810034642.jpg",640,354,false],"1536x1536":["https:\/\/arantv.az\/wp-content\/uploads\/2020\/12\/4454c95c160709304914017231810034642.jpg",975,540,false],"2048x2048":["https:\/\/arantv.az\/wp-content\/uploads\/2020\/12\/4454c95c160709304914017231810034642.jpg",975,540,false],"post-thumbnail":["https:\/\/arantv.az\/wp-content\/uploads\/2020\/12\/4454c95c160709304914017231810034642-240x172.jpg",240,172,true],"advps-thumb-one":["https:\/\/arantv.az\/wp-content\/uploads\/2020\/12\/4454c95c160709304914017231810034642.jpg",975,540,false]},"rttpg_author":{"display_name":"V\u00fcsal Rafiqo\u011flu","author_link":"https:\/\/arantv.az\/?author=2"},"rttpg_comment":0,"rttpg_category":"<a href=\"https:\/\/arantv.az\/?cat=1\" rel=\"category\">C\u0259miyy\u0259t<\/a>","rttpg_excerpt":"K\u0259lb\u0259c\u0259r-La\u00e7\u0131n iqtisadi rayonuna daxil olan v\u0259 bu g\u00fcn erm\u0259ni i\u015f\u011fal\u0131ndan azad olunmu\u015f La\u00e7\u0131n rayonu \u00f6lk\u0259nin c\u0259nub-q\u0259rbind\u0259, da\u011fl\u0131q \u0259razid\u0259 yerl\u0259\u015fir. Bu g\u00fcn La\u00e7\u0131n rayonu i\u015f\u011faldan azad olundu, erm\u0259ni i\u015f\u011fal\u00e7\u0131 q\u00fcvv\u0259l\u0259rind\u0259n t\u0259mizl\u0259ndi. 44 g\u00fcnl\u00fck m\u00fcharib\u0259 haqq\u0131n-\u0259dal\u0259tin b\u0259rpas\u0131 olmaqla yana\u015f\u0131, kimin kim oldu\u011funu bir daha g\u00f6st\u0259rdi. H\u0259qiq\u0259t an\u0131 kimi d\u0259y\u0259rl\u0259ndiril\u0259n 44 g\u00fcnd\u0259 kimin haqq\u0131n, kimin \u015f\u0259rin, kimin dostun,&hellip;","_links":{"self":[{"href":"https:\/\/arantv.az\/index.php?rest_route=\/wp\/v2\/posts\/247925"}],"collection":[{"href":"https:\/\/arantv.az\/index.php?rest_route=\/wp\/v2\/posts"}],"about":[{"href":"https:\/\/arantv.az\/index.php?rest_route=\/wp\/v2\/types\/post"}],"author":[{"embeddable":true,"href":"https:\/\/arantv.az\/index.php?rest_route=\/wp\/v2\/users\/2"}],"replies":[{"embeddable":true,"href":"https:\/\/arantv.az\/index.php?rest_route=%2Fwp%2Fv2%2Fcomments&post=247925"}],"version-history":[{"count":0,"href":"https:\/\/arantv.az\/index.php?rest_route=\/wp\/v2\/posts\/247925\/revisions"}],"wp:featuredmedia":[{"embeddable":true,"href":"https:\/\/arantv.az\/index.php?rest_route=\/wp\/v2\/media\/247926"}],"wp:attachment":[{"href":"https:\/\/arantv.az\/index.php?rest_route=%2Fwp%2Fv2%2Fmedia&parent=247925"}],"wp:term":[{"taxonomy":"category","embeddable":true,"href":"https:\/\/arantv.az\/index.php?rest_route=%2Fwp%2Fv2%2Fcategories&post=247925"},{"taxonomy":"post_tag","embeddable":true,"href":"https:\/\/arantv.az\/index.php?rest_route=%2Fwp%2Fv2%2Ftags&post=247925"}],"curies":[{"name":"wp","href":"https:\/\/api.w.org\/{rel}","templated":true}]}}