{"id":247933,"date":"2020-12-04T19:01:02","date_gmt":"2020-12-04T16:01:02","guid":{"rendered":"http:\/\/arantv.az\/?p=247933"},"modified":"2020-12-04T19:01:02","modified_gmt":"2020-12-04T16:01:02","slug":"c%c9%99bh%c9%99y%c9%99-ged%c9%99nd%c9%99-bilirdim-ki-oglum-salamat-qayitmayacaq-video-2","status":"publish","type":"post","link":"https:\/\/arantv.az\/?p=247933","title":{"rendered":"&#8220;C\u0259bh\u0259y\u0259 ged\u0259nd\u0259 bilirdim ki, o\u011flum salamat qay\u0131tmayacaq&#8221; &#8211; V\u0130DEO"},"content":{"rendered":"<p>&#8220;\u00c7ox adam deyirdi ki, niy\u0259 tez evl\u0259ndirirs\u0259n o\u011flunu&#8230; 22 ya\u015f\u0131 var idi&#8230; Yax\u015f\u0131 ki, evl\u0259ndirdik. Yegan\u0259 t\u0259s\u0259llimiz ondan yadigar qalan birc\u0259 balas\u0131d\u0131r. O, da olmasa \u00fcr\u0259yimiz partlayar&#8221;.<\/p>\n<p><strong>ARANTV.AZ<\/strong>\u00a0\u00a0<a title=\"xeberler son xeberler 2020\" href=\"https:\/\/big.az\/\" target=\"_blank\" rel=\"noopener\">x\u0259b\u0259r<\/a>\u00a0verir ki, bu s\u00f6zl\u0259ri \u015f\u0259hid Atam\u0259li Musayevin atas\u0131 Seyidm\u0259mm\u0259d Musayev &#8220;Biziml\u0259s\u0259n&#8221; proqram\u0131na m\u00fcsahib\u0259si zaman\u0131 deyib. O, A\u011fd\u0259r\u0259 u\u011frunda ged\u0259n d\u00f6y\u00fc\u015fl\u0259rd\u0259 q\u0259hr\u0259mancas\u0131na h\u0259lak olan o\u011flunun \u015f\u0259hidliyi \u00fc\u00e7\u00fcn sevindiyini, yoxlu\u011fu \u00fc\u00e7\u00fcn is\u0259 dar\u0131xd\u0131\u011f\u0131n\u0131 bildirib.<\/p>\n<div id=\"AdviadNativeVideo0\" class=\"AdviadNativeVideo\"><\/div>\n<p>\u015e\u0259hidd\u0259n dan\u0131\u015fan anas\u0131 Leyla xan\u0131m o\u011flunun h\u0259r zaman ona layiqli \u00f6vlad oldu\u011funu dil\u0259 g\u0259tirib:<\/p>\n<p>&#8220;Onun haqq\u0131nda he\u00e7 vaxt ke\u00e7mi\u015fd\u0259 qal\u0131bm\u0131\u015f kimi dan\u0131\u015fa bilm\u0259r\u0259m. O\u011flum \u00f6m\u00fcr boyu m\u0259niml\u0259 olacaq. Onunla h\u0259r g\u00fcn dan\u0131\u015facam. Xatir\u0259l\u0259rimizd\u0259 \u0259b\u0259di olaraq ya\u015fayacaq. Art\u0131q o\u011flumun nailiyy\u0259tl\u0259ri olmayacaq. H\u0259yatda onun o q\u0259d\u0259r planlar\u0131 var idi ki&#8230; M\u0259n\u0259 el\u0259 o\u011ful olub ki, h\u0259mi\u015f\u0259 onunla f\u0259xr etmi\u015f\u0259m&#8221;.<\/p>\n<p>Leyla xan\u0131m o\u011flunu c\u0259bh\u0259y\u0259 yola salark\u0259n geri qay\u0131tmayaca\u011f\u0131n\u0131 hiss etdiyini s\u00f6yl\u0259yib:<\/p>\n<p>&#8220;Bilirdim ki, qay\u0131tmayacaq. Dedim bala, sa\u011f-salamat get. Amma bu gedi\u015f o gedi\u015f deyil&#8221;. \/Ax\u015fam.az<\/p>\n<div class=\"embed-responsive embed-responsive-16by9\"><iframe loading=\"lazy\" id=\"nmqembedid\" class=\"embed-responsive-item\" title=\"video player\" src=\"https:\/\/izle.az\/embed\/y8-2NTI0NjIwMLQwtDQ2sQAA\" width=\"600\" height=\"340\" frameborder=\"0\" scrolling=\"no\" allowfullscreen=\"allowfullscreen\" data-mce-fragment=\"1\"><\/iframe><\/div>\n<p>&nbsp;<\/p>\n","protected":false},"excerpt":{"rendered":"<p>&#8220;\u00c7ox adam deyirdi ki, niy\u0259 tez evl\u0259ndirirs\u0259n o\u011flunu&#8230; 22 ya\u015f\u0131 var idi&#8230; Yax\u015f\u0131 ki, evl\u0259ndirdik. Yegan\u0259 t\u0259s\u0259llimiz ondan yadigar qalan birc\u0259 balas\u0131d\u0131r. O, da olmasa \u00fcr\u0259yimiz partlayar&#8221;. ARANTV.AZ\u00a0\u00a0x\u0259b\u0259r\u00a0verir ki, bu s\u00f6zl\u0259ri \u015f\u0259hid Atam\u0259li Musayevin atas\u0131 Seyidm\u0259mm\u0259d Musayev &#8220;Biziml\u0259s\u0259n&#8221; proqram\u0131na m\u00fcsahib\u0259si zaman\u0131 deyib. O, A\u011fd\u0259r\u0259 u\u011frunda ged\u0259n d\u00f6y\u00fc\u015fl\u0259rd\u0259 q\u0259hr\u0259mancas\u0131na h\u0259lak olan o\u011flunun \u015f\u0259hidliyi \u00fc\u00e7\u00fcn sevindiyini, yoxlu\u011fu \u00fc\u00e7\u00fcn is\u0259 dar\u0131xd\u0131\u011f\u0131n\u0131 bildirib. \u015e\u0259hidd\u0259n dan\u0131\u015fan anas\u0131 Leyla xan\u0131m o\u011flunun h\u0259r zaman ona layiqli \u00f6vlad oldu\u011funu dil\u0259 g\u0259tirib: &#8220;Onun haqq\u0131nda he\u00e7 vaxt ke\u00e7mi\u015fd\u0259 qal\u0131bm\u0131\u015f kimi dan\u0131\u015fa bilm\u0259r\u0259m. O\u011flum \u00f6m\u00fcr boyu m\u0259niml\u0259 olacaq. Onunla h\u0259r g\u00fcn&hellip;<\/p>\n","protected":false},"author":2,"featured_media":247934,"comment_status":"closed","ping_status":"closed","sticky":false,"template":"","format":"standard","meta":{"om_disable_all_campaigns":false,"_monsterinsights_skip_tracking":false,"_monsterinsights_sitenote_active":false,"_monsterinsights_sitenote_note":"","_monsterinsights_sitenote_category":0},"categories":[26],"tags":[],"aioseo_notices":[],"gutentor_comment":0,"rttpg_featured_image_url":{"full":["https:\/\/arantv.az\/wp-content\/uploads\/2020\/12\/211918_91tlg6zzb0-1.jpg",650,401,false],"landscape":["https:\/\/arantv.az\/wp-content\/uploads\/2020\/12\/211918_91tlg6zzb0-1.jpg",650,401,false],"portraits":["https:\/\/arantv.az\/wp-content\/uploads\/2020\/12\/211918_91tlg6zzb0-1.jpg",650,401,false],"thumbnail":["https:\/\/arantv.az\/wp-content\/uploads\/2020\/12\/211918_91tlg6zzb0-1-150x150.jpg",150,150,true],"medium":["https:\/\/arantv.az\/wp-content\/uploads\/2020\/12\/211918_91tlg6zzb0-1-300x185.jpg",300,185,true],"large":["https:\/\/arantv.az\/wp-content\/uploads\/2020\/12\/211918_91tlg6zzb0-1.jpg",640,395,false],"1536x1536":["https:\/\/arantv.az\/wp-content\/uploads\/2020\/12\/211918_91tlg6zzb0-1.jpg",650,401,false],"2048x2048":["https:\/\/arantv.az\/wp-content\/uploads\/2020\/12\/211918_91tlg6zzb0-1.jpg",650,401,false],"post-thumbnail":["https:\/\/arantv.az\/wp-content\/uploads\/2020\/12\/211918_91tlg6zzb0-1-240x172.jpg",240,172,true],"advps-thumb-one":["https:\/\/arantv.az\/wp-content\/uploads\/2020\/12\/211918_91tlg6zzb0-1.jpg",650,401,false]},"rttpg_author":{"display_name":"V\u00fcsal Rafiqo\u011flu","author_link":"https:\/\/arantv.az\/?author=2"},"rttpg_comment":0,"rttpg_category":"<a href=\"https:\/\/arantv.az\/?cat=26\" rel=\"category\">Sosial<\/a>","rttpg_excerpt":"&#8220;\u00c7ox adam deyirdi ki, niy\u0259 tez evl\u0259ndirirs\u0259n o\u011flunu&#8230; 22 ya\u015f\u0131 var idi&#8230; Yax\u015f\u0131 ki, evl\u0259ndirdik. Yegan\u0259 t\u0259s\u0259llimiz ondan yadigar qalan birc\u0259 balas\u0131d\u0131r. O, da olmasa \u00fcr\u0259yimiz partlayar&#8221;. ARANTV.AZ\u00a0\u00a0x\u0259b\u0259r\u00a0verir ki, bu s\u00f6zl\u0259ri \u015f\u0259hid Atam\u0259li Musayevin atas\u0131 Seyidm\u0259mm\u0259d Musayev &#8220;Biziml\u0259s\u0259n&#8221; proqram\u0131na m\u00fcsahib\u0259si zaman\u0131 deyib. O, A\u011fd\u0259r\u0259 u\u011frunda ged\u0259n d\u00f6y\u00fc\u015fl\u0259rd\u0259 q\u0259hr\u0259mancas\u0131na h\u0259lak olan o\u011flunun \u015f\u0259hidliyi \u00fc\u00e7\u00fcn sevindiyini, yoxlu\u011fu&hellip;","_links":{"self":[{"href":"https:\/\/arantv.az\/index.php?rest_route=\/wp\/v2\/posts\/247933"}],"collection":[{"href":"https:\/\/arantv.az\/index.php?rest_route=\/wp\/v2\/posts"}],"about":[{"href":"https:\/\/arantv.az\/index.php?rest_route=\/wp\/v2\/types\/post"}],"author":[{"embeddable":true,"href":"https:\/\/arantv.az\/index.php?rest_route=\/wp\/v2\/users\/2"}],"replies":[{"embeddable":true,"href":"https:\/\/arantv.az\/index.php?rest_route=%2Fwp%2Fv2%2Fcomments&post=247933"}],"version-history":[{"count":0,"href":"https:\/\/arantv.az\/index.php?rest_route=\/wp\/v2\/posts\/247933\/revisions"}],"wp:featuredmedia":[{"embeddable":true,"href":"https:\/\/arantv.az\/index.php?rest_route=\/wp\/v2\/media\/247934"}],"wp:attachment":[{"href":"https:\/\/arantv.az\/index.php?rest_route=%2Fwp%2Fv2%2Fmedia&parent=247933"}],"wp:term":[{"taxonomy":"category","embeddable":true,"href":"https:\/\/arantv.az\/index.php?rest_route=%2Fwp%2Fv2%2Fcategories&post=247933"},{"taxonomy":"post_tag","embeddable":true,"href":"https:\/\/arantv.az\/index.php?rest_route=%2Fwp%2Fv2%2Ftags&post=247933"}],"curies":[{"name":"wp","href":"https:\/\/api.w.org\/{rel}","templated":true}]}}