{"id":247952,"date":"2020-12-04T19:55:43","date_gmt":"2020-12-04T16:55:43","guid":{"rendered":"http:\/\/arantv.az\/?p=247952"},"modified":"2020-12-04T19:55:43","modified_gmt":"2020-12-04T16:55:43","slug":"h%c9%99rbi-%c9%99sirl%c9%99rin-siyahisi-bqxk-y%c9%99-t%c9%99qdim-edildi","status":"publish","type":"post","link":"https:\/\/arantv.az\/?p=247952","title":{"rendered":"H\u0259rbi \u0259sirl\u0259rin siyah\u0131s\u0131 BQXK-y\u0259 t\u0259qdim edildi"},"content":{"rendered":"<p>Az\u0259rbaycan v\u0259 Erm\u0259nistan h\u0259rbi \u0259sirl\u0259rin siyah\u0131s\u0131n\u0131n m\u00fcbadil\u0259sini apar\u0131blar.<\/p>\n<p>\u201cQafqazinfo\u201d \u201c\u0130nterfaks\u201da istinad\u0259n x\u0259b\u0259r verir ki, bu bar\u0259d\u0259 Erm\u0259nistan\u0131n ba\u015f nazirinin m\u00fcavini Tiqran Avinyan\u0131n ofisind\u0259n bildirilib.<\/p>\n<div id=\"AdviadNativeVideo0\" class=\"AdviadNativeVideo\"><\/div>\n<p>\u201cAz\u0259rbaycan v\u0259 Erm\u0259nistan t\u0259r\u0259fi h\u0259rbi \u0259sirl\u0259rin siyah\u0131s\u0131n\u0131 Beyn\u0259lxalq Q\u0131rm\u0131z\u0131 Xa\u00e7 Komit\u0259sin\u0259 t\u0259qdim edibl\u0259r\u201d, &#8211; dey\u0259 m\u0259lumatda qeyd edilib.<\/p>\n<p>Haz\u0131rda siyah\u0131n\u0131n d\u0259qiql\u0259\u015fdirilm\u0259si istiqam\u0259tind\u0259 i\u015fl\u0259r apar\u0131l\u0131r.<\/p>\n","protected":false},"excerpt":{"rendered":"<p>Az\u0259rbaycan v\u0259 Erm\u0259nistan h\u0259rbi \u0259sirl\u0259rin siyah\u0131s\u0131n\u0131n m\u00fcbadil\u0259sini apar\u0131blar. \u201cQafqazinfo\u201d \u201c\u0130nterfaks\u201da istinad\u0259n x\u0259b\u0259r verir ki, bu bar\u0259d\u0259 Erm\u0259nistan\u0131n ba\u015f nazirinin m\u00fcavini Tiqran Avinyan\u0131n ofisind\u0259n bildirilib. \u201cAz\u0259rbaycan v\u0259 Erm\u0259nistan t\u0259r\u0259fi h\u0259rbi \u0259sirl\u0259rin siyah\u0131s\u0131n\u0131 Beyn\u0259lxalq Q\u0131rm\u0131z\u0131 Xa\u00e7 Komit\u0259sin\u0259 t\u0259qdim edibl\u0259r\u201d, &#8211; dey\u0259 m\u0259lumatda qeyd edilib. Haz\u0131rda siyah\u0131n\u0131n d\u0259qiql\u0259\u015fdirilm\u0259si istiqam\u0259tind\u0259 i\u015fl\u0259r apar\u0131l\u0131r.<\/p>\n","protected":false},"author":2,"featured_media":247953,"comment_status":"closed","ping_status":"closed","sticky":false,"template":"","format":"standard","meta":{"om_disable_all_campaigns":false,"_monsterinsights_skip_tracking":false,"_monsterinsights_sitenote_active":false,"_monsterinsights_sitenote_note":"","_monsterinsights_sitenote_category":0},"categories":[10],"tags":[],"aioseo_notices":[],"gutentor_comment":0,"rttpg_featured_image_url":{"full":["https:\/\/arantv.az\/wp-content\/uploads\/2020\/12\/bqxc.jpg",620,389,false],"landscape":["https:\/\/arantv.az\/wp-content\/uploads\/2020\/12\/bqxc.jpg",620,389,false],"portraits":["https:\/\/arantv.az\/wp-content\/uploads\/2020\/12\/bqxc.jpg",620,389,false],"thumbnail":["https:\/\/arantv.az\/wp-content\/uploads\/2020\/12\/bqxc-150x150.jpg",150,150,true],"medium":["https:\/\/arantv.az\/wp-content\/uploads\/2020\/12\/bqxc-300x188.jpg",300,188,true],"large":["https:\/\/arantv.az\/wp-content\/uploads\/2020\/12\/bqxc.jpg",620,389,false],"1536x1536":["https:\/\/arantv.az\/wp-content\/uploads\/2020\/12\/bqxc.jpg",620,389,false],"2048x2048":["https:\/\/arantv.az\/wp-content\/uploads\/2020\/12\/bqxc.jpg",620,389,false],"post-thumbnail":["https:\/\/arantv.az\/wp-content\/uploads\/2020\/12\/bqxc-240x172.jpg",240,172,true],"advps-thumb-one":["https:\/\/arantv.az\/wp-content\/uploads\/2020\/12\/bqxc.jpg",620,389,false]},"rttpg_author":{"display_name":"V\u00fcsal Rafiqo\u011flu","author_link":"https:\/\/arantv.az\/?author=2"},"rttpg_comment":0,"rttpg_category":"<a href=\"https:\/\/arantv.az\/?cat=10\" rel=\"category\">C\u0259bh\u0259d\u0259n X\u0259b\u0259r<\/a>","rttpg_excerpt":"Az\u0259rbaycan v\u0259 Erm\u0259nistan h\u0259rbi \u0259sirl\u0259rin siyah\u0131s\u0131n\u0131n m\u00fcbadil\u0259sini apar\u0131blar. \u201cQafqazinfo\u201d \u201c\u0130nterfaks\u201da istinad\u0259n x\u0259b\u0259r verir ki, bu bar\u0259d\u0259 Erm\u0259nistan\u0131n ba\u015f nazirinin m\u00fcavini Tiqran Avinyan\u0131n ofisind\u0259n bildirilib. \u201cAz\u0259rbaycan v\u0259 Erm\u0259nistan t\u0259r\u0259fi h\u0259rbi \u0259sirl\u0259rin siyah\u0131s\u0131n\u0131 Beyn\u0259lxalq Q\u0131rm\u0131z\u0131 Xa\u00e7 Komit\u0259sin\u0259 t\u0259qdim edibl\u0259r\u201d, &#8211; dey\u0259 m\u0259lumatda qeyd edilib. Haz\u0131rda siyah\u0131n\u0131n d\u0259qiql\u0259\u015fdirilm\u0259si istiqam\u0259tind\u0259 i\u015fl\u0259r apar\u0131l\u0131r.","_links":{"self":[{"href":"https:\/\/arantv.az\/index.php?rest_route=\/wp\/v2\/posts\/247952"}],"collection":[{"href":"https:\/\/arantv.az\/index.php?rest_route=\/wp\/v2\/posts"}],"about":[{"href":"https:\/\/arantv.az\/index.php?rest_route=\/wp\/v2\/types\/post"}],"author":[{"embeddable":true,"href":"https:\/\/arantv.az\/index.php?rest_route=\/wp\/v2\/users\/2"}],"replies":[{"embeddable":true,"href":"https:\/\/arantv.az\/index.php?rest_route=%2Fwp%2Fv2%2Fcomments&post=247952"}],"version-history":[{"count":0,"href":"https:\/\/arantv.az\/index.php?rest_route=\/wp\/v2\/posts\/247952\/revisions"}],"wp:featuredmedia":[{"embeddable":true,"href":"https:\/\/arantv.az\/index.php?rest_route=\/wp\/v2\/media\/247953"}],"wp:attachment":[{"href":"https:\/\/arantv.az\/index.php?rest_route=%2Fwp%2Fv2%2Fmedia&parent=247952"}],"wp:term":[{"taxonomy":"category","embeddable":true,"href":"https:\/\/arantv.az\/index.php?rest_route=%2Fwp%2Fv2%2Fcategories&post=247952"},{"taxonomy":"post_tag","embeddable":true,"href":"https:\/\/arantv.az\/index.php?rest_route=%2Fwp%2Fv2%2Ftags&post=247952"}],"curies":[{"name":"wp","href":"https:\/\/api.w.org\/{rel}","templated":true}]}}