{"id":247960,"date":"2020-12-04T20:04:21","date_gmt":"2020-12-04T17:04:21","guid":{"rendered":"http:\/\/arantv.az\/?p=247960"},"modified":"2020-12-04T20:04:21","modified_gmt":"2020-12-04T17:04:21","slug":"dedi-ki-gull%c9%99l%c9%99-m%c9%99ni-%c9%99sir-dusm%c9%99yim-video","status":"publish","type":"post","link":"https:\/\/arantv.az\/?p=247960","title":{"rendered":"&#8220;Dedi ki, g\u00fcll\u0259l\u0259 m\u0259ni \u0259sir d\u00fc\u015fm\u0259yim&#8221; &#8211; Video"},"content":{"rendered":"<p>&#8220;D\u00fc\u015fm\u0259n \u015eu\u015fan\u0131 geri almaq \u00fc\u00e7\u00fcn ikinci d\u0259f\u0259 \u0259ks-h\u00fccuma ke\u00e7di. Lakin biz he\u00e7 vaxt ald\u0131\u011f\u0131m\u0131z torpa\u011f\u0131 geri qaytarmayacaqd\u0131q. H\u0259min vaxt yaraland\u0131m. \u018fsg\u0259rl\u0259rimiz dedi ki, s\u0259n \u00e7oxlu qan itirirs\u0259n, yaral\u0131san, buradan \u00e7\u0131xmal\u0131san&#8221;.<\/p>\n<p>ARANTV.AZ\u00a0\u00a0<a title=\"xeberler son xeberler 2020\" href=\"https:\/\/big.az\/\" target=\"_blank\" rel=\"noopener\">x\u0259b\u0259r<\/a>\u00a0verir ki, bu s\u00f6zl\u0259ri &#8220;X\u0259z\u0259r x\u0259b\u0259r\u0259&#8221; m\u00fcsahib\u0259 ver\u0259n \u0130kinci Qaraba\u011f qazisi Allahverdi Babayev deyib. F\u00fczulid\u0259n \u015eu\u015faya q\u0259d\u0259r uzun d\u00f6y\u00fc\u015f yolu ke\u00e7\u0259n 25 ya\u015fl\u0131 q\u0259hr\u0259man\u0131m\u0131z \u00f6z\u00fc yaral\u0131 oldu\u011fu halda z\u0259d\u0259 alan h\u0259rb\u00e7i yolda\u015f\u0131n\u0131 da xilas edib:<\/p>\n<p>&#8220;D\u00f6y\u00fc\u015f yolda\u015f\u0131m da \u00e7\u0259n\u0259sind\u0259n v\u0259 qar\u0131n nahiy\u0259sind\u0259n yaralanm\u0131\u015fd\u0131. Ona dedim ki, s\u0259ni buradan m\u00fctl\u0259q \u00e7\u0131xaracam. O m\u0259nd\u0259n onu g\u00fcll\u0259l\u0259m\u0259yimi ist\u0259di. \u00c7\u00fcnki \u0259sir d\u00fc\u015fm\u0259k ist\u0259mirdi. Dedim, s\u0259ni g\u00fcll\u0259l\u0259m\u0259y\u0259c\u0259m, evd\u0259 valideynl\u0259rin g\u00f6zl\u0259yir. \u00d6z\u00fcm d\u0259 yaral\u0131 idim. Buna g\u00f6r\u0259 d\u0259 \u0259vv\u0259l inanana bilm\u0259dim ki, ikimiz d\u0259 sa\u011f qay\u0131da bil\u0259rik&#8221;.<\/p>\n<div class=\"embed-responsive embed-responsive-16by9\"><iframe loading=\"lazy\" id=\"nmqembedid\" class=\"embed-responsive-item\" title=\"video player\" src=\"https:\/\/izle.az\/embed\/qyyxzfQpTTIKMk2zTDQBAA~~\" width=\"600\" height=\"340\" frameborder=\"0\" scrolling=\"no\" allowfullscreen=\"allowfullscreen\" data-mce-fragment=\"1\"><\/iframe><\/div>\n<p>&nbsp;<\/p>\n","protected":false},"excerpt":{"rendered":"<p>&#8220;D\u00fc\u015fm\u0259n \u015eu\u015fan\u0131 geri almaq \u00fc\u00e7\u00fcn ikinci d\u0259f\u0259 \u0259ks-h\u00fccuma ke\u00e7di. Lakin biz he\u00e7 vaxt ald\u0131\u011f\u0131m\u0131z torpa\u011f\u0131 geri qaytarmayacaqd\u0131q. H\u0259min vaxt yaraland\u0131m. \u018fsg\u0259rl\u0259rimiz dedi ki, s\u0259n \u00e7oxlu qan itirirs\u0259n, yaral\u0131san, buradan \u00e7\u0131xmal\u0131san&#8221;. ARANTV.AZ\u00a0\u00a0x\u0259b\u0259r\u00a0verir ki, bu s\u00f6zl\u0259ri &#8220;X\u0259z\u0259r x\u0259b\u0259r\u0259&#8221; m\u00fcsahib\u0259 ver\u0259n \u0130kinci Qaraba\u011f qazisi Allahverdi Babayev deyib. F\u00fczulid\u0259n \u015eu\u015faya q\u0259d\u0259r uzun d\u00f6y\u00fc\u015f yolu ke\u00e7\u0259n 25 ya\u015fl\u0131 q\u0259hr\u0259man\u0131m\u0131z \u00f6z\u00fc yaral\u0131 oldu\u011fu halda z\u0259d\u0259 alan h\u0259rb\u00e7i yolda\u015f\u0131n\u0131 da xilas edib: &#8220;D\u00f6y\u00fc\u015f yolda\u015f\u0131m da \u00e7\u0259n\u0259sind\u0259n v\u0259 qar\u0131n nahiy\u0259sind\u0259n yaralanm\u0131\u015fd\u0131. Ona dedim ki, s\u0259ni buradan m\u00fctl\u0259q \u00e7\u0131xaracam. O m\u0259nd\u0259n onu g\u00fcll\u0259l\u0259m\u0259yimi ist\u0259di. \u00c7\u00fcnki \u0259sir d\u00fc\u015fm\u0259k ist\u0259mirdi. Dedim,&hellip;<\/p>\n","protected":false},"author":2,"featured_media":247961,"comment_status":"closed","ping_status":"closed","sticky":false,"template":"","format":"standard","meta":{"om_disable_all_campaigns":false,"_monsterinsights_skip_tracking":false,"_monsterinsights_sitenote_active":false,"_monsterinsights_sitenote_note":"","_monsterinsights_sitenote_category":0},"categories":[26],"tags":[],"aioseo_notices":[],"gutentor_comment":0,"rttpg_featured_image_url":{"full":["https:\/\/arantv.az\/wp-content\/uploads\/2020\/12\/gul_91607072019.jpg",650,401,false],"landscape":["https:\/\/arantv.az\/wp-content\/uploads\/2020\/12\/gul_91607072019.jpg",650,401,false],"portraits":["https:\/\/arantv.az\/wp-content\/uploads\/2020\/12\/gul_91607072019.jpg",650,401,false],"thumbnail":["https:\/\/arantv.az\/wp-content\/uploads\/2020\/12\/gul_91607072019-150x150.jpg",150,150,true],"medium":["https:\/\/arantv.az\/wp-content\/uploads\/2020\/12\/gul_91607072019-300x185.jpg",300,185,true],"large":["https:\/\/arantv.az\/wp-content\/uploads\/2020\/12\/gul_91607072019.jpg",640,395,false],"1536x1536":["https:\/\/arantv.az\/wp-content\/uploads\/2020\/12\/gul_91607072019.jpg",650,401,false],"2048x2048":["https:\/\/arantv.az\/wp-content\/uploads\/2020\/12\/gul_91607072019.jpg",650,401,false],"post-thumbnail":["https:\/\/arantv.az\/wp-content\/uploads\/2020\/12\/gul_91607072019-240x172.jpg",240,172,true],"advps-thumb-one":["https:\/\/arantv.az\/wp-content\/uploads\/2020\/12\/gul_91607072019.jpg",650,401,false]},"rttpg_author":{"display_name":"V\u00fcsal Rafiqo\u011flu","author_link":"https:\/\/arantv.az\/?author=2"},"rttpg_comment":0,"rttpg_category":"<a href=\"https:\/\/arantv.az\/?cat=26\" rel=\"category\">Sosial<\/a>","rttpg_excerpt":"&#8220;D\u00fc\u015fm\u0259n \u015eu\u015fan\u0131 geri almaq \u00fc\u00e7\u00fcn ikinci d\u0259f\u0259 \u0259ks-h\u00fccuma ke\u00e7di. Lakin biz he\u00e7 vaxt ald\u0131\u011f\u0131m\u0131z torpa\u011f\u0131 geri qaytarmayacaqd\u0131q. H\u0259min vaxt yaraland\u0131m. \u018fsg\u0259rl\u0259rimiz dedi ki, s\u0259n \u00e7oxlu qan itirirs\u0259n, yaral\u0131san, buradan \u00e7\u0131xmal\u0131san&#8221;. ARANTV.AZ\u00a0\u00a0x\u0259b\u0259r\u00a0verir ki, bu s\u00f6zl\u0259ri &#8220;X\u0259z\u0259r x\u0259b\u0259r\u0259&#8221; m\u00fcsahib\u0259 ver\u0259n \u0130kinci Qaraba\u011f qazisi Allahverdi Babayev deyib. F\u00fczulid\u0259n \u015eu\u015faya q\u0259d\u0259r uzun d\u00f6y\u00fc\u015f yolu ke\u00e7\u0259n 25 ya\u015fl\u0131 q\u0259hr\u0259man\u0131m\u0131z \u00f6z\u00fc&hellip;","_links":{"self":[{"href":"https:\/\/arantv.az\/index.php?rest_route=\/wp\/v2\/posts\/247960"}],"collection":[{"href":"https:\/\/arantv.az\/index.php?rest_route=\/wp\/v2\/posts"}],"about":[{"href":"https:\/\/arantv.az\/index.php?rest_route=\/wp\/v2\/types\/post"}],"author":[{"embeddable":true,"href":"https:\/\/arantv.az\/index.php?rest_route=\/wp\/v2\/users\/2"}],"replies":[{"embeddable":true,"href":"https:\/\/arantv.az\/index.php?rest_route=%2Fwp%2Fv2%2Fcomments&post=247960"}],"version-history":[{"count":0,"href":"https:\/\/arantv.az\/index.php?rest_route=\/wp\/v2\/posts\/247960\/revisions"}],"wp:featuredmedia":[{"embeddable":true,"href":"https:\/\/arantv.az\/index.php?rest_route=\/wp\/v2\/media\/247961"}],"wp:attachment":[{"href":"https:\/\/arantv.az\/index.php?rest_route=%2Fwp%2Fv2%2Fmedia&parent=247960"}],"wp:term":[{"taxonomy":"category","embeddable":true,"href":"https:\/\/arantv.az\/index.php?rest_route=%2Fwp%2Fv2%2Fcategories&post=247960"},{"taxonomy":"post_tag","embeddable":true,"href":"https:\/\/arantv.az\/index.php?rest_route=%2Fwp%2Fv2%2Ftags&post=247960"}],"curies":[{"name":"wp","href":"https:\/\/api.w.org\/{rel}","templated":true}]}}