{"id":247982,"date":"2020-12-05T08:04:32","date_gmt":"2020-12-05T05:04:32","guid":{"rendered":"http:\/\/arantv.az\/?p=247982"},"modified":"2020-12-05T08:04:32","modified_gmt":"2020-12-05T05:04:32","slug":"cnn-turkun-xanim-%c9%99m%c9%99kdasi-az%c9%99rbaycanla-bagli-xatir%c9%99l%c9%99rini-paylasdi-foto-video","status":"publish","type":"post","link":"https:\/\/arantv.az\/?p=247982","title":{"rendered":"\u201cCNN T\u00fcrk\u201d\u00fcn xan\u0131m \u0259m\u0259kda\u015f\u0131 Az\u0259rbaycanla ba\u011fl\u0131 xatir\u0259l\u0259rini payla\u015fd\u0131 \u2013 FOTO\/V\u0130DEO"},"content":{"rendered":"<p>V\u0259t\u0259n m\u00fcharib\u0259si zaman\u0131 hadis\u0259l\u0259ri isti-isti d\u00fcnyaya \u00e7atd\u0131ran jurnalistl\u0259rd\u0259n biri d\u0259 \u201cCNN T\u00fcrk\u201d telekanal\u0131n\u0131n \u0259m\u0259kda\u015f\u0131 Fulya \u00d6zt\u00fcrk idi.<\/p>\n<p>Xan\u0131m reportyor h\u0259r zaman \u0259n qaynar n\u00f6qt\u0259l\u0259rd\u0259n \u00e7\u0259kili\u015fl\u0259r edir, s\u00fcjetl\u0259r haz\u0131rlay\u0131r, bununla da h\u0259m yerli sakinl\u0259rin, h\u0259m d\u0259 \u0259razid\u0259 xidm\u0259t ed\u0259n h\u0259rb\u00e7il\u0259rin sevimlisin\u0259 \u00e7evrilmi\u015fdi.<\/p>\n<p>Art\u0131q \u00f6lk\u0259sin\u0259 d\u00f6nm\u00fc\u015f F.\u00d6zt\u00fcrk Az\u0259rbaycan xatir\u0259l\u0259ri il\u0259 ba\u011fl\u0131 \u201cInstagram\u201d hesab\u0131nda payla\u015f\u0131m edib.<\/p>\n<p>Bir ne\u00e7\u0259 foto v\u0259 videonu birlikd\u0259 payla\u015fan Fulya xan\u0131m h\u0259myerlil\u0259rimizin ona olan sevgisind\u0259n m\u0259mnunlu\u011funu ifad\u0259 edib.<\/p>\n<p>Videolardan birind\u0259 polis v\u0259 \u0259sg\u0259rl\u0259rin onunla \u015f\u0259kil \u00e7\u0259kdirm\u0259k ist\u0259m\u0259si is\u0259 x\u00fcsusi mara\u011fa s\u0259b\u0259b olub.<\/p>\n<div><iframe id=\"instagram-embed-0\" class=\"instagram-media instagram-media-rendered\" src=\"https:\/\/www.instagram.com\/p\/CIYjMRfAqM5\/embed\/captioned\/?cr=1&amp;v=13&amp;wp=540&amp;rd=https%3A%2F%2Foxu.az&amp;rp=%2Fwar%2F446321#%7B%22ci%22%3A0%2C%22os%22%3A1395.2249999999822%2C%22ls%22%3A1051.8000000000711%2C%22le%22%3A1083.0849999999828%7D\" height=\"599\" frameborder=\"0\" scrolling=\"no\" allowfullscreen=\"allowfullscreen\" data-instgrm-payload-id=\"instagram-media-payload-0\" data-mce-fragment=\"1\"><\/iframe><\/div>\n<p>&nbsp;<\/p>\n","protected":false},"excerpt":{"rendered":"<p>V\u0259t\u0259n m\u00fcharib\u0259si zaman\u0131 hadis\u0259l\u0259ri isti-isti d\u00fcnyaya \u00e7atd\u0131ran jurnalistl\u0259rd\u0259n biri d\u0259 \u201cCNN T\u00fcrk\u201d telekanal\u0131n\u0131n \u0259m\u0259kda\u015f\u0131 Fulya \u00d6zt\u00fcrk idi. Xan\u0131m reportyor h\u0259r zaman \u0259n qaynar n\u00f6qt\u0259l\u0259rd\u0259n \u00e7\u0259kili\u015fl\u0259r edir, s\u00fcjetl\u0259r haz\u0131rlay\u0131r, bununla da h\u0259m yerli sakinl\u0259rin, h\u0259m d\u0259 \u0259razid\u0259 xidm\u0259t ed\u0259n h\u0259rb\u00e7il\u0259rin sevimlisin\u0259 \u00e7evrilmi\u015fdi. Art\u0131q \u00f6lk\u0259sin\u0259 d\u00f6nm\u00fc\u015f F.\u00d6zt\u00fcrk Az\u0259rbaycan xatir\u0259l\u0259ri il\u0259 ba\u011fl\u0131 \u201cInstagram\u201d hesab\u0131nda payla\u015f\u0131m edib. Bir ne\u00e7\u0259 foto v\u0259 videonu birlikd\u0259 payla\u015fan Fulya xan\u0131m h\u0259myerlil\u0259rimizin ona olan sevgisind\u0259n m\u0259mnunlu\u011funu ifad\u0259 edib. Videolardan birind\u0259 polis v\u0259 \u0259sg\u0259rl\u0259rin onunla \u015f\u0259kil \u00e7\u0259kdirm\u0259k ist\u0259m\u0259si is\u0259 x\u00fcsusi mara\u011fa s\u0259b\u0259b olub. &nbsp;<\/p>\n","protected":false},"author":2,"featured_media":247983,"comment_status":"closed","ping_status":"closed","sticky":false,"template":"","format":"standard","meta":{"om_disable_all_campaigns":false,"_monsterinsights_skip_tracking":false,"_monsterinsights_sitenote_active":false,"_monsterinsights_sitenote_note":"","_monsterinsights_sitenote_category":0},"categories":[19],"tags":[],"aioseo_notices":[],"gutentor_comment":0,"rttpg_featured_image_url":{"full":["https:\/\/arantv.az\/wp-content\/uploads\/2020\/12\/5f86f89079da3e1248a99bea.jpg",620,341,false],"landscape":["https:\/\/arantv.az\/wp-content\/uploads\/2020\/12\/5f86f89079da3e1248a99bea.jpg",620,341,false],"portraits":["https:\/\/arantv.az\/wp-content\/uploads\/2020\/12\/5f86f89079da3e1248a99bea.jpg",620,341,false],"thumbnail":["https:\/\/arantv.az\/wp-content\/uploads\/2020\/12\/5f86f89079da3e1248a99bea-150x150.jpg",150,150,true],"medium":["https:\/\/arantv.az\/wp-content\/uploads\/2020\/12\/5f86f89079da3e1248a99bea-300x165.jpg",300,165,true],"large":["https:\/\/arantv.az\/wp-content\/uploads\/2020\/12\/5f86f89079da3e1248a99bea.jpg",620,341,false],"1536x1536":["https:\/\/arantv.az\/wp-content\/uploads\/2020\/12\/5f86f89079da3e1248a99bea.jpg",620,341,false],"2048x2048":["https:\/\/arantv.az\/wp-content\/uploads\/2020\/12\/5f86f89079da3e1248a99bea.jpg",620,341,false],"post-thumbnail":["https:\/\/arantv.az\/wp-content\/uploads\/2020\/12\/5f86f89079da3e1248a99bea-240x172.jpg",240,172,true],"advps-thumb-one":["https:\/\/arantv.az\/wp-content\/uploads\/2020\/12\/5f86f89079da3e1248a99bea.jpg",620,341,false]},"rttpg_author":{"display_name":"V\u00fcsal Rafiqo\u011flu","author_link":"https:\/\/arantv.az\/?author=2"},"rttpg_comment":0,"rttpg_category":"<a href=\"https:\/\/arantv.az\/?cat=19\" rel=\"category\">G\u00fcnd\u0259m<\/a>","rttpg_excerpt":"V\u0259t\u0259n m\u00fcharib\u0259si zaman\u0131 hadis\u0259l\u0259ri isti-isti d\u00fcnyaya \u00e7atd\u0131ran jurnalistl\u0259rd\u0259n biri d\u0259 \u201cCNN T\u00fcrk\u201d telekanal\u0131n\u0131n \u0259m\u0259kda\u015f\u0131 Fulya \u00d6zt\u00fcrk idi. Xan\u0131m reportyor h\u0259r zaman \u0259n qaynar n\u00f6qt\u0259l\u0259rd\u0259n \u00e7\u0259kili\u015fl\u0259r edir, s\u00fcjetl\u0259r haz\u0131rlay\u0131r, bununla da h\u0259m yerli sakinl\u0259rin, h\u0259m d\u0259 \u0259razid\u0259 xidm\u0259t ed\u0259n h\u0259rb\u00e7il\u0259rin sevimlisin\u0259 \u00e7evrilmi\u015fdi. Art\u0131q \u00f6lk\u0259sin\u0259 d\u00f6nm\u00fc\u015f F.\u00d6zt\u00fcrk Az\u0259rbaycan xatir\u0259l\u0259ri il\u0259 ba\u011fl\u0131 \u201cInstagram\u201d hesab\u0131nda payla\u015f\u0131m edib. Bir ne\u00e7\u0259&hellip;","_links":{"self":[{"href":"https:\/\/arantv.az\/index.php?rest_route=\/wp\/v2\/posts\/247982"}],"collection":[{"href":"https:\/\/arantv.az\/index.php?rest_route=\/wp\/v2\/posts"}],"about":[{"href":"https:\/\/arantv.az\/index.php?rest_route=\/wp\/v2\/types\/post"}],"author":[{"embeddable":true,"href":"https:\/\/arantv.az\/index.php?rest_route=\/wp\/v2\/users\/2"}],"replies":[{"embeddable":true,"href":"https:\/\/arantv.az\/index.php?rest_route=%2Fwp%2Fv2%2Fcomments&post=247982"}],"version-history":[{"count":0,"href":"https:\/\/arantv.az\/index.php?rest_route=\/wp\/v2\/posts\/247982\/revisions"}],"wp:featuredmedia":[{"embeddable":true,"href":"https:\/\/arantv.az\/index.php?rest_route=\/wp\/v2\/media\/247983"}],"wp:attachment":[{"href":"https:\/\/arantv.az\/index.php?rest_route=%2Fwp%2Fv2%2Fmedia&parent=247982"}],"wp:term":[{"taxonomy":"category","embeddable":true,"href":"https:\/\/arantv.az\/index.php?rest_route=%2Fwp%2Fv2%2Fcategories&post=247982"},{"taxonomy":"post_tag","embeddable":true,"href":"https:\/\/arantv.az\/index.php?rest_route=%2Fwp%2Fv2%2Ftags&post=247982"}],"curies":[{"name":"wp","href":"https:\/\/api.w.org\/{rel}","templated":true}]}}