{"id":247994,"date":"2020-12-05T08:07:33","date_gmt":"2020-12-05T05:07:33","guid":{"rendered":"http:\/\/arantv.az\/?p=247994"},"modified":"2020-12-05T08:07:33","modified_gmt":"2020-12-05T05:07:33","slug":"dedi-ki-gor-nec%c9%99-s%c9%99hid-s%c9%99klin%c9%99-oxsuyur-video","status":"publish","type":"post","link":"https:\/\/arantv.az\/?p=247994","title":{"rendered":"&#8220;Dedi ki, g\u00f6r nec\u0259 \u015f\u0259hid \u015f\u0259klin\u0259 ox\u015fuyur&#8221; &#8211; V\u0130DEO"},"content":{"rendered":"<p>&#8220;\u015eu\u015fan\u0131n k\u0259ndl\u0259rin\u0259 yeni girmi\u015fdik. Siy\u0259z\u0259n rayonundan \u0259sg\u0259r C\u0259biyev Qarda\u015fa\u011fa var idi. Xatir\u0259 qals\u0131n dey\u0259, birlikd\u0259 \u015f\u0259kill\u0259r, videolar \u00e7\u0259kdirmi\u015fdik. Bir m\u00fcdd\u0259t sonra oturub fotolara bax\u0131rd\u0131q. Qarda\u015fa\u011fan\u0131n t\u0259k \u00f6z\u00fcn\u00fc \u00e7\u0259kdiyi selfisi var idi. M\u0259n\u0259 g\u00f6st\u0259rdi v\u0259 dedi ki, g\u00f6r nec\u0259 \u015f\u0259hid \u015f\u0259klin\u0259 ox\u015fuyur&#8221;.<\/p>\n<p><strong>ARANTV.AZ\u00a0<\/strong>\u00a0<a title=\"xeberler son xeberler 2020\" href=\"https:\/\/big.az\/\" target=\"_blank\" rel=\"noopener\">x\u0259b\u0259r<\/a>\u00a0verir ki, bu s\u00f6zl\u0259ri 44 g\u00fcn davam ed\u0259n V\u0259t\u0259n m\u00fcharib\u0259sind\u0259 q\u0259hr\u0259mancas\u0131na vuru\u015fan qazimiz N\u0259cm\u0259ddin Mehdiyev &#8220;Araz FM&#8221;\u0259 m\u00fcsahib\u0259sind\u0259 deyib. D\u00f6y\u00fc\u015f yolda\u015f\u0131 il\u0259 ba\u011fl\u0131 a\u011fr\u0131l\u0131 xatir\u0259sini dan\u0131\u015fan igidimiz s\u00f6zl\u0259rin\u0259 bel\u0259 davam edib:<\/p>\n<p>&#8220;Be\u015f d\u0259qiq\u0259 ke\u00e7m\u0259di ki, yan\u0131m\u0131za minomyot d\u00fc\u015fd\u00fc. Aya\u011fa qalxanda baxd\u0131m ki, art\u0131q n\u0259f\u0259s alm\u0131r. \u015e\u0259hid oldu. Valideynl\u0259rin\u0259 ba\u015f sa\u011fl\u0131\u011f\u0131 verir\u0259m. Q\u0259hr\u0259manlar\u0131m\u0131z\u0131n qan\u0131 yerd\u0259 qalmad\u0131&#8221;.<\/p>\n<div class=\"embed-responsive embed-responsive-16by9\"><iframe loading=\"lazy\" id=\"nmqembedid\" class=\"embed-responsive-item\" title=\"video player\" src=\"https:\/\/izle.az\/embed\/y8-2NTYwtTQytzS2tDQ1NgQA\" width=\"600\" height=\"340\" frameborder=\"0\" scrolling=\"no\" allowfullscreen=\"allowfullscreen\" data-mce-fragment=\"1\"><\/iframe><\/div>\n<p>Ax\u015fam.az<\/p>\n","protected":false},"excerpt":{"rendered":"<p>&#8220;\u015eu\u015fan\u0131n k\u0259ndl\u0259rin\u0259 yeni girmi\u015fdik. Siy\u0259z\u0259n rayonundan \u0259sg\u0259r C\u0259biyev Qarda\u015fa\u011fa var idi. Xatir\u0259 qals\u0131n dey\u0259, birlikd\u0259 \u015f\u0259kill\u0259r, videolar \u00e7\u0259kdirmi\u015fdik. Bir m\u00fcdd\u0259t sonra oturub fotolara bax\u0131rd\u0131q. Qarda\u015fa\u011fan\u0131n t\u0259k \u00f6z\u00fcn\u00fc \u00e7\u0259kdiyi selfisi var idi. M\u0259n\u0259 g\u00f6st\u0259rdi v\u0259 dedi ki, g\u00f6r nec\u0259 \u015f\u0259hid \u015f\u0259klin\u0259 ox\u015fuyur&#8221;. ARANTV.AZ\u00a0\u00a0x\u0259b\u0259r\u00a0verir ki, bu s\u00f6zl\u0259ri 44 g\u00fcn davam ed\u0259n V\u0259t\u0259n m\u00fcharib\u0259sind\u0259 q\u0259hr\u0259mancas\u0131na vuru\u015fan qazimiz N\u0259cm\u0259ddin Mehdiyev &#8220;Araz FM&#8221;\u0259 m\u00fcsahib\u0259sind\u0259 deyib. D\u00f6y\u00fc\u015f yolda\u015f\u0131 il\u0259 ba\u011fl\u0131 a\u011fr\u0131l\u0131 xatir\u0259sini dan\u0131\u015fan igidimiz s\u00f6zl\u0259rin\u0259 bel\u0259 davam edib: &#8220;Be\u015f d\u0259qiq\u0259 ke\u00e7m\u0259di ki, yan\u0131m\u0131za minomyot d\u00fc\u015fd\u00fc. Aya\u011fa qalxanda baxd\u0131m ki, art\u0131q n\u0259f\u0259s alm\u0131r. \u015e\u0259hid oldu. Valideynl\u0259rin\u0259 ba\u015f&hellip;<\/p>\n","protected":false},"author":2,"featured_media":247995,"comment_status":"closed","ping_status":"closed","sticky":false,"template":"","format":"standard","meta":{"om_disable_all_campaigns":false,"_monsterinsights_skip_tracking":false,"_monsterinsights_sitenote_active":false,"_monsterinsights_sitenote_note":"","_monsterinsights_sitenote_category":0},"categories":[26],"tags":[],"aioseo_notices":[],"gutentor_comment":0,"rttpg_featured_image_url":{"full":["https:\/\/arantv.az\/wp-content\/uploads\/2020\/12\/gor_31607109577.jpg",650,406,false],"landscape":["https:\/\/arantv.az\/wp-content\/uploads\/2020\/12\/gor_31607109577.jpg",650,406,false],"portraits":["https:\/\/arantv.az\/wp-content\/uploads\/2020\/12\/gor_31607109577.jpg",650,406,false],"thumbnail":["https:\/\/arantv.az\/wp-content\/uploads\/2020\/12\/gor_31607109577-150x150.jpg",150,150,true],"medium":["https:\/\/arantv.az\/wp-content\/uploads\/2020\/12\/gor_31607109577-300x187.jpg",300,187,true],"large":["https:\/\/arantv.az\/wp-content\/uploads\/2020\/12\/gor_31607109577.jpg",640,400,false],"1536x1536":["https:\/\/arantv.az\/wp-content\/uploads\/2020\/12\/gor_31607109577.jpg",650,406,false],"2048x2048":["https:\/\/arantv.az\/wp-content\/uploads\/2020\/12\/gor_31607109577.jpg",650,406,false],"post-thumbnail":["https:\/\/arantv.az\/wp-content\/uploads\/2020\/12\/gor_31607109577-240x172.jpg",240,172,true],"advps-thumb-one":["https:\/\/arantv.az\/wp-content\/uploads\/2020\/12\/gor_31607109577.jpg",650,406,false]},"rttpg_author":{"display_name":"V\u00fcsal Rafiqo\u011flu","author_link":"https:\/\/arantv.az\/?author=2"},"rttpg_comment":0,"rttpg_category":"<a href=\"https:\/\/arantv.az\/?cat=26\" rel=\"category\">Sosial<\/a>","rttpg_excerpt":"&#8220;\u015eu\u015fan\u0131n k\u0259ndl\u0259rin\u0259 yeni girmi\u015fdik. Siy\u0259z\u0259n rayonundan \u0259sg\u0259r C\u0259biyev Qarda\u015fa\u011fa var idi. Xatir\u0259 qals\u0131n dey\u0259, birlikd\u0259 \u015f\u0259kill\u0259r, videolar \u00e7\u0259kdirmi\u015fdik. Bir m\u00fcdd\u0259t sonra oturub fotolara bax\u0131rd\u0131q. Qarda\u015fa\u011fan\u0131n t\u0259k \u00f6z\u00fcn\u00fc \u00e7\u0259kdiyi selfisi var idi. M\u0259n\u0259 g\u00f6st\u0259rdi v\u0259 dedi ki, g\u00f6r nec\u0259 \u015f\u0259hid \u015f\u0259klin\u0259 ox\u015fuyur&#8221;. ARANTV.AZ\u00a0\u00a0x\u0259b\u0259r\u00a0verir ki, bu s\u00f6zl\u0259ri 44 g\u00fcn davam ed\u0259n V\u0259t\u0259n m\u00fcharib\u0259sind\u0259 q\u0259hr\u0259mancas\u0131na vuru\u015fan qazimiz N\u0259cm\u0259ddin&hellip;","_links":{"self":[{"href":"https:\/\/arantv.az\/index.php?rest_route=\/wp\/v2\/posts\/247994"}],"collection":[{"href":"https:\/\/arantv.az\/index.php?rest_route=\/wp\/v2\/posts"}],"about":[{"href":"https:\/\/arantv.az\/index.php?rest_route=\/wp\/v2\/types\/post"}],"author":[{"embeddable":true,"href":"https:\/\/arantv.az\/index.php?rest_route=\/wp\/v2\/users\/2"}],"replies":[{"embeddable":true,"href":"https:\/\/arantv.az\/index.php?rest_route=%2Fwp%2Fv2%2Fcomments&post=247994"}],"version-history":[{"count":0,"href":"https:\/\/arantv.az\/index.php?rest_route=\/wp\/v2\/posts\/247994\/revisions"}],"wp:featuredmedia":[{"embeddable":true,"href":"https:\/\/arantv.az\/index.php?rest_route=\/wp\/v2\/media\/247995"}],"wp:attachment":[{"href":"https:\/\/arantv.az\/index.php?rest_route=%2Fwp%2Fv2%2Fmedia&parent=247994"}],"wp:term":[{"taxonomy":"category","embeddable":true,"href":"https:\/\/arantv.az\/index.php?rest_route=%2Fwp%2Fv2%2Fcategories&post=247994"},{"taxonomy":"post_tag","embeddable":true,"href":"https:\/\/arantv.az\/index.php?rest_route=%2Fwp%2Fv2%2Ftags&post=247994"}],"curies":[{"name":"wp","href":"https:\/\/api.w.org\/{rel}","templated":true}]}}