{"id":247998,"date":"2020-12-05T08:10:09","date_gmt":"2020-12-05T05:10:09","guid":{"rendered":"http:\/\/arantv.az\/?p=247998"},"modified":"2020-12-05T08:10:09","modified_gmt":"2020-12-05T05:10:09","slug":"4-qardas-44-gunluk-doyusl%c9%99rd%c9%99-foto","status":"publish","type":"post","link":"https:\/\/arantv.az\/?p=247998","title":{"rendered":"4 qarda\u015f 44 g\u00fcnl\u00fck d\u00f6y\u00fc\u015fl\u0259rd\u0259 &#8211; FOTO"},"content":{"rendered":"<p>\u0130kinci Qaraba\u011f m\u00fcharib\u0259sind\u0259 i\u015f\u011fal\u00e7\u0131 d\u00fc\u015fm\u0259n\u0259 qar\u015f\u0131 d\u00f6y\u00fc\u015f\u0259r\u0259k torpaqlar\u0131m\u0131z\u0131n azad edilm\u0259sind\u0259 onlar\u0131n da b\u00f6y\u00fck rolu olub.<\/p>\n<p><strong>ARANTV.AZ<\/strong> &#8220;<a class=\"linkblue\" title=\"Report\" href=\"https:\/\/report.az\/qarabag\/4-qardas-44-gunluk-doyuslerde\/\" target=\"_blank\" rel=\"noopener\">Report<\/a>&#8220;a istinad\u0259n x\u0259b\u0259r verir ki, s\u00f6hb\u0259t Az\u0259rbaycan Ordusunda xidm\u0259t ed\u0259n h\u0259rb\u00e7i 4 qarda\u015fdan gedir.<\/p>\n<p>Tovuz rayonunun Dondarqu\u015f\u00e7u k\u0259ndind\u0259n olan S\u0259m\u0259d, Elnur v\u0259 Kamran H\u00fcseynov qarda\u015flar\u0131 sentyabr\u0131n 27-d\u0259n ba\u015flayan d\u00f6y\u00fc\u015fl\u0259rd\u0259 f\u0259all\u0131q n\u00fcmayi\u015f etdiribl\u0259r.<\/p>\n<p>Onlardan \u00fc\u00e7\u00fc ixtisasl\u0131 zabit, biri m\u00fcdd\u0259td\u0259n art\u0131q h\u0259rbi xidm\u0259t ed\u0259n (MAXE) kimi V\u0259t\u0259n m\u00fcharib\u0259sin\u0259 qat\u0131l\u0131b. S\u0259m\u0259d, Elnur v\u0259 Kamran Az\u0259rbaycan Ali H\u0259rbi T\u0259yyar\u0259\u00e7ilik M\u0259kt\u0259bini bitiribl\u0259r. Onlardan ikisi h\u0259rbi t\u0259yyar\u0259\u00e7i, Elnur hava h\u00fccumundan m\u00fcdafi\u0259 \u00fczr\u0259 m\u00fct\u0259x\u0259ssisdir. Qarda\u015flardan dig\u0259ri &#8211; Afiq is\u0259 MAXE-dir.<\/p>\n<p><img class=\"imgbcode\" src=\"https:\/\/upload.az\/foto\/arxiv\/qardas1.jpg\" alt=\"4 qarda\u015f 44 g\u00fcnl\u00fck d\u00f6y\u00fc\u015fl\u0259rd\u0259 - FOTO\" \/>H\u00fcseynov S\u0259m\u0259d<\/p>\n<p>Qarda\u015flardan \u0259n b\u00f6y\u00fcy\u00fc H\u00fcseynov S\u0259m\u0259d Mahir o\u011flu 1 sentyabr 1984-c\u00fc ild\u0259 anadan olub. O, 1999-2002-ci ill\u0259rd\u0259 C\u0259m\u015fid Nax\u00e7\u0131vanski ad\u0131na h\u0259rbi liseyi bitirdikd\u0259n sonra, 2002-2006-c\u0131 ill\u0259rd\u0259 t\u0259hsilini Heyd\u0259r \u018fliyev ad\u0131na Az\u0259rbaycan Ali H\u0259rbi T\u0259yyar\u0259\u00e7ilik M\u0259kt\u0259bind\u0259 davam etdirib. 2006-ci ild\u0259 leytenant h\u0259rbi r\u00fctb\u0259si il\u0259 H\u0259rbi Hava Q\u00fcvv\u0259l\u0259rind\u0259 Su-25 t\u0259yyar\u0259sind\u0259 t\u0259yyar\u0259\u00e7i kimi f\u0259aliyy\u0259t\u0259 ba\u015flay\u0131b. Ard\u0131c\u0131l olaraq 2006-c\u0131 ild\u0259 leytenant, 2008-ci ild\u0259 ba\u015f leytenant, 2011-ci ild\u0259 kapitan, 2015-ci ild\u0259 mayor r\u00fctb\u0259sini qazan\u0131b.<\/p>\n<p>O, t\u0259cr\u00fcb\u0259li pilot kimi V\u0259t\u0259n m\u00fcharib\u0259sind\u0259 f\u0259al i\u015ftirak edib.<\/p>\n<p>Qarda\u015flardan \u00fc\u00e7\u00fcnc\u00fcs\u00fc H\u00fcseynov Elnur Mahir o\u011flu 13 aprel 1987-ci ild\u0259 do\u011fulub. 2001-2004-c\u00fc ill\u0259rd\u0259 C\u0259m\u015fid Nax\u00e7\u0131vanski ad\u0131na h\u0259rbi liseyd\u0259 oxuyub, ard\u0131nca 2004-2008-ci ill\u0259rd\u0259 Heyd\u0259r \u018fliyev ad\u0131na Az\u0259rbaycan Ali H\u0259rbi T\u0259yyar\u0259\u00e7ilik M\u0259kt\u0259bini bitirib, leytenant r\u00fctb\u0259si al\u0131b.<\/p>\n<p><img class=\"imgbcode\" src=\"https:\/\/upload.az\/foto\/arxiv\/qardas2.jpg\" alt=\"4 qarda\u015f 44 g\u00fcnl\u00fck d\u00f6y\u00fc\u015fl\u0259rd\u0259 - FOTO\" \/>H\u00fcseynov Elnur<\/p>\n<p>D\u00f6y\u00fc\u015fl\u0259r\u0259 kapitan kimi qat\u0131lan Elnur bu m\u00fcharib\u0259d\u0259 \u0259sas m\u0259suliyy\u0259tli i\u015fl\u0259rin icras\u0131nda i\u015ftirak edib. D\u00fc\u015fm\u0259nin Pilotsuz U\u00e7u\u015f Aparatlar\u0131n\u0131n bir ne\u00e7\u0259sinin, el\u0259c\u0259 d\u0259 Az\u0259rbaycan Respublikas\u0131n\u0131n hava s\u0259rh\u0259dl\u0259rini pozma\u011fa c\u0259hd ed\u0259n d\u00fc\u015fm\u0259n t\u0259yyar\u0259l\u0259rinin havada m\u0259hv edilm\u0259sind\u0259 xidm\u0259ti olan zabitl\u0259rimizd\u0259ndir. Leytenant (2008), ba\u015f leytenant (2011) v\u0259 kapitan (2016) r\u00fctb\u0259l\u0259rin\u0259 yiy\u0259l\u0259n\u0259n Elnura q\u0259l\u0259b\u0259d\u0259n sonra mayor (2020) r\u00fctb\u0259si verilib.<\/p>\n<p>Qarda\u015flar\u0131n ya\u015fca ki\u00e7iyi olan H\u00fcseynov Kamran Mahir o\u011flu 8 avqust 1995-ci ild\u0259 anadan olub. O da C\u0259m\u015fid Nax\u00e7\u0131vanski ad\u0131na h\u0259rbi liseyin (2010-2013) v\u0259 Heyd\u0259r \u018fliyev ad\u0131na Az\u0259rbaycan Ali H\u0259rbi T\u0259yyar\u0259\u00e7ilik M\u0259kt\u0259binin (2013-2017) m\u0259zunudur. Kursant vaxtlar\u0131nda nizam-intizam\u0131l\u0131 olub kursu f\u0259rql\u0259nm\u0259 il\u0259 bitirdiyin\u0259 g\u00f6r\u0259 T\u00fcrkiy\u0259y\u0259 g\u0259zintiy\u0259 g\u00f6nd\u0259rilm\u0259kl\u0259 m\u00fckafatland\u0131r\u0131l\u0131b. 2017-ci ild\u0259 leytenant r\u00fctb\u0259si alan Kamran 2020-ci ild\u0259 ba\u015f leytenant olub. Leytenant r\u00fctb\u0259si il\u0259 Bak\u0131da N sayl\u0131 h\u0259rbi hiss\u0259d\u0259 vertolyotda pilot kimi xidm\u0259t\u0259 ba\u015flay\u0131b. \u0130ki illik pilot t\u0259cr\u00fcb\u0259si il\u0259 ba\u015f leytenant kimi m\u00fcharib\u0259d\u0259 i\u015ftirak edib.<\/p>\n<p><img class=\"imgbcode\" src=\"https:\/\/upload.az\/foto\/arxiv\/qardas3_51607101391.jpg\" alt=\"4 qarda\u015f 44 g\u00fcnl\u00fck d\u00f6y\u00fc\u015fl\u0259rd\u0259 - FOTO\" \/>H\u00fcseynov Kamran<\/p>\n<p>Qarda\u015flar\u0131n ya\u015fca ikincisi olan H\u00fcseynov Afiq Mahir o\u011flu 17 oktyabr 1985-ci ild\u0259 d\u00fcnyaya g\u0259lib. 2014-c\u00fc ild\u0259n MAXE i\u015fl\u0259y\u0259n Afiq artilleriya\u00e7\u0131 s\u00fcr\u00fcc\u00fcd\u00fcr. \u00c7ox t\u0259cr\u00fcb\u0259li s\u00fcr\u00fcc\u00fc kimi \u00e7\u0259tin iqlim\u0259 malik da\u011fl\u0131q relyefd\u0259 ustal\u0131qla ma\u015f\u0131n idar\u0259 ed\u0259r\u0259k q\u0259l\u0259b\u0259mizin t\u0259min olunmas\u0131nda misilsiz xidm\u0259tl\u0259r g\u00f6st\u0259rib.<\/p>\n<p>Bu qarda\u015flar\u0131n atas\u0131 Mahir H\u00fcseynov Birinci Qaraba\u011f d\u00f6y\u00fc\u015fl\u0259rinin f\u0259al i\u015ftirak\u00e7\u0131s\u0131 olub, m\u00fcharib\u0259 veteran\u0131, ehtiyatda olan leytenantd\u0131r.<\/p>\n","protected":false},"excerpt":{"rendered":"<p>\u0130kinci Qaraba\u011f m\u00fcharib\u0259sind\u0259 i\u015f\u011fal\u00e7\u0131 d\u00fc\u015fm\u0259n\u0259 qar\u015f\u0131 d\u00f6y\u00fc\u015f\u0259r\u0259k torpaqlar\u0131m\u0131z\u0131n azad edilm\u0259sind\u0259 onlar\u0131n da b\u00f6y\u00fck rolu olub. ARANTV.AZ &#8220;Report&#8220;a istinad\u0259n x\u0259b\u0259r verir ki, s\u00f6hb\u0259t Az\u0259rbaycan Ordusunda xidm\u0259t ed\u0259n h\u0259rb\u00e7i 4 qarda\u015fdan gedir. Tovuz rayonunun Dondarqu\u015f\u00e7u k\u0259ndind\u0259n olan S\u0259m\u0259d, Elnur v\u0259 Kamran H\u00fcseynov qarda\u015flar\u0131 sentyabr\u0131n 27-d\u0259n ba\u015flayan d\u00f6y\u00fc\u015fl\u0259rd\u0259 f\u0259all\u0131q n\u00fcmayi\u015f etdiribl\u0259r. Onlardan \u00fc\u00e7\u00fc ixtisasl\u0131 zabit, biri m\u00fcdd\u0259td\u0259n art\u0131q h\u0259rbi xidm\u0259t ed\u0259n (MAXE) kimi V\u0259t\u0259n m\u00fcharib\u0259sin\u0259 qat\u0131l\u0131b. S\u0259m\u0259d, Elnur v\u0259 Kamran Az\u0259rbaycan Ali H\u0259rbi T\u0259yyar\u0259\u00e7ilik M\u0259kt\u0259bini bitiribl\u0259r. Onlardan ikisi h\u0259rbi t\u0259yyar\u0259\u00e7i, Elnur hava h\u00fccumundan m\u00fcdafi\u0259 \u00fczr\u0259 m\u00fct\u0259x\u0259ssisdir. Qarda\u015flardan dig\u0259ri &#8211; Afiq is\u0259 MAXE-dir. H\u00fcseynov&hellip;<\/p>\n","protected":false},"author":2,"featured_media":247999,"comment_status":"closed","ping_status":"closed","sticky":false,"template":"","format":"standard","meta":{"om_disable_all_campaigns":false,"_monsterinsights_skip_tracking":false,"_monsterinsights_sitenote_active":false,"_monsterinsights_sitenote_note":"","_monsterinsights_sitenote_category":0},"categories":[26],"tags":[],"aioseo_notices":[],"gutentor_comment":0,"rttpg_featured_image_url":{"full":["https:\/\/arantv.az\/wp-content\/uploads\/2020\/12\/qardas_71607101168.jpg",650,405,false],"landscape":["https:\/\/arantv.az\/wp-content\/uploads\/2020\/12\/qardas_71607101168.jpg",650,405,false],"portraits":["https:\/\/arantv.az\/wp-content\/uploads\/2020\/12\/qardas_71607101168.jpg",650,405,false],"thumbnail":["https:\/\/arantv.az\/wp-content\/uploads\/2020\/12\/qardas_71607101168-150x150.jpg",150,150,true],"medium":["https:\/\/arantv.az\/wp-content\/uploads\/2020\/12\/qardas_71607101168-300x187.jpg",300,187,true],"large":["https:\/\/arantv.az\/wp-content\/uploads\/2020\/12\/qardas_71607101168.jpg",640,399,false],"1536x1536":["https:\/\/arantv.az\/wp-content\/uploads\/2020\/12\/qardas_71607101168.jpg",650,405,false],"2048x2048":["https:\/\/arantv.az\/wp-content\/uploads\/2020\/12\/qardas_71607101168.jpg",650,405,false],"post-thumbnail":["https:\/\/arantv.az\/wp-content\/uploads\/2020\/12\/qardas_71607101168-240x172.jpg",240,172,true],"advps-thumb-one":["https:\/\/arantv.az\/wp-content\/uploads\/2020\/12\/qardas_71607101168.jpg",650,405,false]},"rttpg_author":{"display_name":"V\u00fcsal Rafiqo\u011flu","author_link":"https:\/\/arantv.az\/?author=2"},"rttpg_comment":0,"rttpg_category":"<a href=\"https:\/\/arantv.az\/?cat=26\" rel=\"category\">Sosial<\/a>","rttpg_excerpt":"\u0130kinci Qaraba\u011f m\u00fcharib\u0259sind\u0259 i\u015f\u011fal\u00e7\u0131 d\u00fc\u015fm\u0259n\u0259 qar\u015f\u0131 d\u00f6y\u00fc\u015f\u0259r\u0259k torpaqlar\u0131m\u0131z\u0131n azad edilm\u0259sind\u0259 onlar\u0131n da b\u00f6y\u00fck rolu olub. ARANTV.AZ &#8220;Report&#8220;a istinad\u0259n x\u0259b\u0259r verir ki, s\u00f6hb\u0259t Az\u0259rbaycan Ordusunda xidm\u0259t ed\u0259n h\u0259rb\u00e7i 4 qarda\u015fdan gedir. Tovuz rayonunun Dondarqu\u015f\u00e7u k\u0259ndind\u0259n olan S\u0259m\u0259d, Elnur v\u0259 Kamran H\u00fcseynov qarda\u015flar\u0131 sentyabr\u0131n 27-d\u0259n ba\u015flayan d\u00f6y\u00fc\u015fl\u0259rd\u0259 f\u0259all\u0131q n\u00fcmayi\u015f etdiribl\u0259r. Onlardan \u00fc\u00e7\u00fc ixtisasl\u0131 zabit, biri m\u00fcdd\u0259td\u0259n art\u0131q&hellip;","_links":{"self":[{"href":"https:\/\/arantv.az\/index.php?rest_route=\/wp\/v2\/posts\/247998"}],"collection":[{"href":"https:\/\/arantv.az\/index.php?rest_route=\/wp\/v2\/posts"}],"about":[{"href":"https:\/\/arantv.az\/index.php?rest_route=\/wp\/v2\/types\/post"}],"author":[{"embeddable":true,"href":"https:\/\/arantv.az\/index.php?rest_route=\/wp\/v2\/users\/2"}],"replies":[{"embeddable":true,"href":"https:\/\/arantv.az\/index.php?rest_route=%2Fwp%2Fv2%2Fcomments&post=247998"}],"version-history":[{"count":0,"href":"https:\/\/arantv.az\/index.php?rest_route=\/wp\/v2\/posts\/247998\/revisions"}],"wp:featuredmedia":[{"embeddable":true,"href":"https:\/\/arantv.az\/index.php?rest_route=\/wp\/v2\/media\/247999"}],"wp:attachment":[{"href":"https:\/\/arantv.az\/index.php?rest_route=%2Fwp%2Fv2%2Fmedia&parent=247998"}],"wp:term":[{"taxonomy":"category","embeddable":true,"href":"https:\/\/arantv.az\/index.php?rest_route=%2Fwp%2Fv2%2Fcategories&post=247998"},{"taxonomy":"post_tag","embeddable":true,"href":"https:\/\/arantv.az\/index.php?rest_route=%2Fwp%2Fv2%2Ftags&post=247998"}],"curies":[{"name":"wp","href":"https:\/\/api.w.org\/{rel}","templated":true}]}}