{"id":248006,"date":"2020-12-05T08:13:16","date_gmt":"2020-12-05T05:13:16","guid":{"rendered":"http:\/\/arantv.az\/?p=248006"},"modified":"2020-12-05T08:13:16","modified_gmt":"2020-12-05T05:13:16","slug":"bernama-agentliyi-prezident-ilham-%c9%99liyevin-bmt-bas-assambleyasinin-xususi-sessiyasindaki-cixisini-genis-isiqlandirib","status":"publish","type":"post","link":"https:\/\/arantv.az\/?p=248006","title":{"rendered":"BERNAMA agentliyi Prezident \u0130lham \u018fliyevin BMT Ba\u015f Assambleyas\u0131n\u0131n x\u00fcsusi sessiyas\u0131ndak\u0131 \u00e7\u0131x\u0131\u015f\u0131n\u0131 geni\u015f i\u015f\u0131qland\u0131r\u0131b"},"content":{"rendered":"<p>Malayziyan\u0131n BERNAMA Milli \u0130nformasiya Agentliyi Qo\u015fulmama H\u0259r\u0259kat\u0131n\u0131n s\u0259dri, Az\u0259rbaycan Prezidenti \u0130lham \u018fliyevin BMT Ba\u015f Assambleyas\u0131n\u0131n x\u00fcsusi sessiyas\u0131nda \u00e7\u0131x\u0131\u015f\u0131 bar\u0259d\u0259\u00a0AZ\u018fRTAC-a istinadla geni\u015f material yay\u0131b.<\/p>\n<p>\u201cQo\u015fulmama H\u0259r\u0259kat\u0131n\u0131n s\u0259dri, Prezident \u0130lham \u018fliyev COVID-19-a qar\u015f\u0131 BMT-nin reaksiyas\u0131n\u0131 t\u0259qdir edib\u201d s\u0259rl\u00f6vh\u0259li materialda d\u00f6vl\u0259timizin ba\u015f\u00e7\u0131s\u0131n\u0131n D\u00fcnya S\u0259hiyy\u0259 T\u0259\u015fkilat\u0131n\u0131n pandemiya il\u0259 m\u00fcbariz\u0259d\u0259 \u00fczv d\u00f6vl\u0259tl\u0259rin t\u0259l\u0259bat\u0131n\u0131 \u00f6yr\u0259nm\u0259k \u00fc\u00e7\u00fcn H\u0259r\u0259kat\u0131n \u00fczv\u00fc olan d\u00f6vl\u0259tl\u0259rin sor\u011fu materiallar\u0131ndan istifad\u0259sini y\u00fcks\u0259k qiym\u0259tl\u0259ndirdiyi qeyd edilib.<\/p>\n<p>Prezident \u0130lham \u018fliyev\u0259 istinadla bildirilib ki, pandemiyan\u0131n misli g\u00f6r\u00fcnm\u0259mi\u015f universal f\u0259sadlar\u0131n\u0131n aradan qald\u0131r\u0131lmas\u0131 \u00fc\u00e7\u00fcn qlobal s\u0259yl\u0259r\u0259 t\u00f6hf\u0259 verm\u0259k v\u0259 Qo\u015fulmama H\u0259r\u0259kat\u0131na \u00fczv d\u00f6vl\u0259tl\u0259r\u0259 operativ, adekvat v\u0259 \u0259hat\u0259li yard\u0131m\u0131n g\u00f6st\u0259rilm\u0259si m\u0259qs\u0259dil\u0259 Az\u0259rbaycan Qo\u015fulmama H\u0259r\u0259kat\u0131n\u0131n s\u0259dri qismind\u0259 2020-ci il may\u0131n 4-d\u0259 Qo\u015fulmama H\u0259r\u0259kat\u0131n\u0131n COVID-19-a qar\u015f\u0131 T\u0259mas Qrupunun onlayn Zirv\u0259 g\u00f6r\u00fc\u015f\u00fcn\u00fc t\u0259\u015fkil edib.<\/p>\n<p>M\u0259qal\u0259d\u0259 vur\u011fulan\u0131b ki, Az\u0259rbaycan Prezidenti Qo\u015fulmama H\u0259r\u0259kat\u0131na \u00fczv olan 120 d\u00f6vl\u0259tin ad\u0131ndan BMT sisteminin COVID-19-la ba\u011fl\u0131 f\u0259aliyy\u0259tini y\u00fcks\u0259k qiym\u0259tl\u0259ndir\u0259r\u0259k deyib: \u201cH\u0259r\u0259kat COVID-19 pandemiyas\u0131 il\u0259 ba\u011fl\u0131 artmaqda olan \u00e7a\u011f\u0131r\u0131\u015flarla m\u00fcbariz\u0259d\u0259 beyn\u0259lxalq ictimaiyy\u0259t t\u0259r\u0259find\u0259n t\u0259sirli t\u0259dbirl\u0259rin g\u00f6r\u00fclm\u0259si \u00fc\u00e7\u00fcn t\u0259limatlar\u0131n verilm\u0259si, t\u0259liml\u0259rin v\u0259 avadanl\u0131q, konkret xilasetm\u0259 xidm\u0259tl\u0259rinin t\u0259\u015fkili sah\u0259sind\u0259 \u00dcmumd\u00fcnya S\u0259hiyy\u0259 T\u0259\u015fkilat\u0131n\u0131n v\u0259 onun r\u0259hb\u0259rliyinin m\u00fch\u00fcm rolunu tam \u015f\u0259kild\u0259\u00a0d\u0259st\u0259kl\u0259yir\u201d.<\/p>\n<p>Pandemiyan\u0131n ist\u0259r inki\u015faf etmi\u015f, ist\u0259rs\u0259 d\u0259 inki\u015faf etm\u0259kd\u0259 olan \u00f6lk\u0259l\u0259rd\u0259 z\u0259iflikl\u0259ri v\u0259 b\u0259rab\u0259rsizliyi a\u015fkara \u00e7\u0131xararaq onlar\u0131 daha da k\u0259skinl\u0259\u015fdirm\u0259si, habel\u0259 yoxsullu\u011fu d\u0259rinl\u0259\u015fdir\u0259r\u0259k \u0259n h\u0259ssas kateqoriyadan olan insanlar\u0131n v\u0259ziyy\u0259tini daha da a\u011f\u0131rla\u015fd\u0131rmas\u0131 bar\u0259d\u0259 Prezident \u0130lham \u018fliyevin fikirl\u0259ri oxucular\u0131n diqq\u0259tin\u0259 \u00e7atd\u0131r\u0131laraq vur\u011fulan\u0131b ki, pandemiya \u0259n yoxsul v\u0259 z\u0259if v\u0259ziyy\u0259td\u0259 olan \u00f6lk\u0259l\u0259r\u0259 daha \u00e7ox z\u0259rb\u0259 vurub. Qeyd edilib ki, Qo\u015fulmama H\u0259r\u0259kat\u0131 b\u00f6hran\u0131n davam ed\u0259n f\u0259sadlar\u0131n\u0131n b\u00f6y\u00fck \u00e7\u0259tinlikl\u0259 \u0259ld\u0259 olunmu\u015f nailiyy\u0259tl\u0259ri geri ataca\u011f\u0131ndan v\u0259 Dayan\u0131ql\u0131 \u0130nki\u015faf M\u0259qs\u0259dl\u0259rin\u0259 nail olunmas\u0131 istiqam\u0259tind\u0259 t\u0259r\u0259qqiy\u0259 mane olaca\u011f\u0131ndan d\u0259rin narahatl\u0131q ke\u00e7irir.<\/p>\n<p>BERNAMA agentliyi, h\u0259m\u00e7inin qeyd edib ki, Az\u0259rbaycan Prezidenti b\u00fct\u00fcn \u00f6lk\u0259l\u0259rin d\u0259rman, vaksin v\u0259 tibbi avadanl\u0131\u011fa m\u00fcnasib, mane\u0259siz v\u0259 b\u0259rab\u0259r \u00e7\u0131x\u0131\u015f\u0131n\u0131n \u0259h\u0259miyy\u0259tini diqq\u0259t\u0259 \u00e7atd\u0131r\u0131b. Bu kontekstd\u0259 Prezident \u0130lham \u018fliyevin \u00e7\u0131x\u0131\u015f\u0131ndan sitat g\u0259tirilib: \u201cCOVID-19 \u0259leyhin\u0259 bir \u00e7ox vaksinl\u0259rin t\u0259dqiqat\u0131n\u0131n davam etdiyi bir vaxtda biz kliniki s\u0131naqlar\u0131n u\u011furlu n\u0259tic\u0259l\u0259rini g\u00f6zl\u0259yir v\u0259 \u00fcmid edirik ki, t\u0259hl\u00fck\u0259siz v\u0259 t\u0259sirli vaksin tezlikl\u0259 haz\u0131r olacaq v\u0259 onun ham\u0131 \u00fc\u00e7\u00fcn m\u00fcnasib qiym\u0259t\u0259 paylan\u0131lmas\u0131 t\u0259min edil\u0259c\u0259kdir. Biz bu prosesd\u0259 \u00dcST-nin \u0259laq\u0259l\u0259ndirm\u0259 s\u0259yl\u0259rini y\u00fcks\u0259k qiym\u0259tl\u0259ndirir v\u0259 vaksin haz\u0131r oldu\u011fu zaman t\u0259\u015fkilat\u0131n insanlar\u0131n bel\u0259 bir vaksin\u0259 b\u0259rab\u0259r \u00e7\u0131x\u0131\u015f\u0131n\u0131n t\u0259min edilm\u0259sind\u0259 rolunun vacibliyini vur\u011fulay\u0131r\u0131q\u201d.<\/p>\n","protected":false},"excerpt":{"rendered":"<p>Malayziyan\u0131n BERNAMA Milli \u0130nformasiya Agentliyi Qo\u015fulmama H\u0259r\u0259kat\u0131n\u0131n s\u0259dri, Az\u0259rbaycan Prezidenti \u0130lham \u018fliyevin BMT Ba\u015f Assambleyas\u0131n\u0131n x\u00fcsusi sessiyas\u0131nda \u00e7\u0131x\u0131\u015f\u0131 bar\u0259d\u0259\u00a0AZ\u018fRTAC-a istinadla geni\u015f material yay\u0131b. \u201cQo\u015fulmama H\u0259r\u0259kat\u0131n\u0131n s\u0259dri, Prezident \u0130lham \u018fliyev COVID-19-a qar\u015f\u0131 BMT-nin reaksiyas\u0131n\u0131 t\u0259qdir edib\u201d s\u0259rl\u00f6vh\u0259li materialda d\u00f6vl\u0259timizin ba\u015f\u00e7\u0131s\u0131n\u0131n D\u00fcnya S\u0259hiyy\u0259 T\u0259\u015fkilat\u0131n\u0131n pandemiya il\u0259 m\u00fcbariz\u0259d\u0259 \u00fczv d\u00f6vl\u0259tl\u0259rin t\u0259l\u0259bat\u0131n\u0131 \u00f6yr\u0259nm\u0259k \u00fc\u00e7\u00fcn H\u0259r\u0259kat\u0131n \u00fczv\u00fc olan d\u00f6vl\u0259tl\u0259rin sor\u011fu materiallar\u0131ndan istifad\u0259sini y\u00fcks\u0259k qiym\u0259tl\u0259ndirdiyi qeyd edilib. Prezident \u0130lham \u018fliyev\u0259 istinadla bildirilib ki, pandemiyan\u0131n misli g\u00f6r\u00fcnm\u0259mi\u015f universal f\u0259sadlar\u0131n\u0131n aradan qald\u0131r\u0131lmas\u0131 \u00fc\u00e7\u00fcn qlobal s\u0259yl\u0259r\u0259 t\u00f6hf\u0259 verm\u0259k v\u0259 Qo\u015fulmama H\u0259r\u0259kat\u0131na \u00fczv d\u00f6vl\u0259tl\u0259r\u0259 operativ, adekvat v\u0259 \u0259hat\u0259li yard\u0131m\u0131n g\u00f6st\u0259rilm\u0259si&hellip;<\/p>\n","protected":false},"author":2,"featured_media":248007,"comment_status":"closed","ping_status":"closed","sticky":false,"template":"","format":"standard","meta":{"om_disable_all_campaigns":false,"_monsterinsights_skip_tracking":false,"_monsterinsights_sitenote_active":false,"_monsterinsights_sitenote_note":"","_monsterinsights_sitenote_category":0},"categories":[4],"tags":[],"aioseo_notices":[],"gutentor_comment":0,"rttpg_featured_image_url":{"full":["https:\/\/arantv.az\/wp-content\/uploads\/2020\/12\/eaa32c96160711584144195380610417697.jpg",975,540,false],"landscape":["https:\/\/arantv.az\/wp-content\/uploads\/2020\/12\/eaa32c96160711584144195380610417697.jpg",975,540,false],"portraits":["https:\/\/arantv.az\/wp-content\/uploads\/2020\/12\/eaa32c96160711584144195380610417697.jpg",975,540,false],"thumbnail":["https:\/\/arantv.az\/wp-content\/uploads\/2020\/12\/eaa32c96160711584144195380610417697-150x150.jpg",150,150,true],"medium":["https:\/\/arantv.az\/wp-content\/uploads\/2020\/12\/eaa32c96160711584144195380610417697-300x166.jpg",300,166,true],"large":["https:\/\/arantv.az\/wp-content\/uploads\/2020\/12\/eaa32c96160711584144195380610417697.jpg",640,354,false],"1536x1536":["https:\/\/arantv.az\/wp-content\/uploads\/2020\/12\/eaa32c96160711584144195380610417697.jpg",975,540,false],"2048x2048":["https:\/\/arantv.az\/wp-content\/uploads\/2020\/12\/eaa32c96160711584144195380610417697.jpg",975,540,false],"post-thumbnail":["https:\/\/arantv.az\/wp-content\/uploads\/2020\/12\/eaa32c96160711584144195380610417697-240x172.jpg",240,172,true],"advps-thumb-one":["https:\/\/arantv.az\/wp-content\/uploads\/2020\/12\/eaa32c96160711584144195380610417697.jpg",975,540,false]},"rttpg_author":{"display_name":"V\u00fcsal Rafiqo\u011flu","author_link":"https:\/\/arantv.az\/?author=2"},"rttpg_comment":0,"rttpg_category":"<a href=\"https:\/\/arantv.az\/?cat=4\" rel=\"category\">Siyas\u0259t<\/a>","rttpg_excerpt":"Malayziyan\u0131n BERNAMA Milli \u0130nformasiya Agentliyi Qo\u015fulmama H\u0259r\u0259kat\u0131n\u0131n s\u0259dri, Az\u0259rbaycan Prezidenti \u0130lham \u018fliyevin BMT Ba\u015f Assambleyas\u0131n\u0131n x\u00fcsusi sessiyas\u0131nda \u00e7\u0131x\u0131\u015f\u0131 bar\u0259d\u0259\u00a0AZ\u018fRTAC-a istinadla geni\u015f material yay\u0131b. \u201cQo\u015fulmama H\u0259r\u0259kat\u0131n\u0131n s\u0259dri, Prezident \u0130lham \u018fliyev COVID-19-a qar\u015f\u0131 BMT-nin reaksiyas\u0131n\u0131 t\u0259qdir edib\u201d s\u0259rl\u00f6vh\u0259li materialda d\u00f6vl\u0259timizin ba\u015f\u00e7\u0131s\u0131n\u0131n D\u00fcnya S\u0259hiyy\u0259 T\u0259\u015fkilat\u0131n\u0131n pandemiya il\u0259 m\u00fcbariz\u0259d\u0259 \u00fczv d\u00f6vl\u0259tl\u0259rin t\u0259l\u0259bat\u0131n\u0131 \u00f6yr\u0259nm\u0259k \u00fc\u00e7\u00fcn H\u0259r\u0259kat\u0131n \u00fczv\u00fc olan d\u00f6vl\u0259tl\u0259rin sor\u011fu&hellip;","_links":{"self":[{"href":"https:\/\/arantv.az\/index.php?rest_route=\/wp\/v2\/posts\/248006"}],"collection":[{"href":"https:\/\/arantv.az\/index.php?rest_route=\/wp\/v2\/posts"}],"about":[{"href":"https:\/\/arantv.az\/index.php?rest_route=\/wp\/v2\/types\/post"}],"author":[{"embeddable":true,"href":"https:\/\/arantv.az\/index.php?rest_route=\/wp\/v2\/users\/2"}],"replies":[{"embeddable":true,"href":"https:\/\/arantv.az\/index.php?rest_route=%2Fwp%2Fv2%2Fcomments&post=248006"}],"version-history":[{"count":0,"href":"https:\/\/arantv.az\/index.php?rest_route=\/wp\/v2\/posts\/248006\/revisions"}],"wp:featuredmedia":[{"embeddable":true,"href":"https:\/\/arantv.az\/index.php?rest_route=\/wp\/v2\/media\/248007"}],"wp:attachment":[{"href":"https:\/\/arantv.az\/index.php?rest_route=%2Fwp%2Fv2%2Fmedia&parent=248006"}],"wp:term":[{"taxonomy":"category","embeddable":true,"href":"https:\/\/arantv.az\/index.php?rest_route=%2Fwp%2Fv2%2Fcategories&post=248006"},{"taxonomy":"post_tag","embeddable":true,"href":"https:\/\/arantv.az\/index.php?rest_route=%2Fwp%2Fv2%2Ftags&post=248006"}],"curies":[{"name":"wp","href":"https:\/\/api.w.org\/{rel}","templated":true}]}}