{"id":248046,"date":"2020-12-05T08:57:45","date_gmt":"2020-12-05T05:57:45","guid":{"rendered":"http:\/\/arantv.az\/?p=248046"},"modified":"2020-12-05T08:57:45","modified_gmt":"2020-12-05T05:57:45","slug":"minaya-dusduk-dostum-sagsan-dey%c9%99-qisqirdi-sonra-getdim-ki-s%c9%99hid-olub-aciqlama","status":"publish","type":"post","link":"https:\/\/arantv.az\/?p=248046","title":{"rendered":"\u201cMinaya d\u00fc\u015fd\u00fck, dostum \u201csa\u011fsan?\u201d dey\u0259 q\u0131\u015fq\u0131rd\u0131, sonra getdim ki, \u015f\u0259hid olub\u201d &#8211; A\u00c7IQLAMA"},"content":{"rendered":"<p>\u201cQorxmurduq, bizim \u00fc\u00e7\u00fcn qorxu deyil\u0259n \u015fey yox idi. M\u0259n qorxu hissini ya\u015famad\u0131m. N\u0259 dost-tan\u0131\u015f\u0131m\u0131z\u0131n, n\u0259 d\u0259 \u00f6z\u00fcm\u00fcz\u00fcn \u00f6l\u00fcm\u00fc bizi qorxutmurdu. D\u00fc\u015fm\u0259n bizim \u00fc\u00e7\u00fcn adi \u015fey idi\u201d.<\/p>\n<p>Trend-in m\u0259lumat\u0131na g\u00f6r\u0259, bunu Qaraba\u011f qazisi Namiq Qas\u0131mzad\u0259 deyib.<\/p>\n<p>F\u00fczuli istiqam\u0259tind\u0259 ged\u0259n d\u00f6y\u00fc\u015fl\u0259rd\u0259 eyni anda iki d\u0259f\u0259 minaya d\u00fc\u015f\u0259n N.Qas\u0131mzad\u0259 bildirib ki, minaya d\u00fc\u015f\u0259n zaman yan\u0131nda oldu\u011fu bir h\u0259rb\u00e7i yolda\u015f\u0131 \u015f\u0259hid olub, dig\u0259ri is\u0259 yaralan\u0131b:<\/p>\n<div id=\"AdviadNativeVideo0\" class=\"AdviadNativeVideo\"><\/div>\n<p>\u201cKims\u0259 dedi ki, minaya d\u00fc\u015fd\u00fck. El\u0259 h\u0259min an da ikinci minaya d\u00fc\u015fd\u00fck. O an ma\u015f\u0131n\u0131n biz oturdu\u011fumuz hiss\u0259d\u0259 d\u0259mir a\u00e7\u0131ld\u0131 v\u0259 biz havaya at\u0131ld\u0131q. H\u0259rb\u00e7i yolda\u015f\u0131m V\u00fcsal\u0131n \u201csa\u011fsan?\u201d\u00a0dey\u0259 q\u0131\u015fq\u0131r\u0131b m\u0259ni \u00e7a\u011f\u0131rd\u0131\u011f\u0131n\u0131 e\u015fidirdim.<\/p>\n<p>Sonra o, s\u0259s \u00e7\u0131xarmad\u0131, amma \u0259lin\u0259 d\u00fc\u015f\u0259ni m\u0259nim \u00fcst\u00fcm\u0259 atma\u011fa ba\u015flad\u0131. Bir-birimizin \u00fcst\u00fcn\u0259 n\u0259 is\u0259 at\u0131rd\u0131q, amma sonra g\u00f6rd\u00fcm ki, o, art\u0131q m\u0259n\u0259 atm\u0131r. S\u00fcr\u00fcn\u0259-s\u00fcr\u00fcn\u0259 getdim v\u0259 g\u00f6rd\u00fcm ki, o, \u015f\u0259hid olub&#8221;.<\/p>\n<p>N.Qas\u0131mzad\u0259 bildirib ki, 15-16 saat dig\u0259r yolda\u015f\u0131 il\u0259 yaral\u0131 v\u0259ziyy\u0259td\u0259 qalsa da, sonradan h\u0259rb\u00e7i yolda\u015flar\u0131 g\u0259lib onlar\u0131 tap\u0131blar.<\/p>\n<p>Minaya d\u00fc\u015fd\u00fcy\u00fc zaman bir g\u00f6z\u00fcn\u00fc itir\u0259n v\u0259 aya\u011f\u0131ndan yaralanan N.Qas\u0131mzad\u0259 sa\u011flaml\u0131\u011f\u0131 b\u0259rpa olunan kimi yenid\u0259n h\u0259rb\u00e7i yolda\u015flar\u0131n\u0131n s\u0131ralar\u0131na qat\u0131lmaq ist\u0259yir.<\/p>\n","protected":false},"excerpt":{"rendered":"<p>\u201cQorxmurduq, bizim \u00fc\u00e7\u00fcn qorxu deyil\u0259n \u015fey yox idi. M\u0259n qorxu hissini ya\u015famad\u0131m. N\u0259 dost-tan\u0131\u015f\u0131m\u0131z\u0131n, n\u0259 d\u0259 \u00f6z\u00fcm\u00fcz\u00fcn \u00f6l\u00fcm\u00fc bizi qorxutmurdu. D\u00fc\u015fm\u0259n bizim \u00fc\u00e7\u00fcn adi \u015fey idi\u201d. Trend-in m\u0259lumat\u0131na g\u00f6r\u0259, bunu Qaraba\u011f qazisi Namiq Qas\u0131mzad\u0259 deyib. F\u00fczuli istiqam\u0259tind\u0259 ged\u0259n d\u00f6y\u00fc\u015fl\u0259rd\u0259 eyni anda iki d\u0259f\u0259 minaya d\u00fc\u015f\u0259n N.Qas\u0131mzad\u0259 bildirib ki, minaya d\u00fc\u015f\u0259n zaman yan\u0131nda oldu\u011fu bir h\u0259rb\u00e7i yolda\u015f\u0131 \u015f\u0259hid olub, dig\u0259ri is\u0259 yaralan\u0131b: \u201cKims\u0259 dedi ki, minaya d\u00fc\u015fd\u00fck. El\u0259 h\u0259min an da ikinci minaya d\u00fc\u015fd\u00fck. O an ma\u015f\u0131n\u0131n biz oturdu\u011fumuz hiss\u0259d\u0259 d\u0259mir a\u00e7\u0131ld\u0131 v\u0259 biz havaya at\u0131ld\u0131q. H\u0259rb\u00e7i yolda\u015f\u0131m V\u00fcsal\u0131n \u201csa\u011fsan?\u201d\u00a0dey\u0259 q\u0131\u015fq\u0131r\u0131b&hellip;<\/p>\n","protected":false},"author":2,"featured_media":248047,"comment_status":"closed","ping_status":"closed","sticky":false,"template":"","format":"standard","meta":{"om_disable_all_campaigns":false,"_monsterinsights_skip_tracking":false,"_monsterinsights_sitenote_active":false,"_monsterinsights_sitenote_note":"","_monsterinsights_sitenote_category":0},"categories":[26],"tags":[],"aioseo_notices":[],"gutentor_comment":0,"rttpg_featured_image_url":{"full":["https:\/\/arantv.az\/wp-content\/uploads\/2020\/12\/tr.jpg",620,386,false],"landscape":["https:\/\/arantv.az\/wp-content\/uploads\/2020\/12\/tr.jpg",620,386,false],"portraits":["https:\/\/arantv.az\/wp-content\/uploads\/2020\/12\/tr.jpg",620,386,false],"thumbnail":["https:\/\/arantv.az\/wp-content\/uploads\/2020\/12\/tr-150x150.jpg",150,150,true],"medium":["https:\/\/arantv.az\/wp-content\/uploads\/2020\/12\/tr-300x187.jpg",300,187,true],"large":["https:\/\/arantv.az\/wp-content\/uploads\/2020\/12\/tr.jpg",620,386,false],"1536x1536":["https:\/\/arantv.az\/wp-content\/uploads\/2020\/12\/tr.jpg",620,386,false],"2048x2048":["https:\/\/arantv.az\/wp-content\/uploads\/2020\/12\/tr.jpg",620,386,false],"post-thumbnail":["https:\/\/arantv.az\/wp-content\/uploads\/2020\/12\/tr-240x172.jpg",240,172,true],"advps-thumb-one":["https:\/\/arantv.az\/wp-content\/uploads\/2020\/12\/tr.jpg",620,386,false]},"rttpg_author":{"display_name":"V\u00fcsal Rafiqo\u011flu","author_link":"https:\/\/arantv.az\/?author=2"},"rttpg_comment":0,"rttpg_category":"<a href=\"https:\/\/arantv.az\/?cat=26\" rel=\"category\">Sosial<\/a>","rttpg_excerpt":"\u201cQorxmurduq, bizim \u00fc\u00e7\u00fcn qorxu deyil\u0259n \u015fey yox idi. M\u0259n qorxu hissini ya\u015famad\u0131m. N\u0259 dost-tan\u0131\u015f\u0131m\u0131z\u0131n, n\u0259 d\u0259 \u00f6z\u00fcm\u00fcz\u00fcn \u00f6l\u00fcm\u00fc bizi qorxutmurdu. D\u00fc\u015fm\u0259n bizim \u00fc\u00e7\u00fcn adi \u015fey idi\u201d. Trend-in m\u0259lumat\u0131na g\u00f6r\u0259, bunu Qaraba\u011f qazisi Namiq Qas\u0131mzad\u0259 deyib. F\u00fczuli istiqam\u0259tind\u0259 ged\u0259n d\u00f6y\u00fc\u015fl\u0259rd\u0259 eyni anda iki d\u0259f\u0259 minaya d\u00fc\u015f\u0259n N.Qas\u0131mzad\u0259 bildirib ki, minaya d\u00fc\u015f\u0259n zaman yan\u0131nda oldu\u011fu bir h\u0259rb\u00e7i&hellip;","_links":{"self":[{"href":"https:\/\/arantv.az\/index.php?rest_route=\/wp\/v2\/posts\/248046"}],"collection":[{"href":"https:\/\/arantv.az\/index.php?rest_route=\/wp\/v2\/posts"}],"about":[{"href":"https:\/\/arantv.az\/index.php?rest_route=\/wp\/v2\/types\/post"}],"author":[{"embeddable":true,"href":"https:\/\/arantv.az\/index.php?rest_route=\/wp\/v2\/users\/2"}],"replies":[{"embeddable":true,"href":"https:\/\/arantv.az\/index.php?rest_route=%2Fwp%2Fv2%2Fcomments&post=248046"}],"version-history":[{"count":0,"href":"https:\/\/arantv.az\/index.php?rest_route=\/wp\/v2\/posts\/248046\/revisions"}],"wp:featuredmedia":[{"embeddable":true,"href":"https:\/\/arantv.az\/index.php?rest_route=\/wp\/v2\/media\/248047"}],"wp:attachment":[{"href":"https:\/\/arantv.az\/index.php?rest_route=%2Fwp%2Fv2%2Fmedia&parent=248046"}],"wp:term":[{"taxonomy":"category","embeddable":true,"href":"https:\/\/arantv.az\/index.php?rest_route=%2Fwp%2Fv2%2Fcategories&post=248046"},{"taxonomy":"post_tag","embeddable":true,"href":"https:\/\/arantv.az\/index.php?rest_route=%2Fwp%2Fv2%2Ftags&post=248046"}],"curies":[{"name":"wp","href":"https:\/\/api.w.org\/{rel}","templated":true}]}}