{"id":248050,"date":"2020-12-05T08:58:14","date_gmt":"2020-12-05T05:58:14","guid":{"rendered":"http:\/\/arantv.az\/?p=248050"},"modified":"2020-12-05T08:58:14","modified_gmt":"2020-12-05T05:58:14","slug":"realin-kecmis-ulduzu-muflis-elan-edildi","status":"publish","type":"post","link":"https:\/\/arantv.az\/?p=248050","title":{"rendered":"\u201cReal\u201d\u0131n ke\u00e7mi\u015f ulduzu m\u00fcflis elan edildi"},"content":{"rendered":"<p>Madrid \u201cReal\u201d\u0131n\u0131n ke\u00e7mi\u015f futbol\u00e7usu Royston Drente Niderland m\u0259hk\u0259m\u0259si t\u0259r\u0259find\u0259n m\u00fcflis elan edilib.<\/p>\n<p>Bu bar\u0259d\u0259 Voetbalzone.nl m\u0259lumat yay\u0131b.<\/p>\n<div id=\"AdviadNativeVideo0\" class=\"AdviadNativeVideo\"><\/div>\n<p>Qeyd olunur ki, m\u0259hk\u0259m\u0259 33 ya\u015fl\u0131 futbol\u00e7uya kurator t\u0259yin edib. Kurator idman\u00e7\u0131n\u0131n maliyy\u0259 v\u0259ziyy\u0259tin\u0259 n\u0259zar\u0259t ed\u0259c\u0259k.<\/p>\n<p>\u201c\u0130\u015fin inc\u0259likl\u0259rini bilmir\u0259m. M\u0259nim v\u0259kilim m\u0259zuniyy\u0259td\u0259 idi, v\u0259ziyy\u0259t s\u0259hl\u0259nkarl\u0131q s\u0259b\u0259bind\u0259n\u00a0d\u0259 yaranm\u0131\u015f ola bil\u0259r\u201d, &#8211; dey\u0259 R.Drente bildirib.<\/p>\n","protected":false},"excerpt":{"rendered":"<p>Madrid \u201cReal\u201d\u0131n\u0131n ke\u00e7mi\u015f futbol\u00e7usu Royston Drente Niderland m\u0259hk\u0259m\u0259si t\u0259r\u0259find\u0259n m\u00fcflis elan edilib. Bu bar\u0259d\u0259 Voetbalzone.nl m\u0259lumat yay\u0131b. Qeyd olunur ki, m\u0259hk\u0259m\u0259 33 ya\u015fl\u0131 futbol\u00e7uya kurator t\u0259yin edib. Kurator idman\u00e7\u0131n\u0131n maliyy\u0259 v\u0259ziyy\u0259tin\u0259 n\u0259zar\u0259t ed\u0259c\u0259k. \u201c\u0130\u015fin inc\u0259likl\u0259rini bilmir\u0259m. M\u0259nim v\u0259kilim m\u0259zuniyy\u0259td\u0259 idi, v\u0259ziyy\u0259t s\u0259hl\u0259nkarl\u0131q s\u0259b\u0259bind\u0259n\u00a0d\u0259 yaranm\u0131\u015f ola bil\u0259r\u201d, &#8211; dey\u0259 R.Drente bildirib.<\/p>\n","protected":false},"author":2,"featured_media":248051,"comment_status":"closed","ping_status":"closed","sticky":false,"template":"","format":"standard","meta":{"om_disable_all_campaigns":false,"_monsterinsights_skip_tracking":false,"_monsterinsights_sitenote_active":false,"_monsterinsights_sitenote_note":"","_monsterinsights_sitenote_category":0},"categories":[6],"tags":[],"aioseo_notices":[],"gutentor_comment":0,"rttpg_featured_image_url":{"full":["https:\/\/arantv.az\/wp-content\/uploads\/2020\/12\/royston-drenthe-real-madrid.jpg",620,318,false],"landscape":["https:\/\/arantv.az\/wp-content\/uploads\/2020\/12\/royston-drenthe-real-madrid.jpg",620,318,false],"portraits":["https:\/\/arantv.az\/wp-content\/uploads\/2020\/12\/royston-drenthe-real-madrid.jpg",620,318,false],"thumbnail":["https:\/\/arantv.az\/wp-content\/uploads\/2020\/12\/royston-drenthe-real-madrid-150x150.jpg",150,150,true],"medium":["https:\/\/arantv.az\/wp-content\/uploads\/2020\/12\/royston-drenthe-real-madrid-300x154.jpg",300,154,true],"large":["https:\/\/arantv.az\/wp-content\/uploads\/2020\/12\/royston-drenthe-real-madrid.jpg",620,318,false],"1536x1536":["https:\/\/arantv.az\/wp-content\/uploads\/2020\/12\/royston-drenthe-real-madrid.jpg",620,318,false],"2048x2048":["https:\/\/arantv.az\/wp-content\/uploads\/2020\/12\/royston-drenthe-real-madrid.jpg",620,318,false],"post-thumbnail":["https:\/\/arantv.az\/wp-content\/uploads\/2020\/12\/royston-drenthe-real-madrid-240x172.jpg",240,172,true],"advps-thumb-one":["https:\/\/arantv.az\/wp-content\/uploads\/2020\/12\/royston-drenthe-real-madrid.jpg",620,318,false]},"rttpg_author":{"display_name":"V\u00fcsal Rafiqo\u011flu","author_link":"https:\/\/arantv.az\/?author=2"},"rttpg_comment":0,"rttpg_category":"<a href=\"https:\/\/arantv.az\/?cat=6\" rel=\"category\">\u0130dman<\/a>","rttpg_excerpt":"Madrid \u201cReal\u201d\u0131n\u0131n ke\u00e7mi\u015f futbol\u00e7usu Royston Drente Niderland m\u0259hk\u0259m\u0259si t\u0259r\u0259find\u0259n m\u00fcflis elan edilib. Bu bar\u0259d\u0259 Voetbalzone.nl m\u0259lumat yay\u0131b. Qeyd olunur ki, m\u0259hk\u0259m\u0259 33 ya\u015fl\u0131 futbol\u00e7uya kurator t\u0259yin edib. Kurator idman\u00e7\u0131n\u0131n maliyy\u0259 v\u0259ziyy\u0259tin\u0259 n\u0259zar\u0259t ed\u0259c\u0259k. \u201c\u0130\u015fin inc\u0259likl\u0259rini bilmir\u0259m. M\u0259nim v\u0259kilim m\u0259zuniyy\u0259td\u0259 idi, v\u0259ziyy\u0259t s\u0259hl\u0259nkarl\u0131q s\u0259b\u0259bind\u0259n\u00a0d\u0259 yaranm\u0131\u015f ola bil\u0259r\u201d, &#8211; dey\u0259 R.Drente bildirib.","_links":{"self":[{"href":"https:\/\/arantv.az\/index.php?rest_route=\/wp\/v2\/posts\/248050"}],"collection":[{"href":"https:\/\/arantv.az\/index.php?rest_route=\/wp\/v2\/posts"}],"about":[{"href":"https:\/\/arantv.az\/index.php?rest_route=\/wp\/v2\/types\/post"}],"author":[{"embeddable":true,"href":"https:\/\/arantv.az\/index.php?rest_route=\/wp\/v2\/users\/2"}],"replies":[{"embeddable":true,"href":"https:\/\/arantv.az\/index.php?rest_route=%2Fwp%2Fv2%2Fcomments&post=248050"}],"version-history":[{"count":0,"href":"https:\/\/arantv.az\/index.php?rest_route=\/wp\/v2\/posts\/248050\/revisions"}],"wp:featuredmedia":[{"embeddable":true,"href":"https:\/\/arantv.az\/index.php?rest_route=\/wp\/v2\/media\/248051"}],"wp:attachment":[{"href":"https:\/\/arantv.az\/index.php?rest_route=%2Fwp%2Fv2%2Fmedia&parent=248050"}],"wp:term":[{"taxonomy":"category","embeddable":true,"href":"https:\/\/arantv.az\/index.php?rest_route=%2Fwp%2Fv2%2Fcategories&post=248050"},{"taxonomy":"post_tag","embeddable":true,"href":"https:\/\/arantv.az\/index.php?rest_route=%2Fwp%2Fv2%2Ftags&post=248050"}],"curies":[{"name":"wp","href":"https:\/\/api.w.org\/{rel}","templated":true}]}}