{"id":248173,"date":"2020-12-05T10:21:33","date_gmt":"2020-12-05T07:21:33","guid":{"rendered":"http:\/\/arantv.az\/?p=248173"},"modified":"2020-12-05T10:21:33","modified_gmt":"2020-12-05T07:21:33","slug":"v%c9%99kill%c9%99r-kollegiyasindan-erm%c9%99ni-vandalizmi-il%c9%99-%c9%99laq%c9%99li-230-beyn%c9%99lxalq-t%c9%99skilata-report","status":"publish","type":"post","link":"https:\/\/arantv.az\/?p=248173","title":{"rendered":"V\u0259kill\u0259r Kollegiyas\u0131ndan erm\u0259ni vandalizmi il\u0259 \u0259laq\u0259li 230 beyn\u0259lxalq t\u0259\u015fkilata report"},"content":{"rendered":"<p>V\u0259kill\u0259r Kollegiyas\u0131 erm\u0259ni vandalizmini v\u0259 haqq s\u0259simizi d\u00fcnyaya duyurma\u011fa davam edir.<\/p>\n<p>Qurumdan veril\u0259n m\u0259lumata g\u00f6r\u0259, sentyabr ay\u0131n\u0131n 27-d\u0259 Erm\u0259nistan Respublikas\u0131n\u0131n silahl\u0131 q\u00fcvv\u0259l\u0259ri t\u0259r\u0259find\u0259n Az\u0259rbaycan Respublikas\u0131n\u0131n m\u00fclki \u0259halisin\u0259 qar\u015f\u0131 t\u00f6r\u0259dil\u0259n t\u0259xribatlara cavab olaraq, Az\u0259rbaycan Respublikas\u0131 Silahl\u0131 Q\u00fcvv\u0259l\u0259rinin apard\u0131\u011f\u0131 44 g\u00fcnl\u00fck \u0259ks-h\u00fccum \u0259m\u0259liyyat\u0131 m\u00fcv\u0259ff\u0259qiyy\u0259tl\u0259 ba\u015fa \u00e7at\u0131b, noyabr ay\u0131n\u0131n 10-da imzalanm\u0131\u015f \u00fc\u00e7t\u0259r\u0259fli b\u0259yanata \u0259sas\u0259n Az\u0259rbaycan Respublikas\u0131n\u0131n \u0259razi b\u00fct\u00f6vl\u00fcy\u00fc b\u0259rpa edilmi\u015f, uzun ill\u0259r davam ed\u0259n i\u015f\u011fala son qoyulub.<\/p>\n<p>Erm\u0259ni silahl\u0131 q\u00fcvv\u0259l\u0259rinin i\u015f\u011fal\u0131 alt\u0131nda olan tarixi Az\u0259rbaycan torpaqlar\u0131 azad edildikc\u0259, b\u00fct\u00fcn d\u00fcnya erm\u0259ni terrorunun daha bir \u00fcz\u00fc \u2013 m\u0259d\u0259ni, tarixi v\u0259 ekoloji vandalizmin \u015fahidi oldu. Erm\u0259ni fa\u015fistl\u0259ri bo\u015faltd\u0131qlar\u0131 \u0259razil\u0259rd\u0259 evl\u0259ri, m\u0259kt\u0259bl\u0259ri, tarixi-m\u0259d\u0259ni abid\u0259l\u0259ri da\u011f\u0131d\u0131r v\u0259 talay\u0131r, me\u015f\u0259l\u0259ri yand\u0131r\u0131r, a\u011faclar\u0131 k\u0259s\u0259rdil\u0259r.<\/p>\n<p>Az\u0259rbaycan\u0131n i\u015f\u011faldan azad edilmi\u015f \u0259razil\u0259rind\u0259ki memarl\u0131q abid\u0259l\u0259rinin bir qisminin erm\u0259nil\u0259\u015fdirilm\u0259si, dig\u0259r qisminin vandalizm\u0259 u\u011frad\u0131lmas\u0131 ciddi t\u0259\u015fvi\u015f do\u011furur. Erm\u0259nistan\u0131n bu h\u00fcquqazidd \u0259m\u0259ll\u0259ri n\u0259tic\u0259sind\u0259 i\u015f\u011fal alt\u0131ndak\u0131 Az\u0259rbaycan \u0259razil\u0259rind\u0259 qalan islam dini abid\u0259l\u0259ri, ba\u011f, park v\u0259 memarl\u0131q ansambllar\u0131 erm\u0259nil\u0259r t\u0259r\u0259find\u0259n da\u011f\u0131d\u0131laraq art\u0131q \u00e7oxdan tarix\u0259 \u00e7evrilib.<\/p>\n<p>Az\u0259rbaycan Respublikas\u0131n\u0131n V\u0259kill\u0259r Kollegiyas\u0131 h\u00fcquqi v\u0259 faktiki c\u0259h\u0259td\u0259n \u0259sasland\u0131r\u0131lm\u0131\u015f hesabat xarakterli m\u00fcraci\u0259tini beyn\u0259lxalq h\u00fcquq-m\u00fcdafi\u0259 t\u0259\u015fkilatlar\u0131, xarici \u00f6lk\u0259l\u0259rin v\u0259kill\u0259r kollegiyalar\u0131 v\u0259 h\u00fcquq c\u0259miyy\u0259tl\u0259ri daxil olmaqla, toplam 230 beyn\u0259lxalq t\u0259\u015fkilata v\u0259 ali qurumlar\u0131n 40 s\u0259lahiyy\u0259tli \u015f\u0259xsl\u0259rin\u0259 \u00fcnvanlayaraq, Erm\u0259nistan Respublikas\u0131 t\u0259r\u0259find\u0259n h\u0259yata ke\u00e7iril\u0259n ekoloji v\u0259 m\u0259d\u0259ni terrora qiym\u0259t verilm\u0259sin\u0259 v\u0259 bu h\u0259r\u0259k\u0259tl\u0259rin k\u0259skin \u015f\u0259kild\u0259 q\u0131nan\u0131lmas\u0131na \u00e7a\u011f\u0131r\u0131b.<\/p>\n<p>Qeyd olunan\u00a0<a href=\"https:\/\/barassociation.az\/news\/632?fbclid=IwAR1JYj-bBw0DeMp5F_76EdjpbWwnsQwulqQzih_JlzGaBi99lHOdYJDaolI\" target=\"_blank\" rel=\"noopener\">m\u00fcraci\u0259t<\/a>\u00a0ictimaiyy\u0259tin diqq\u0259tin\u0259 t\u0259qdim edilir.<\/p>\n<p><a href=\"https:\/\/barassociation.az\/web\/uploads\/files\/Az%C9%99rbaycan%20Respublikas%C4%B1%20V%C9%99kill%C9%99r%20Kollegiyas%C4%B1n%C4%B1n%20m%C3%BCraci%C9%99ti.pdf\" target=\"_blank\" rel=\"noopener\">PDF Aze &#8211; V\u0259kill\u0259r Kollegiyas\u0131n\u0131n m\u00fcraci\u0259ti<\/a><br \/>\n<a href=\"https:\/\/barassociation.az\/web\/uploads\/files\/Call%20of%20The%20Azerbaijani%20Bar%20Association.pdf\" target=\"_blank\" rel=\"noopener\">PDF Eng &#8211; Call of Azerbaijani Bar Association<\/a><br \/>\n<a href=\"https:\/\/barassociation.az\/web\/uploads\/files\/%D0%9E%D0%B1%D1%80%D0%B0%D1%89%D0%B5%D0%BD%D0%B8%D0%B5%20%D0%90%D0%B7%D0%B5%D1%80%D0%B1%D0%B0%D0%B9%D0%B4%D0%B6%D0%B0%D0%BD%D1%81%D0%BA%D0%BE%D0%B9%20%D0%9A%D0%BE%D0%BB%D0%BB%D0%B5%D0%B3%D0%B8%D0%B8%20%D0%90%D0%B4%D0%B2%D0%BE%D0%BA%D0%B0%D1%82%D0%BE%D0%B2.pdf\" target=\"_blank\" rel=\"noopener\">PDF Ru &#8211; \u041e\u0431\u0440\u0430\u0449\u0435\u043d\u0438\u0435 \u0410\u0437\u0435\u0440\u0431\u0430\u0439\u0434\u0436\u0430\u043d\u0441\u043a\u043e\u0439 \u041a\u043e\u043b\u043b\u0435\u0433\u0438\u0438 \u0410\u0434\u0432\u043e\u043a\u0430\u0442\u043e\u0432<\/a><\/p>\n<div class=\"gallery\">\n<div class=\"gallery-i\"><img src=\"https:\/\/cdn.oxu.az\/uploads\/W1siZiIsIjIwMjAvMTIvMDUvMTEvMDIvMzkvZjMwOTE2NTgtZGRmOC00OTViLWIxYWQtOGEzMDNjYTk5YTRmL2ZvdG8gdmVraWxsZXIucG5nIl0sWyJwIiwiZW5jb2RlIiwianBnIiwiLXF1YWxpdHkgODAiXSxbInAiLCJ0aHVtYiIsIjU5MHg1OTBcdTAwM2UiXV0?sha=b5bc0587f1be4338\" alt=\"\" \/><\/div>\n<\/div>\n","protected":false},"excerpt":{"rendered":"<p>V\u0259kill\u0259r Kollegiyas\u0131 erm\u0259ni vandalizmini v\u0259 haqq s\u0259simizi d\u00fcnyaya duyurma\u011fa davam edir. Qurumdan veril\u0259n m\u0259lumata g\u00f6r\u0259, sentyabr ay\u0131n\u0131n 27-d\u0259 Erm\u0259nistan Respublikas\u0131n\u0131n silahl\u0131 q\u00fcvv\u0259l\u0259ri t\u0259r\u0259find\u0259n Az\u0259rbaycan Respublikas\u0131n\u0131n m\u00fclki \u0259halisin\u0259 qar\u015f\u0131 t\u00f6r\u0259dil\u0259n t\u0259xribatlara cavab olaraq, Az\u0259rbaycan Respublikas\u0131 Silahl\u0131 Q\u00fcvv\u0259l\u0259rinin apard\u0131\u011f\u0131 44 g\u00fcnl\u00fck \u0259ks-h\u00fccum \u0259m\u0259liyyat\u0131 m\u00fcv\u0259ff\u0259qiyy\u0259tl\u0259 ba\u015fa \u00e7at\u0131b, noyabr ay\u0131n\u0131n 10-da imzalanm\u0131\u015f \u00fc\u00e7t\u0259r\u0259fli b\u0259yanata \u0259sas\u0259n Az\u0259rbaycan Respublikas\u0131n\u0131n \u0259razi b\u00fct\u00f6vl\u00fcy\u00fc b\u0259rpa edilmi\u015f, uzun ill\u0259r davam ed\u0259n i\u015f\u011fala son qoyulub. Erm\u0259ni silahl\u0131 q\u00fcvv\u0259l\u0259rinin i\u015f\u011fal\u0131 alt\u0131nda olan tarixi Az\u0259rbaycan torpaqlar\u0131 azad edildikc\u0259, b\u00fct\u00fcn d\u00fcnya erm\u0259ni terrorunun daha bir \u00fcz\u00fc \u2013 m\u0259d\u0259ni, tarixi v\u0259 ekoloji vandalizmin \u015fahidi oldu.&hellip;<\/p>\n","protected":false},"author":2,"featured_media":248174,"comment_status":"closed","ping_status":"closed","sticky":false,"template":"","format":"standard","meta":{"om_disable_all_campaigns":false,"_monsterinsights_skip_tracking":false,"_monsterinsights_sitenote_active":false,"_monsterinsights_sitenote_note":"","_monsterinsights_sitenote_category":0},"categories":[26],"tags":[],"aioseo_notices":[],"gutentor_comment":0,"rttpg_featured_image_url":{"full":["https:\/\/arantv.az\/wp-content\/uploads\/2020\/12\/agdam-seheri-1-1.jpg",620,411,false],"landscape":["https:\/\/arantv.az\/wp-content\/uploads\/2020\/12\/agdam-seheri-1-1.jpg",620,411,false],"portraits":["https:\/\/arantv.az\/wp-content\/uploads\/2020\/12\/agdam-seheri-1-1.jpg",620,411,false],"thumbnail":["https:\/\/arantv.az\/wp-content\/uploads\/2020\/12\/agdam-seheri-1-1-150x150.jpg",150,150,true],"medium":["https:\/\/arantv.az\/wp-content\/uploads\/2020\/12\/agdam-seheri-1-1-300x199.jpg",300,199,true],"large":["https:\/\/arantv.az\/wp-content\/uploads\/2020\/12\/agdam-seheri-1-1.jpg",620,411,false],"1536x1536":["https:\/\/arantv.az\/wp-content\/uploads\/2020\/12\/agdam-seheri-1-1.jpg",620,411,false],"2048x2048":["https:\/\/arantv.az\/wp-content\/uploads\/2020\/12\/agdam-seheri-1-1.jpg",620,411,false],"post-thumbnail":["https:\/\/arantv.az\/wp-content\/uploads\/2020\/12\/agdam-seheri-1-1-240x172.jpg",240,172,true],"advps-thumb-one":["https:\/\/arantv.az\/wp-content\/uploads\/2020\/12\/agdam-seheri-1-1.jpg",620,411,false]},"rttpg_author":{"display_name":"V\u00fcsal Rafiqo\u011flu","author_link":"https:\/\/arantv.az\/?author=2"},"rttpg_comment":0,"rttpg_category":"<a href=\"https:\/\/arantv.az\/?cat=26\" rel=\"category\">Sosial<\/a>","rttpg_excerpt":"V\u0259kill\u0259r Kollegiyas\u0131 erm\u0259ni vandalizmini v\u0259 haqq s\u0259simizi d\u00fcnyaya duyurma\u011fa davam edir. Qurumdan veril\u0259n m\u0259lumata g\u00f6r\u0259, sentyabr ay\u0131n\u0131n 27-d\u0259 Erm\u0259nistan Respublikas\u0131n\u0131n silahl\u0131 q\u00fcvv\u0259l\u0259ri t\u0259r\u0259find\u0259n Az\u0259rbaycan Respublikas\u0131n\u0131n m\u00fclki \u0259halisin\u0259 qar\u015f\u0131 t\u00f6r\u0259dil\u0259n t\u0259xribatlara cavab olaraq, Az\u0259rbaycan Respublikas\u0131 Silahl\u0131 Q\u00fcvv\u0259l\u0259rinin apard\u0131\u011f\u0131 44 g\u00fcnl\u00fck \u0259ks-h\u00fccum \u0259m\u0259liyyat\u0131 m\u00fcv\u0259ff\u0259qiyy\u0259tl\u0259 ba\u015fa \u00e7at\u0131b, noyabr ay\u0131n\u0131n 10-da imzalanm\u0131\u015f \u00fc\u00e7t\u0259r\u0259fli b\u0259yanata \u0259sas\u0259n Az\u0259rbaycan Respublikas\u0131n\u0131n \u0259razi b\u00fct\u00f6vl\u00fcy\u00fc&hellip;","_links":{"self":[{"href":"https:\/\/arantv.az\/index.php?rest_route=\/wp\/v2\/posts\/248173"}],"collection":[{"href":"https:\/\/arantv.az\/index.php?rest_route=\/wp\/v2\/posts"}],"about":[{"href":"https:\/\/arantv.az\/index.php?rest_route=\/wp\/v2\/types\/post"}],"author":[{"embeddable":true,"href":"https:\/\/arantv.az\/index.php?rest_route=\/wp\/v2\/users\/2"}],"replies":[{"embeddable":true,"href":"https:\/\/arantv.az\/index.php?rest_route=%2Fwp%2Fv2%2Fcomments&post=248173"}],"version-history":[{"count":0,"href":"https:\/\/arantv.az\/index.php?rest_route=\/wp\/v2\/posts\/248173\/revisions"}],"wp:featuredmedia":[{"embeddable":true,"href":"https:\/\/arantv.az\/index.php?rest_route=\/wp\/v2\/media\/248174"}],"wp:attachment":[{"href":"https:\/\/arantv.az\/index.php?rest_route=%2Fwp%2Fv2%2Fmedia&parent=248173"}],"wp:term":[{"taxonomy":"category","embeddable":true,"href":"https:\/\/arantv.az\/index.php?rest_route=%2Fwp%2Fv2%2Fcategories&post=248173"},{"taxonomy":"post_tag","embeddable":true,"href":"https:\/\/arantv.az\/index.php?rest_route=%2Fwp%2Fv2%2Ftags&post=248173"}],"curies":[{"name":"wp","href":"https:\/\/api.w.org\/{rel}","templated":true}]}}