{"id":24820,"date":"2018-11-23T15:08:09","date_gmt":"2018-11-23T12:08:09","guid":{"rendered":"http:\/\/arantv.az\/?p=24820"},"modified":"2018-11-23T15:08:09","modified_gmt":"2018-11-23T12:08:09","slug":"parisd%c9%99-beyn%c9%99lxalq-s%c9%99rgil%c9%99r-burosunun-bas-assambleyasinin-164-cu-sessiyasi-is%c9%99-baslayib","status":"publish","type":"post","link":"https:\/\/arantv.az\/?p=24820","title":{"rendered":"Parisd\u0259 Beyn\u0259lxalq S\u0259rgil\u0259r B\u00fcrosunun Ba\u015f Assambleyas\u0131n\u0131n 164-c\u00fc sessiyas\u0131 i\u015f\u0259 ba\u015flay\u0131b"},"content":{"rendered":"<p><strong>ARANTV.AZ<\/strong> x\u0259b\u0259r verir ki, Parisd\u0259 Beyn\u0259lxalq S\u0259rgil\u0259r B\u00fcrosunun Ba\u015f Assambleyas\u0131n\u0131n 164-c\u00fc sessiyas\u0131 i\u015f\u0259 ba\u015flay\u0131b.<\/p>\n<p>Ba\u015f Assambleyada \u201cDubay 2020\u201d v\u0259 \u201cBuenos-Ayres 2023\u201d s\u0259rgil\u0259rinin icra v\u0259ziyy\u0259ti il\u0259 ba\u011fl\u0131 hesabatlar dinl\u0259nilib. H\u0259m\u00e7inin \u201cPekin 2019\u201d, \u201cAmsterdam 2022\u201d, \u201cDoha 2021\u201d ba\u011f\u00e7\u0131l\u0131q \u00fczr\u0259 v\u0259 \u201cMilan triennal\u0131 2019\u201d s\u0259rgil\u0259ri il\u0259 ba\u011fl\u0131 t\u0259qdimatlar olub.<\/p>\n<p>Sessiyada \u201cEkspo 2025\u201d \u00dcmumd\u00fcnya S\u0259rgisi \u00fc\u00e7\u00fcn qeydiyyata al\u0131nm\u0131\u015f namiz\u0259d \u015f\u0259h\u0259rl\u0259rin yekun t\u0259qdimatlar\u0131 olacaq. Qeyd ed\u0259k ki, Bak\u0131 il\u0259 yana\u015f\u0131, Yaponiyan\u0131n Osaka, Rusiyan\u0131n Yekaterinburq \u015f\u0259h\u0259rl\u0259ri \u201cEkspo 2025\u201d \u00dcmumd\u00fcnya S\u0259rgisin\u0259 namiz\u0259d \u015f\u0259h\u0259rl\u0259rdir.<\/p>\n<p>T\u0259qdimat zaman\u0131 Az\u0259rbaycan haqq\u0131nda v\u0259 Bak\u0131n\u0131n \u201cExpo 2025\u201d \u00dcmumd\u00fcnya S\u0259rgisin\u0259 namiz\u0259d \u015f\u0259h\u0259r olmas\u0131 bar\u0259d\u0259 haz\u0131rlanm\u0131\u015f filml\u0259r n\u00fcmayi\u015f olunacaq.<\/p>\n<p>G\u00fcn\u00fcn ikinci yar\u0131s\u0131nda is\u0259 \u00fczv d\u00f6vl\u0259tl\u0259r \u201cEkspo 2025\u201d \u00dcmumd\u00fcnya S\u0259rgisin\u0259 ev sahibliyi ed\u0259c\u0259k \u015f\u0259h\u0259rin namiz\u0259dliyin\u0259 s\u0259s ver\u0259c\u0259kl\u0259r.<\/p>\n","protected":false},"excerpt":{"rendered":"<p>ARANTV.AZ x\u0259b\u0259r verir ki, Parisd\u0259 Beyn\u0259lxalq S\u0259rgil\u0259r B\u00fcrosunun Ba\u015f Assambleyas\u0131n\u0131n 164-c\u00fc sessiyas\u0131 i\u015f\u0259 ba\u015flay\u0131b. Ba\u015f Assambleyada \u201cDubay 2020\u201d v\u0259 \u201cBuenos-Ayres 2023\u201d s\u0259rgil\u0259rinin icra v\u0259ziyy\u0259ti il\u0259 ba\u011fl\u0131 hesabatlar dinl\u0259nilib. H\u0259m\u00e7inin \u201cPekin 2019\u201d, \u201cAmsterdam 2022\u201d, \u201cDoha 2021\u201d ba\u011f\u00e7\u0131l\u0131q \u00fczr\u0259 v\u0259 \u201cMilan triennal\u0131 2019\u201d s\u0259rgil\u0259ri il\u0259 ba\u011fl\u0131 t\u0259qdimatlar olub. Sessiyada \u201cEkspo 2025\u201d \u00dcmumd\u00fcnya S\u0259rgisi \u00fc\u00e7\u00fcn qeydiyyata al\u0131nm\u0131\u015f namiz\u0259d \u015f\u0259h\u0259rl\u0259rin yekun t\u0259qdimatlar\u0131 olacaq. Qeyd ed\u0259k ki, Bak\u0131 il\u0259 yana\u015f\u0131, Yaponiyan\u0131n Osaka, Rusiyan\u0131n Yekaterinburq \u015f\u0259h\u0259rl\u0259ri \u201cEkspo 2025\u201d \u00dcmumd\u00fcnya S\u0259rgisin\u0259 namiz\u0259d \u015f\u0259h\u0259rl\u0259rdir. T\u0259qdimat zaman\u0131 Az\u0259rbaycan haqq\u0131nda v\u0259 Bak\u0131n\u0131n \u201cExpo 2025\u201d \u00dcmumd\u00fcnya S\u0259rgisin\u0259 namiz\u0259d \u015f\u0259h\u0259r olmas\u0131 bar\u0259d\u0259&hellip;<\/p>\n","protected":false},"author":2,"featured_media":24821,"comment_status":"closed","ping_status":"closed","sticky":false,"template":"","format":"standard","meta":{"om_disable_all_campaigns":false,"_monsterinsights_skip_tracking":false,"_monsterinsights_sitenote_active":false,"_monsterinsights_sitenote_note":"","_monsterinsights_sitenote_category":0},"categories":[4],"tags":[],"aioseo_notices":[],"gutentor_comment":0,"rttpg_featured_image_url":{"full":["https:\/\/arantv.az\/wp-content\/uploads\/2018\/11\/92e3dtkvjlbsk6rv5sucg1nns2par.jpg",892,669,false],"landscape":["https:\/\/arantv.az\/wp-content\/uploads\/2018\/11\/92e3dtkvjlbsk6rv5sucg1nns2par.jpg",892,669,false],"portraits":["https:\/\/arantv.az\/wp-content\/uploads\/2018\/11\/92e3dtkvjlbsk6rv5sucg1nns2par.jpg",892,669,false],"thumbnail":["https:\/\/arantv.az\/wp-content\/uploads\/2018\/11\/92e3dtkvjlbsk6rv5sucg1nns2par-150x150.jpg",150,150,true],"medium":["https:\/\/arantv.az\/wp-content\/uploads\/2018\/11\/92e3dtkvjlbsk6rv5sucg1nns2par-300x225.jpg",300,225,true],"large":["https:\/\/arantv.az\/wp-content\/uploads\/2018\/11\/92e3dtkvjlbsk6rv5sucg1nns2par.jpg",640,480,false],"1536x1536":["https:\/\/arantv.az\/wp-content\/uploads\/2018\/11\/92e3dtkvjlbsk6rv5sucg1nns2par.jpg",892,669,false],"2048x2048":["https:\/\/arantv.az\/wp-content\/uploads\/2018\/11\/92e3dtkvjlbsk6rv5sucg1nns2par.jpg",892,669,false],"post-thumbnail":["https:\/\/arantv.az\/wp-content\/uploads\/2018\/11\/92e3dtkvjlbsk6rv5sucg1nns2par-240x172.jpg",240,172,true],"advps-thumb-one":["https:\/\/arantv.az\/wp-content\/uploads\/2018\/11\/92e3dtkvjlbsk6rv5sucg1nns2par-892x620.jpg",892,620,true]},"rttpg_author":{"display_name":"V\u00fcsal Rafiqo\u011flu","author_link":"https:\/\/arantv.az\/?author=2"},"rttpg_comment":0,"rttpg_category":"<a href=\"https:\/\/arantv.az\/?cat=4\" rel=\"category\">Siyas\u0259t<\/a>","rttpg_excerpt":"ARANTV.AZ x\u0259b\u0259r verir ki, Parisd\u0259 Beyn\u0259lxalq S\u0259rgil\u0259r B\u00fcrosunun Ba\u015f Assambleyas\u0131n\u0131n 164-c\u00fc sessiyas\u0131 i\u015f\u0259 ba\u015flay\u0131b. Ba\u015f Assambleyada \u201cDubay 2020\u201d v\u0259 \u201cBuenos-Ayres 2023\u201d s\u0259rgil\u0259rinin icra v\u0259ziyy\u0259ti il\u0259 ba\u011fl\u0131 hesabatlar dinl\u0259nilib. H\u0259m\u00e7inin \u201cPekin 2019\u201d, \u201cAmsterdam 2022\u201d, \u201cDoha 2021\u201d ba\u011f\u00e7\u0131l\u0131q \u00fczr\u0259 v\u0259 \u201cMilan triennal\u0131 2019\u201d s\u0259rgil\u0259ri il\u0259 ba\u011fl\u0131 t\u0259qdimatlar olub. Sessiyada \u201cEkspo 2025\u201d \u00dcmumd\u00fcnya S\u0259rgisi \u00fc\u00e7\u00fcn qeydiyyata al\u0131nm\u0131\u015f namiz\u0259d&hellip;","_links":{"self":[{"href":"https:\/\/arantv.az\/index.php?rest_route=\/wp\/v2\/posts\/24820"}],"collection":[{"href":"https:\/\/arantv.az\/index.php?rest_route=\/wp\/v2\/posts"}],"about":[{"href":"https:\/\/arantv.az\/index.php?rest_route=\/wp\/v2\/types\/post"}],"author":[{"embeddable":true,"href":"https:\/\/arantv.az\/index.php?rest_route=\/wp\/v2\/users\/2"}],"replies":[{"embeddable":true,"href":"https:\/\/arantv.az\/index.php?rest_route=%2Fwp%2Fv2%2Fcomments&post=24820"}],"version-history":[{"count":0,"href":"https:\/\/arantv.az\/index.php?rest_route=\/wp\/v2\/posts\/24820\/revisions"}],"wp:featuredmedia":[{"embeddable":true,"href":"https:\/\/arantv.az\/index.php?rest_route=\/wp\/v2\/media\/24821"}],"wp:attachment":[{"href":"https:\/\/arantv.az\/index.php?rest_route=%2Fwp%2Fv2%2Fmedia&parent=24820"}],"wp:term":[{"taxonomy":"category","embeddable":true,"href":"https:\/\/arantv.az\/index.php?rest_route=%2Fwp%2Fv2%2Fcategories&post=24820"},{"taxonomy":"post_tag","embeddable":true,"href":"https:\/\/arantv.az\/index.php?rest_route=%2Fwp%2Fv2%2Ftags&post=24820"}],"curies":[{"name":"wp","href":"https:\/\/api.w.org\/{rel}","templated":true}]}}