{"id":24823,"date":"2018-11-23T15:09:14","date_gmt":"2018-11-23T12:09:14","guid":{"rendered":"http:\/\/arantv.az\/?p=24823"},"modified":"2018-11-23T15:09:14","modified_gmt":"2018-11-23T12:09:14","slug":"jurnalistl%c9%99r-abad-s%c9%99ki-keramika-v%c9%99-t%c9%99tbiqi-s%c9%99n%c9%99t-m%c9%99rk%c9%99zind%c9%99","status":"publish","type":"post","link":"https:\/\/arantv.az\/?p=24823","title":{"rendered":"Jurnalistl\u0259r \u201cABAD\u201d \u015e\u0259ki keramika v\u0259 t\u0259tbiqi s\u0259n\u0259t m\u0259rk\u0259zind\u0259"},"content":{"rendered":"<p><strong>ARANTV.AZ<\/strong> x\u0259b\u0259r verir ki, \u201cABAD\u201d \u015e\u0259ki keramika v\u0259 t\u0259tbiqi s\u0259n\u0259t m\u0259rk\u0259zin\u0259 media-tur t\u0259\u015fkil edilib. M\u00fcxt\u0259lif televiziya v\u0259 m\u0259tbu orqanlar\u0131n \u0259m\u0259kda\u015flar\u0131 Qafqazda ilk olan layih\u0259nin perspektivl\u0259ri il\u0259 tan\u0131\u015f olublar.<\/p>\n<p>Vaxtil\u0259 \u015e\u0259kid\u0259 istehsal olunan keramika m\u0259hsullar\u0131n\u0131n \u015f\u00f6hr\u0259ti d\u00fcnyaya yay\u0131l\u0131b. Yerli s\u0259n\u0259tkarlar\u0131n \u0259l i\u015fl\u0259ri al\u0131n\u0131b Vyanaya, Paris\u0259 apar\u0131l\u0131rd\u0131. Prezident \u0130lham \u018fliyevin oktyabr\u0131n 29-da a\u00e7\u0131l\u0131\u015f\u0131n\u0131 etdiyi bu m\u0259kan da h\u0259min \u0259n\u0259n\u0259ni b\u0259rpa etm\u0259k m\u0259qs\u0259di il\u0259 yarad\u0131l\u0131b.<\/p>\n<p>\u201cABAD\u201d \u015e\u0259ki Keramika v\u0259 t\u0259tbiqi s\u0259n\u0259t m\u0259rk\u0259zind\u0259\u00a0 27 s\u0259n\u0259t n\u00f6v\u00fc \u00fczr\u0259 100-d\u0259k s\u0259n\u0259tkar f\u0259aliyy\u0259t g\u00f6st\u0259rir.<\/p>\n<p>M\u0259rk\u0259zin yarad\u0131lmas\u0131 h\u0259m d\u0259 \u015e\u0259kid\u0259 turizmin inki\u015faf\u0131 il\u0259 ba\u011fl\u0131 h\u0259yata ke\u00e7iril\u0259n n\u00f6vb\u0259ti u\u011furlu layih\u0259 hesab edilir. Media-turun i\u015ftirak\u00e7\u0131lar\u0131n\u0131n diqq\u0259tin\u0259 \u00e7atd\u0131r\u0131ld\u0131 ki, bura q\u0259dim \u015f\u0259h\u0259rin qonaqlar\u0131n\u0131n da diqq\u0259tind\u0259dir. Yuxar\u0131 Ba\u015f D\u00f6vl\u0259t Tarix-Memarl\u0131q Qoru\u011fun \u0259razisind\u0259ki tarixi-memarl\u0131q abid\u0259l\u0259rini, o c\u00fcml\u0259d\u0259n \u015e\u0259ki xanlar\u0131n\u0131n saray\u0131n\u0131 ziyar\u0259t ed\u0259n turistl\u0259r Keramika v\u0259 T\u0259tbiqi S\u0259n\u0259t M\u0259rk\u0259zin\u0259 d\u0259 ba\u015f \u00e7\u0259k\u0259r\u0259k, \u015f\u0259kili s\u0259n\u0259tkarlar\u0131n yarad\u0131c\u0131l\u0131\u011f\u0131 il\u0259 \u0259yani tan\u0131\u015f olmaq imkan\u0131 qazan\u0131rlar.<\/p>\n<p>\u00d6lk\u0259mizd\u0259 vaxt\u0131 il\u0259 m\u00f6vcud olan 100-d\u0259k gil n\u00f6vl\u0259rinin indiy\u0259d\u0259k 80-90 faizind\u0259n istifad\u0259 edilir. Onlardan da bir \u00e7ox \u015e\u0259ki regionunun pay\u0131na d\u00fc\u015f\u00fcr. Bu bax\u0131mdan Qafqazdak\u0131 ilk keramika m\u0259rk\u0259zi burada yarad\u0131l\u0131b. Bu m\u0259kan h\u0259m d\u0259 UNESCO-nun \u201cYarad\u0131c\u0131 \u015f\u0259h\u0259rl\u0259r \u015f\u0259b\u0259k\u0259si\u201d siyah\u0131s\u0131na daxil edil\u0259n \u015e\u0259kid\u0259 yeni n\u0259sil s\u0259n\u0259tkarlar\u0131n yeti\u015fm\u0259sin\u0259 imkan ver\u0259c\u0259k. M\u0259rk\u0259zd\u0259 onlar \u00fc\u00e7\u00fcn h\u0259r bir \u015f\u0259rait yarad\u0131l\u0131b. H\u0259tta g\u0259l\u0259c\u0259kd\u0259 burada tan\u0131nm\u0131\u015f \u0259cn\u0259bi ustalar\u0131n i\u015ftirak\u0131 il\u0259 beyn\u0259lxalq t\u0259dbirl\u0259r, h\u0259m\u00e7inin m\u00fcasir avadanl\u0131qlardan istifad\u0259 etm\u0259kl\u0259 t\u0259liml\u0259rin t\u0259\u015fkili\u00a0 n\u0259z\u0259rd\u0259 tutulur.<\/p>\n","protected":false},"excerpt":{"rendered":"<p>ARANTV.AZ x\u0259b\u0259r verir ki, \u201cABAD\u201d \u015e\u0259ki keramika v\u0259 t\u0259tbiqi s\u0259n\u0259t m\u0259rk\u0259zin\u0259 media-tur t\u0259\u015fkil edilib. M\u00fcxt\u0259lif televiziya v\u0259 m\u0259tbu orqanlar\u0131n \u0259m\u0259kda\u015flar\u0131 Qafqazda ilk olan layih\u0259nin perspektivl\u0259ri il\u0259 tan\u0131\u015f olublar. Vaxtil\u0259 \u015e\u0259kid\u0259 istehsal olunan keramika m\u0259hsullar\u0131n\u0131n \u015f\u00f6hr\u0259ti d\u00fcnyaya yay\u0131l\u0131b. Yerli s\u0259n\u0259tkarlar\u0131n \u0259l i\u015fl\u0259ri al\u0131n\u0131b Vyanaya, Paris\u0259 apar\u0131l\u0131rd\u0131. Prezident \u0130lham \u018fliyevin oktyabr\u0131n 29-da a\u00e7\u0131l\u0131\u015f\u0131n\u0131 etdiyi bu m\u0259kan da h\u0259min \u0259n\u0259n\u0259ni b\u0259rpa etm\u0259k m\u0259qs\u0259di il\u0259 yarad\u0131l\u0131b. \u201cABAD\u201d \u015e\u0259ki Keramika v\u0259 t\u0259tbiqi s\u0259n\u0259t m\u0259rk\u0259zind\u0259\u00a0 27 s\u0259n\u0259t n\u00f6v\u00fc \u00fczr\u0259 100-d\u0259k s\u0259n\u0259tkar f\u0259aliyy\u0259t g\u00f6st\u0259rir. M\u0259rk\u0259zin yarad\u0131lmas\u0131 h\u0259m d\u0259 \u015e\u0259kid\u0259 turizmin inki\u015faf\u0131 il\u0259 ba\u011fl\u0131 h\u0259yata ke\u00e7iril\u0259n n\u00f6vb\u0259ti u\u011furlu&hellip;<\/p>\n","protected":false},"author":2,"featured_media":24824,"comment_status":"closed","ping_status":"closed","sticky":false,"template":"","format":"standard","meta":{"om_disable_all_campaigns":false,"_monsterinsights_skip_tracking":false,"_monsterinsights_sitenote_active":false,"_monsterinsights_sitenote_note":"","_monsterinsights_sitenote_category":0},"categories":[2],"tags":[],"aioseo_notices":[],"gutentor_comment":0,"rttpg_featured_image_url":{"full":["https:\/\/arantv.az\/wp-content\/uploads\/2018\/11\/92e3dtkvjlbsk6rv5sucg1nns2abad_108.jpg",1000,620,false],"landscape":["https:\/\/arantv.az\/wp-content\/uploads\/2018\/11\/92e3dtkvjlbsk6rv5sucg1nns2abad_108.jpg",1000,620,false],"portraits":["https:\/\/arantv.az\/wp-content\/uploads\/2018\/11\/92e3dtkvjlbsk6rv5sucg1nns2abad_108.jpg",1000,620,false],"thumbnail":["https:\/\/arantv.az\/wp-content\/uploads\/2018\/11\/92e3dtkvjlbsk6rv5sucg1nns2abad_108-150x150.jpg",150,150,true],"medium":["https:\/\/arantv.az\/wp-content\/uploads\/2018\/11\/92e3dtkvjlbsk6rv5sucg1nns2abad_108-300x186.jpg",300,186,true],"large":["https:\/\/arantv.az\/wp-content\/uploads\/2018\/11\/92e3dtkvjlbsk6rv5sucg1nns2abad_108.jpg",640,397,false],"1536x1536":["https:\/\/arantv.az\/wp-content\/uploads\/2018\/11\/92e3dtkvjlbsk6rv5sucg1nns2abad_108.jpg",1000,620,false],"2048x2048":["https:\/\/arantv.az\/wp-content\/uploads\/2018\/11\/92e3dtkvjlbsk6rv5sucg1nns2abad_108.jpg",1000,620,false],"post-thumbnail":["https:\/\/arantv.az\/wp-content\/uploads\/2018\/11\/92e3dtkvjlbsk6rv5sucg1nns2abad_108-240x172.jpg",240,172,true],"advps-thumb-one":["https:\/\/arantv.az\/wp-content\/uploads\/2018\/11\/92e3dtkvjlbsk6rv5sucg1nns2abad_108-1000x620.jpg",1000,620,true]},"rttpg_author":{"display_name":"V\u00fcsal Rafiqo\u011flu","author_link":"https:\/\/arantv.az\/?author=2"},"rttpg_comment":0,"rttpg_category":"<a href=\"https:\/\/arantv.az\/?cat=2\" rel=\"category\">Region X\u0259b\u0259rl\u0259ri<\/a>","rttpg_excerpt":"ARANTV.AZ x\u0259b\u0259r verir ki, \u201cABAD\u201d \u015e\u0259ki keramika v\u0259 t\u0259tbiqi s\u0259n\u0259t m\u0259rk\u0259zin\u0259 media-tur t\u0259\u015fkil edilib. M\u00fcxt\u0259lif televiziya v\u0259 m\u0259tbu orqanlar\u0131n \u0259m\u0259kda\u015flar\u0131 Qafqazda ilk olan layih\u0259nin perspektivl\u0259ri il\u0259 tan\u0131\u015f olublar. Vaxtil\u0259 \u015e\u0259kid\u0259 istehsal olunan keramika m\u0259hsullar\u0131n\u0131n \u015f\u00f6hr\u0259ti d\u00fcnyaya yay\u0131l\u0131b. Yerli s\u0259n\u0259tkarlar\u0131n \u0259l i\u015fl\u0259ri al\u0131n\u0131b Vyanaya, Paris\u0259 apar\u0131l\u0131rd\u0131. Prezident \u0130lham \u018fliyevin oktyabr\u0131n 29-da a\u00e7\u0131l\u0131\u015f\u0131n\u0131 etdiyi bu m\u0259kan da&hellip;","_links":{"self":[{"href":"https:\/\/arantv.az\/index.php?rest_route=\/wp\/v2\/posts\/24823"}],"collection":[{"href":"https:\/\/arantv.az\/index.php?rest_route=\/wp\/v2\/posts"}],"about":[{"href":"https:\/\/arantv.az\/index.php?rest_route=\/wp\/v2\/types\/post"}],"author":[{"embeddable":true,"href":"https:\/\/arantv.az\/index.php?rest_route=\/wp\/v2\/users\/2"}],"replies":[{"embeddable":true,"href":"https:\/\/arantv.az\/index.php?rest_route=%2Fwp%2Fv2%2Fcomments&post=24823"}],"version-history":[{"count":0,"href":"https:\/\/arantv.az\/index.php?rest_route=\/wp\/v2\/posts\/24823\/revisions"}],"wp:featuredmedia":[{"embeddable":true,"href":"https:\/\/arantv.az\/index.php?rest_route=\/wp\/v2\/media\/24824"}],"wp:attachment":[{"href":"https:\/\/arantv.az\/index.php?rest_route=%2Fwp%2Fv2%2Fmedia&parent=24823"}],"wp:term":[{"taxonomy":"category","embeddable":true,"href":"https:\/\/arantv.az\/index.php?rest_route=%2Fwp%2Fv2%2Fcategories&post=24823"},{"taxonomy":"post_tag","embeddable":true,"href":"https:\/\/arantv.az\/index.php?rest_route=%2Fwp%2Fv2%2Ftags&post=24823"}],"curies":[{"name":"wp","href":"https:\/\/api.w.org\/{rel}","templated":true}]}}