{"id":24836,"date":"2018-11-23T15:38:53","date_gmt":"2018-11-23T12:38:53","guid":{"rendered":"http:\/\/arantv.az\/?p=24836"},"modified":"2018-11-23T15:38:53","modified_gmt":"2018-11-23T12:38:53","slug":"hacibala-abutalibov-o-evl%c9%99r-sokul%c9%99c%c9%99k-siz-d%c9%99-buna-sahid-olacaqsiniz","status":"publish","type":"post","link":"https:\/\/arantv.az\/?p=24836","title":{"rendered":"Hac\u0131bala Abutal\u0131bov: O evl\u0259r s\u00f6k\u00fcl\u0259c\u0259k, siz d\u0259 buna \u015fahid olacaqs\u0131n\u0131z"},"content":{"rendered":"<p>Oktyabr\u0131n 12-d\u0259 Bak\u0131 \u015f\u0259h\u0259ri S\u0259bail rayonu \u0259razisind\u0259 &#8211; Badamdar \u015fossesind\u0259 ba\u015f vermi\u015f s\u00fcr\u00fc\u015fm\u0259 il\u0259 ba\u011fl\u0131 Az\u0259rbaycan t\u0259r\u0259find\u0259n d\u0259v\u0259t olunan yapon m\u00fct\u0259x\u0259ssisl\u0259rin ara\u015fd\u0131rmalar\u0131 davam edir.<\/p>\n<p><b>ARANTV.AZ\u00a0<\/b>x\u0259b\u0259r verir ki, bunu Modern.az-a a\u00e7\u0131qlamas\u0131nda ba\u015f nazirin m\u00fcavini<strong>\u00a0Hac\u0131bala Abutal\u0131bov<\/strong>\u00a0bildirib.<\/p>\n<p><strong>\u201cYaponlar F\u00f6vq\u0259lad\u0259 Hallar Nazirliyi il\u0259 m\u00fcqavil\u0259 ba\u011flay\u0131b\u201d<\/strong><\/p>\n<p>H.Abutal\u0131bov qeyd edib ki, ara\u015fd\u0131rmalar n\u00f6vb\u0259ti il\u0259d\u0259k davam ed\u0259c\u0259k:<\/p>\n<p>\u201cYapon m\u00fct\u0259x\u0259ssisl\u0259ri ara\u015fd\u0131rma apard\u0131qdan sonra bel\u0259 q\u0259na\u0259t\u0259 g\u0259lib ki, s\u00fcr\u00fc\u015fm\u0259 sah\u0259si geni\u015fl\u0259nm\u0259lidir. Art\u0131q yaponlar F\u00f6vq\u0259lad\u0259 Hallar Nazirliyi il\u0259 m\u00fcqavil\u0259 ba\u011flay\u0131blar. Bel\u0259 n\u0259tic\u0259y\u0259 g\u0259libl\u0259r ki, al\u0131nan avadanl\u0131qlar be\u015f\u00a0istiqam\u0259td\u0259 qurulmal\u0131 v\u0259 d\u00f6rd\u00a0ay \u0259rzind\u0259 i\u015fl\u0259m\u0259lidir. D\u00f6rd aydan sonra ara\u015fd\u0131rmalar\u0131n n\u0259tic\u0259si \u0259sas\u0131nda haz\u0131rlanan layih\u0259 F\u00f6vq\u0259lad\u0259 Hallar Nazirliyin\u0259 veril\u0259c\u0259k. F\u00f6vq\u0259lad\u0259 Hallar Nazirliyi layih\u0259ni ekspertiza edib t\u0259sdiql\u0259dikd\u0259n sonra \u0259razid\u0259 i\u015fl\u0259r\u0259 ba\u015flanacaq. \u0130\u015fl\u0259r 2019-cu il iyulun 1-d\u0259 tam yekunla\u015facaq\u201d.<\/p>\n<p><strong>\u201cS\u00fcr\u00fc\u015fm\u0259 \u0259razisi 2 d\u0259f\u0259 b\u00f6y\u00fcy\u0259c\u0259k\u201d<\/strong><\/p>\n<p>Ba\u015f nazirin m\u00fcavininin s\u00f6zl\u0259rin\u0259 g\u00f6r\u0259, \u0259razid\u0259ki evl\u0259r m\u00fctl\u0259q \u015f\u0259kild\u0259 s\u00f6k\u00fcl\u0259c\u0259k:<\/p>\n<p>\u201cYapon m\u00fct\u0259x\u0259ssisl\u0259r ara\u015fd\u0131rmalar zaman\u0131 n\u0259inki evl\u0259ri, h\u0259tta evl\u0259rin k\u0259narlar\u0131n\u0131 da yoxlayacaqlar. \u00c7\u00fcnki s\u00fcr\u00fc\u015fm\u0259 sah\u0259si iki\u00a0d\u0259f\u0259 b\u00f6y\u00fcy\u00fcr. M\u00fct\u0259x\u0259ssisl\u0259rin g\u0259ldiyi n\u0259tic\u0259d\u0259 biz g\u00f6rd\u00fcy\u00fcm\u00fcz sah\u0259d\u0259n iki d\u0259f\u0259 b\u00f6y\u00fck sah\u0259 yaranacaq. Onlar bu g\u00fcn d\u0259 o q\u0259na\u0259td\u0259dirl\u0259r ki, evl\u0259r s\u00f6k\u00fclm\u0259lidir. Amma onlar ist\u0259yir ki, 2019-cu ilin aprelin sonu may\u0131n \u0259vv\u0259l\u0259rin\u0259d\u0259k g\u00f6zl\u0259sinl\u0259r.<\/p>\n<p>O vaxta q\u0259d\u0259r b\u00fct\u00fcn ara\u015fd\u0131rmalar\u0131 apar\u0131b, layih\u0259ni biz\u0259 t\u0259qdim etsinl\u0259r. F\u00f6vq\u0259lad\u0259 Hallar Nazirliyi ekspertiza etdikd\u0259n sonra gec-tez o evl\u0259r s\u00f6k\u00fcl\u0259c\u0259k. Biz q\u0259rar ver\u0259c\u0259yik, siz d\u0259 bunlar\u0131n \u015fahidi olacaqs\u0131n\u0131z. Haz\u0131rda i\u015f gedir. Bununla bel\u0259, yapon m\u00fct\u0259x\u0259ssisl\u0259r\u00a0deyir ki, \u0259razid\u0259 b\u00f6y\u00fck s\u00fcr\u00fc\u015fm\u0259l\u0259r g\u00f6zl\u0259nilir. D\u00fcn\u0259n d\u0259 bunun \u0259yani \u015fahidi olduq. Bel\u0259 ki, evl\u0259rd\u0259n birinin yan\u0131nda dayanan b\u00f6y\u00fck da\u015f k\u00fctl\u0259si s\u00fcr\u00fc\u015fd\u00fc. Xo\u015fb\u0259xtlikd\u0259n ortada dayan\u0131b, amma s\u00fcr\u00fc\u015f\u0259c\u0259k, o biri da\u015flar da s\u00fcr\u00fc\u015f\u0259c\u0259k\u201d.<\/p>\n<p><strong>Bay\u0131lda polis m\u0259nt\u0259q\u0259l\u0259ri yarad\u0131l\u0131r<\/strong><\/p>\n<p>H.Abutal\u0131bov bildirib ki, sabah,\u00a0\u0259razid\u0259 polis m\u0259nt\u0259q\u0259l\u0259ri yarad\u0131lacaq:<\/p>\n<p>\u201c\u018frazid\u0259ki villa sahibl\u0259ri \u00e7a\u011f\u0131r\u0131\u015flara m\u0259h\u0259l qoymayaraq, ya\u015fama\u011fa davam edir. S\u0259bail rayon Polis \u0130dar\u0259sin\u0259 m\u0259nim imzamla m\u0259ktub g\u00f6nd\u0259rilib. M\u0259n\u0259 el\u0259 g\u0259lir ki, sabah ya birisi g\u00fcn polis m\u0259nt\u0259q\u0259si yaradaca\u011f\u0131q. Kim ki verdiyimiz q\u0259rar\u0131 pozur, \u00f6z\u00fc cavabdeh olacaq v\u0259 m\u0259suliyy\u0259t da\u015f\u0131yacaq. \u018fg\u0259r insan \u00f6z h\u0259yat\u0131ndan \u00e7ox mal\u0131n\u0131 sevirs\u0259, o insanl\u0131qdan k\u0259nard\u0131r\u201d.<\/p>\n<p>Qeyd ed\u0259k ki, 2018-ci il oktyabr ay\u0131n\u0131n 12-d\u0259 gec\u0259 saatlar\u0131nda Bak\u0131 \u015f\u0259h\u0259ri S\u0259bail rayonu \u0259razisind\u0259 &#8211; Badamdar \u015fossesind\u0259 (Badamdarla 20-ci sah\u0259ni birl\u0259\u015fdir\u0259n yol) torpaq qat\u0131 asfalt\u0131n \u00fcst\u00fcn\u0259 q\u0259d\u0259r g\u0259lib. S\u00fcr\u00fc\u015f\u0259n torpaq qat\u0131n\u0131n eni 250, uzunlu\u011fu 200, h\u00fcnd\u00fcrl\u00fcy\u00fc is\u0259 15 metrd\u0259n art\u0131qd\u0131r.<\/p>\n<p>Hadis\u0259 n\u0259tic\u0259sind\u0259 h\u0259min yolda n\u0259qliyyat\u0131n h\u0259r\u0259k\u0259ti m\u0259hdudla\u015fd\u0131r\u0131l\u0131b v\u0259 yamacda yerl\u0259\u015f\u0259n s\u0259kkiz\u00a0f\u0259rdi ya\u015fay\u0131\u015f evinin (villa) sahibl\u0259rin\u0259 evl\u0259ri m\u00fcv\u0259qq\u0259ti bo\u015faltmaq tap\u015f\u0131r\u0131l\u0131b. Tap\u015f\u0131r\u0131qlara m\u0259h\u0259l qoymayanlar villalar\u0131nda ya\u015famaqda davam edirl\u0259r.oxu.az<\/p>\n","protected":false},"excerpt":{"rendered":"<p>Oktyabr\u0131n 12-d\u0259 Bak\u0131 \u015f\u0259h\u0259ri S\u0259bail rayonu \u0259razisind\u0259 &#8211; Badamdar \u015fossesind\u0259 ba\u015f vermi\u015f s\u00fcr\u00fc\u015fm\u0259 il\u0259 ba\u011fl\u0131 Az\u0259rbaycan t\u0259r\u0259find\u0259n d\u0259v\u0259t olunan yapon m\u00fct\u0259x\u0259ssisl\u0259rin ara\u015fd\u0131rmalar\u0131 davam edir. ARANTV.AZ\u00a0x\u0259b\u0259r verir ki, bunu Modern.az-a a\u00e7\u0131qlamas\u0131nda ba\u015f nazirin m\u00fcavini\u00a0Hac\u0131bala Abutal\u0131bov\u00a0bildirib. \u201cYaponlar F\u00f6vq\u0259lad\u0259 Hallar Nazirliyi il\u0259 m\u00fcqavil\u0259 ba\u011flay\u0131b\u201d H.Abutal\u0131bov qeyd edib ki, ara\u015fd\u0131rmalar n\u00f6vb\u0259ti il\u0259d\u0259k davam ed\u0259c\u0259k: \u201cYapon m\u00fct\u0259x\u0259ssisl\u0259ri ara\u015fd\u0131rma apard\u0131qdan sonra bel\u0259 q\u0259na\u0259t\u0259 g\u0259lib ki, s\u00fcr\u00fc\u015fm\u0259 sah\u0259si geni\u015fl\u0259nm\u0259lidir. Art\u0131q yaponlar F\u00f6vq\u0259lad\u0259 Hallar Nazirliyi il\u0259 m\u00fcqavil\u0259 ba\u011flay\u0131blar. Bel\u0259 n\u0259tic\u0259y\u0259 g\u0259libl\u0259r ki, al\u0131nan avadanl\u0131qlar be\u015f\u00a0istiqam\u0259td\u0259 qurulmal\u0131 v\u0259 d\u00f6rd\u00a0ay \u0259rzind\u0259 i\u015fl\u0259m\u0259lidir. D\u00f6rd aydan sonra ara\u015fd\u0131rmalar\u0131n n\u0259tic\u0259si \u0259sas\u0131nda haz\u0131rlanan layih\u0259&hellip;<\/p>\n","protected":false},"author":2,"featured_media":24837,"comment_status":"closed","ping_status":"closed","sticky":false,"template":"","format":"standard","meta":{"om_disable_all_campaigns":false,"_monsterinsights_skip_tracking":false,"_monsterinsights_sitenote_active":false,"_monsterinsights_sitenote_note":"","_monsterinsights_sitenote_category":0},"categories":[1],"tags":[],"aioseo_notices":[],"gutentor_comment":0,"rttpg_featured_image_url":{"full":["https:\/\/arantv.az\/wp-content\/uploads\/2018\/11\/2-3.jpg",620,413,false],"landscape":["https:\/\/arantv.az\/wp-content\/uploads\/2018\/11\/2-3.jpg",620,413,false],"portraits":["https:\/\/arantv.az\/wp-content\/uploads\/2018\/11\/2-3.jpg",620,413,false],"thumbnail":["https:\/\/arantv.az\/wp-content\/uploads\/2018\/11\/2-3-150x150.jpg",150,150,true],"medium":["https:\/\/arantv.az\/wp-content\/uploads\/2018\/11\/2-3-300x200.jpg",300,200,true],"large":["https:\/\/arantv.az\/wp-content\/uploads\/2018\/11\/2-3.jpg",620,413,false],"1536x1536":["https:\/\/arantv.az\/wp-content\/uploads\/2018\/11\/2-3.jpg",620,413,false],"2048x2048":["https:\/\/arantv.az\/wp-content\/uploads\/2018\/11\/2-3.jpg",620,413,false],"post-thumbnail":["https:\/\/arantv.az\/wp-content\/uploads\/2018\/11\/2-3-240x172.jpg",240,172,true],"advps-thumb-one":["https:\/\/arantv.az\/wp-content\/uploads\/2018\/11\/2-3.jpg",620,413,false]},"rttpg_author":{"display_name":"V\u00fcsal Rafiqo\u011flu","author_link":"https:\/\/arantv.az\/?author=2"},"rttpg_comment":0,"rttpg_category":"<a href=\"https:\/\/arantv.az\/?cat=1\" rel=\"category\">C\u0259miyy\u0259t<\/a>","rttpg_excerpt":"Oktyabr\u0131n 12-d\u0259 Bak\u0131 \u015f\u0259h\u0259ri S\u0259bail rayonu \u0259razisind\u0259 &#8211; Badamdar \u015fossesind\u0259 ba\u015f vermi\u015f s\u00fcr\u00fc\u015fm\u0259 il\u0259 ba\u011fl\u0131 Az\u0259rbaycan t\u0259r\u0259find\u0259n d\u0259v\u0259t olunan yapon m\u00fct\u0259x\u0259ssisl\u0259rin ara\u015fd\u0131rmalar\u0131 davam edir. ARANTV.AZ\u00a0x\u0259b\u0259r verir ki, bunu Modern.az-a a\u00e7\u0131qlamas\u0131nda ba\u015f nazirin m\u00fcavini\u00a0Hac\u0131bala Abutal\u0131bov\u00a0bildirib. \u201cYaponlar F\u00f6vq\u0259lad\u0259 Hallar Nazirliyi il\u0259 m\u00fcqavil\u0259 ba\u011flay\u0131b\u201d H.Abutal\u0131bov qeyd edib ki, ara\u015fd\u0131rmalar n\u00f6vb\u0259ti il\u0259d\u0259k davam ed\u0259c\u0259k: \u201cYapon m\u00fct\u0259x\u0259ssisl\u0259ri ara\u015fd\u0131rma apard\u0131qdan sonra&hellip;","_links":{"self":[{"href":"https:\/\/arantv.az\/index.php?rest_route=\/wp\/v2\/posts\/24836"}],"collection":[{"href":"https:\/\/arantv.az\/index.php?rest_route=\/wp\/v2\/posts"}],"about":[{"href":"https:\/\/arantv.az\/index.php?rest_route=\/wp\/v2\/types\/post"}],"author":[{"embeddable":true,"href":"https:\/\/arantv.az\/index.php?rest_route=\/wp\/v2\/users\/2"}],"replies":[{"embeddable":true,"href":"https:\/\/arantv.az\/index.php?rest_route=%2Fwp%2Fv2%2Fcomments&post=24836"}],"version-history":[{"count":0,"href":"https:\/\/arantv.az\/index.php?rest_route=\/wp\/v2\/posts\/24836\/revisions"}],"wp:featuredmedia":[{"embeddable":true,"href":"https:\/\/arantv.az\/index.php?rest_route=\/wp\/v2\/media\/24837"}],"wp:attachment":[{"href":"https:\/\/arantv.az\/index.php?rest_route=%2Fwp%2Fv2%2Fmedia&parent=24836"}],"wp:term":[{"taxonomy":"category","embeddable":true,"href":"https:\/\/arantv.az\/index.php?rest_route=%2Fwp%2Fv2%2Fcategories&post=24836"},{"taxonomy":"post_tag","embeddable":true,"href":"https:\/\/arantv.az\/index.php?rest_route=%2Fwp%2Fv2%2Ftags&post=24836"}],"curies":[{"name":"wp","href":"https:\/\/api.w.org\/{rel}","templated":true}]}}