{"id":24849,"date":"2018-11-23T15:57:06","date_gmt":"2018-11-23T12:57:06","guid":{"rendered":"http:\/\/arantv.az\/?p=24849"},"modified":"2018-11-23T15:57:06","modified_gmt":"2018-11-23T12:57:06","slug":"erm%c9%99nistanin-az%c9%99rbaycana-qarsi-t%c9%99xribatinin-qarsisi-alindi-beyn%c9%99lxalq-s%c9%99rgid%c9%99","status":"publish","type":"post","link":"https:\/\/arantv.az\/?p=24849","title":{"rendered":"Erm\u0259nistan\u0131n Az\u0259rbaycana qar\u015f\u0131 t\u0259xribat\u0131n\u0131n qar\u015f\u0131s\u0131 al\u0131nd\u0131 &#8211; Beyn\u0259lxalq s\u0259rgid\u0259"},"content":{"rendered":"<p><strong>Pol\u015fan\u0131n paytaxt\u0131 Var\u015fava \u015f\u0259h\u0259rind\u0259 &#8220;TTWarsaw&#8221; adl\u0131 beyn\u0259lxalq turizm s\u0259rgisind\u0259 Erm\u0259nistan\u0131n Az\u0259rbaycana qar\u015f\u0131 t\u0259xribat\u0131n\u0131n qar\u015f\u0131s\u0131 al\u0131n\u0131b.<\/strong><\/p>\n<p><strong>ARANTV.AZ<\/strong> x\u0259b\u0259r verir ki, bu bar\u0259d\u0259 Report-a Az\u0259rbaycan Xarici \u0130\u015fl\u0259r Nazirliyinin M\u0259tbuat xidm\u0259tinin r\u0259hb\u0259ri\u00a0<strong>Leyla Abdullayeva<\/strong>\u00a0bildirib.<\/p>\n<p>O bildirib ki, Az\u0259rbaycan Respublikas\u0131n\u0131n Pol\u015fadak\u0131 S\u0259firliyi t\u0259r\u0259find\u0259n s\u00f6z\u00fcged\u0259n s\u0259rgi zaman\u0131 Erm\u0259nistana m\u0259xsus stendd\u0259 Az\u0259rbaycan\u0131n i\u015f\u011fal alt\u0131ndak\u0131 \u0259razil\u0259rinin t\u0259\u015fviqin\u0259 dair \u015f\u0259kil v\u0259 bayraqlar\u0131n n\u00fcmayi\u015f olundu\u011fu m\u00fc\u0259yy\u0259n edilib.<\/p>\n<p>M\u0259s\u0259l\u0259 il\u0259 \u0259laq\u0259dar a\u0259firlik s\u00f6z\u00fcged\u0259n s\u0259rginin t\u0259\u015fkilat\u00e7\u0131lar\u0131 il\u0259 d\u0259rhal \u0259laq\u0259 saxlayaraq, Pol\u015fan\u0131n Az\u0259rbaycan\u0131n suverenliyini v\u0259\u0259razi b\u00fct\u00f6vl\u00fcy\u00fcn\u00fc tan\u0131d\u0131\u011f\u0131n\u0131, el\u0259c\u0259 d\u0259 bir s\u0131ra beyn\u0259lxalq t\u0259\u015fkilatlar t\u0259r\u0259find\u0259n Da\u011fl\u0131q Qaraba\u011f\u0131n v\u0259\u0259traf 7 rayonun i\u015f\u011fal\u0131n\u0131n beyn\u0259lxalq h\u00fcquq normalar\u0131na, humanizm prinsipl\u0259rin\u0259 v\u0259 d\u00f6vl\u0259tl\u0259rin \u0259razi b\u00fct\u00f6vl\u00fcy\u00fcn\u0259 qar\u015f\u0131 y\u00f6n\u0259lmi\u015f fakt kimi qiym\u0259tl\u0259ndirildiyini bildirib. Bu x\u00fcsusda, Az\u0259rbaycan\u0131n i\u015f\u011fal olunmu\u015f \u0259razil\u0259rind\u0259 yarad\u0131lm\u0131\u015f qondarma rejimin t\u0259bli\u011fi m\u0259qs\u0259dini da\u015f\u0131yan t\u0259xribat xarakterli m\u0259lumatlar\u0131n s\u0259rgid\u0259 n\u00fcmayi\u015f edilm\u0259sinin birba\u015fa Az\u0259rbaycan\u0131n suverenliyin\u0259 v\u0259\u0259razi b\u00fct\u00f6vl\u00fcy\u00fcn\u0259 qar\u015f\u0131 y\u00f6n\u0259ldiyi qeyd edib.<\/p>\n<p>&#8220;Verilmi\u015f m\u0259lumatlara g\u00f6r\u0259 t\u0259\u015f\u0259kk\u00fcr\u00fcn\u00fc bildir\u0259n s\u0259rgi t\u0259\u015fkilat\u00e7\u0131lar\u0131 s\u00f6z\u00fcged\u0259n materiallar\u0131n y\u0131\u011f\u0131\u015fd\u0131ralaca\u011f\u0131n\u0131 S\u0259firliyin diqq\u0259tin\u0259 \u00e7atd\u0131r\u0131blar. Qeyd etm\u0259k ist\u0259rdik ki, bug\u00fcn S\u0259firliyin m\u00fcdaxil\u0259sind\u0259n sonra h\u0259min t\u0259xribat\u00e7\u0131 materiallar y\u0131\u011f\u0131\u015fd\u0131r\u0131l\u0131b.<\/p>\n<p>Bildirm\u0259k ist\u0259rdik ki, bu kimi hallar daima Xarici i\u015fl\u0259r Nazirliyinin v\u0259 diplomatik n\u00fcmay\u0259nd\u0259likl\u0259rin diqq\u0259t m\u0259rk\u0259zind\u0259dir&#8221;, &#8211; L.Abdullayeva \u0259lav\u0259 edib.<\/p>\n","protected":false},"excerpt":{"rendered":"<p>Pol\u015fan\u0131n paytaxt\u0131 Var\u015fava \u015f\u0259h\u0259rind\u0259 &#8220;TTWarsaw&#8221; adl\u0131 beyn\u0259lxalq turizm s\u0259rgisind\u0259 Erm\u0259nistan\u0131n Az\u0259rbaycana qar\u015f\u0131 t\u0259xribat\u0131n\u0131n qar\u015f\u0131s\u0131 al\u0131n\u0131b. ARANTV.AZ x\u0259b\u0259r verir ki, bu bar\u0259d\u0259 Report-a Az\u0259rbaycan Xarici \u0130\u015fl\u0259r Nazirliyinin M\u0259tbuat xidm\u0259tinin r\u0259hb\u0259ri\u00a0Leyla Abdullayeva\u00a0bildirib. O bildirib ki, Az\u0259rbaycan Respublikas\u0131n\u0131n Pol\u015fadak\u0131 S\u0259firliyi t\u0259r\u0259find\u0259n s\u00f6z\u00fcged\u0259n s\u0259rgi zaman\u0131 Erm\u0259nistana m\u0259xsus stendd\u0259 Az\u0259rbaycan\u0131n i\u015f\u011fal alt\u0131ndak\u0131 \u0259razil\u0259rinin t\u0259\u015fviqin\u0259 dair \u015f\u0259kil v\u0259 bayraqlar\u0131n n\u00fcmayi\u015f olundu\u011fu m\u00fc\u0259yy\u0259n edilib. M\u0259s\u0259l\u0259 il\u0259 \u0259laq\u0259dar a\u0259firlik s\u00f6z\u00fcged\u0259n s\u0259rginin t\u0259\u015fkilat\u00e7\u0131lar\u0131 il\u0259 d\u0259rhal \u0259laq\u0259 saxlayaraq, Pol\u015fan\u0131n Az\u0259rbaycan\u0131n suverenliyini v\u0259\u0259razi b\u00fct\u00f6vl\u00fcy\u00fcn\u00fc tan\u0131d\u0131\u011f\u0131n\u0131, el\u0259c\u0259 d\u0259 bir s\u0131ra beyn\u0259lxalq t\u0259\u015fkilatlar t\u0259r\u0259find\u0259n Da\u011fl\u0131q Qaraba\u011f\u0131n v\u0259\u0259traf 7 rayonun i\u015f\u011fal\u0131n\u0131n beyn\u0259lxalq h\u00fcquq normalar\u0131na,&hellip;<\/p>\n","protected":false},"author":2,"featured_media":24850,"comment_status":"closed","ping_status":"closed","sticky":false,"template":"","format":"standard","meta":{"om_disable_all_campaigns":false,"_monsterinsights_skip_tracking":false,"_monsterinsights_sitenote_active":false,"_monsterinsights_sitenote_note":"","_monsterinsights_sitenote_category":0},"categories":[1],"tags":[],"aioseo_notices":[],"gutentor_comment":0,"rttpg_featured_image_url":{"full":["https:\/\/arantv.az\/wp-content\/uploads\/2018\/11\/706399.jpg",800,600,false],"landscape":["https:\/\/arantv.az\/wp-content\/uploads\/2018\/11\/706399.jpg",800,600,false],"portraits":["https:\/\/arantv.az\/wp-content\/uploads\/2018\/11\/706399.jpg",800,600,false],"thumbnail":["https:\/\/arantv.az\/wp-content\/uploads\/2018\/11\/706399-150x150.jpg",150,150,true],"medium":["https:\/\/arantv.az\/wp-content\/uploads\/2018\/11\/706399-300x225.jpg",300,225,true],"large":["https:\/\/arantv.az\/wp-content\/uploads\/2018\/11\/706399.jpg",640,480,false],"1536x1536":["https:\/\/arantv.az\/wp-content\/uploads\/2018\/11\/706399.jpg",800,600,false],"2048x2048":["https:\/\/arantv.az\/wp-content\/uploads\/2018\/11\/706399.jpg",800,600,false],"post-thumbnail":["https:\/\/arantv.az\/wp-content\/uploads\/2018\/11\/706399-240x172.jpg",240,172,true],"advps-thumb-one":["https:\/\/arantv.az\/wp-content\/uploads\/2018\/11\/706399.jpg",800,600,false]},"rttpg_author":{"display_name":"V\u00fcsal Rafiqo\u011flu","author_link":"https:\/\/arantv.az\/?author=2"},"rttpg_comment":0,"rttpg_category":"<a href=\"https:\/\/arantv.az\/?cat=1\" rel=\"category\">C\u0259miyy\u0259t<\/a>","rttpg_excerpt":"Pol\u015fan\u0131n paytaxt\u0131 Var\u015fava \u015f\u0259h\u0259rind\u0259 &#8220;TTWarsaw&#8221; adl\u0131 beyn\u0259lxalq turizm s\u0259rgisind\u0259 Erm\u0259nistan\u0131n Az\u0259rbaycana qar\u015f\u0131 t\u0259xribat\u0131n\u0131n qar\u015f\u0131s\u0131 al\u0131n\u0131b. ARANTV.AZ x\u0259b\u0259r verir ki, bu bar\u0259d\u0259 Report-a Az\u0259rbaycan Xarici \u0130\u015fl\u0259r Nazirliyinin M\u0259tbuat xidm\u0259tinin r\u0259hb\u0259ri\u00a0Leyla Abdullayeva\u00a0bildirib. O bildirib ki, Az\u0259rbaycan Respublikas\u0131n\u0131n Pol\u015fadak\u0131 S\u0259firliyi t\u0259r\u0259find\u0259n s\u00f6z\u00fcged\u0259n s\u0259rgi zaman\u0131 Erm\u0259nistana m\u0259xsus stendd\u0259 Az\u0259rbaycan\u0131n i\u015f\u011fal alt\u0131ndak\u0131 \u0259razil\u0259rinin t\u0259\u015fviqin\u0259 dair \u015f\u0259kil v\u0259 bayraqlar\u0131n n\u00fcmayi\u015f olundu\u011fu&hellip;","_links":{"self":[{"href":"https:\/\/arantv.az\/index.php?rest_route=\/wp\/v2\/posts\/24849"}],"collection":[{"href":"https:\/\/arantv.az\/index.php?rest_route=\/wp\/v2\/posts"}],"about":[{"href":"https:\/\/arantv.az\/index.php?rest_route=\/wp\/v2\/types\/post"}],"author":[{"embeddable":true,"href":"https:\/\/arantv.az\/index.php?rest_route=\/wp\/v2\/users\/2"}],"replies":[{"embeddable":true,"href":"https:\/\/arantv.az\/index.php?rest_route=%2Fwp%2Fv2%2Fcomments&post=24849"}],"version-history":[{"count":0,"href":"https:\/\/arantv.az\/index.php?rest_route=\/wp\/v2\/posts\/24849\/revisions"}],"wp:featuredmedia":[{"embeddable":true,"href":"https:\/\/arantv.az\/index.php?rest_route=\/wp\/v2\/media\/24850"}],"wp:attachment":[{"href":"https:\/\/arantv.az\/index.php?rest_route=%2Fwp%2Fv2%2Fmedia&parent=24849"}],"wp:term":[{"taxonomy":"category","embeddable":true,"href":"https:\/\/arantv.az\/index.php?rest_route=%2Fwp%2Fv2%2Fcategories&post=24849"},{"taxonomy":"post_tag","embeddable":true,"href":"https:\/\/arantv.az\/index.php?rest_route=%2Fwp%2Fv2%2Ftags&post=24849"}],"curies":[{"name":"wp","href":"https:\/\/api.w.org\/{rel}","templated":true}]}}