{"id":24862,"date":"2018-11-23T16:09:30","date_gmt":"2018-11-23T13:09:30","guid":{"rendered":"http:\/\/arantv.az\/?p=24862"},"modified":"2018-11-23T16:09:30","modified_gmt":"2018-11-23T13:09:30","slug":"aliml%c9%99r-s%c9%99h%c9%99rciyi-yasayis-kompleksind%c9%99-insaat-isl%c9%99ri-n%c9%99-yerd%c9%99dir","status":"publish","type":"post","link":"https:\/\/arantv.az\/?p=24862","title":{"rendered":"\u201cAliml\u0259r \u015f\u0259h\u0259rciyi\u201d ya\u015fay\u0131\u015f kompleksind\u0259 in\u015faat i\u015fl\u0259ri n\u0259 yerd\u0259dir?"},"content":{"rendered":"<p>Bu g\u00fcn Az\u0259rbaycan Milli Elml\u0259r Akademiyas\u0131n\u0131n (AMEA) prezidenti, akademik Akif \u018flizad\u0259, vitse-prezident, akademik \u0130brahim Quliyev v\u0259 \u0130\u015fl\u0259r idar\u0259sinin m\u00fcdiri, siyasi elml\u0259r \u00fczr\u0259 f\u0259ls\u0259f\u0259 doktoru F\u0259t\u0259li Abdullayev Ab\u015feron rayonu Saray q\u0259s\u0259b\u0259sind\u0259 sal\u0131nan &#8220;Aliml\u0259r \u015f\u0259h\u0259rciyi&#8221; ya\u015fay\u0131\u015f kompleksind\u0259 apar\u0131lan in\u015faat i\u015fl\u0259rinin gedi\u015fi il\u0259 tan\u0131\u015f olublar.<\/p>\n<p><strong>ARANTV.AZ<\/strong> trend-\u0259 istinad\u0259n x\u0259b\u0259r verir ki, AMEA r\u0259hb\u0259rliyin\u0259 kompleksin layih\u0259si \u0259sas\u0131nda icra olunan v\u0259 g\u00f6r\u00fcl\u0259c\u0259k i\u015fl\u0259r bar\u0259d\u0259 m\u0259lumat verilib.<\/p>\n<p>Elm v\u0259 t\u0259hsil i\u015f\u00e7il\u0259rinin ya\u015fay\u0131\u015f sah\u0259l\u0259rin\u0259 olan ehtiyac\u0131n\u0131 \u00f6d\u0259m\u0259k m\u0259qs\u0259di il\u0259 sal\u0131nan &#8220;Aliml\u0259r \u015f\u0259h\u0259rciyi&#8221; ya\u015fay\u0131\u015f kompleksind\u0259 in\u015faat i\u015fl\u0259rinin m\u00fcasir standartlara uy\u011fun \u015f\u0259kild\u0259 h\u0259yata ke\u00e7irildiyi bildirilib.<\/p>\n<p>Qeyd olunub ki, haz\u0131rda ilk binan\u0131n yeddinci m\u0259rt\u0259b\u0259sind\u0259 i\u015fl\u0259r yekunla\u015f\u0131b v\u0259 yax\u0131n g\u00fcnl\u0259rd\u0259 s\u0259kkizinci m\u0259rt\u0259b\u0259nin in\u015fas\u0131na ba\u015flan\u0131lacaq.<\/p>\n<p>AMEA prezidenti, akademik Akif \u018flizad\u0259 in\u015faat i\u015fl\u0259rinin davam etdirilm\u0259si il\u0259 ba\u011fl\u0131 m\u00fcvafiq tap\u015f\u0131r\u0131qlar\u0131n\u0131 verib.<\/p>\n","protected":false},"excerpt":{"rendered":"<p>Bu g\u00fcn Az\u0259rbaycan Milli Elml\u0259r Akademiyas\u0131n\u0131n (AMEA) prezidenti, akademik Akif \u018flizad\u0259, vitse-prezident, akademik \u0130brahim Quliyev v\u0259 \u0130\u015fl\u0259r idar\u0259sinin m\u00fcdiri, siyasi elml\u0259r \u00fczr\u0259 f\u0259ls\u0259f\u0259 doktoru F\u0259t\u0259li Abdullayev Ab\u015feron rayonu Saray q\u0259s\u0259b\u0259sind\u0259 sal\u0131nan &#8220;Aliml\u0259r \u015f\u0259h\u0259rciyi&#8221; ya\u015fay\u0131\u015f kompleksind\u0259 apar\u0131lan in\u015faat i\u015fl\u0259rinin gedi\u015fi il\u0259 tan\u0131\u015f olublar. ARANTV.AZ trend-\u0259 istinad\u0259n x\u0259b\u0259r verir ki, AMEA r\u0259hb\u0259rliyin\u0259 kompleksin layih\u0259si \u0259sas\u0131nda icra olunan v\u0259 g\u00f6r\u00fcl\u0259c\u0259k i\u015fl\u0259r bar\u0259d\u0259 m\u0259lumat verilib. Elm v\u0259 t\u0259hsil i\u015f\u00e7il\u0259rinin ya\u015fay\u0131\u015f sah\u0259l\u0259rin\u0259 olan ehtiyac\u0131n\u0131 \u00f6d\u0259m\u0259k m\u0259qs\u0259di il\u0259 sal\u0131nan &#8220;Aliml\u0259r \u015f\u0259h\u0259rciyi&#8221; ya\u015fay\u0131\u015f kompleksind\u0259 in\u015faat i\u015fl\u0259rinin m\u00fcasir standartlara uy\u011fun \u015f\u0259kild\u0259 h\u0259yata ke\u00e7irildiyi bildirilib. Qeyd olunub ki, haz\u0131rda&hellip;<\/p>\n","protected":false},"author":2,"featured_media":24863,"comment_status":"closed","ping_status":"closed","sticky":false,"template":"","format":"standard","meta":{"om_disable_all_campaigns":false,"_monsterinsights_skip_tracking":false,"_monsterinsights_sitenote_active":false,"_monsterinsights_sitenote_note":"","_monsterinsights_sitenote_category":0},"categories":[1],"tags":[],"aioseo_notices":[],"gutentor_comment":0,"rttpg_featured_image_url":{"full":["https:\/\/arantv.az\/wp-content\/uploads\/2018\/11\/706382.jpg",800,600,false],"landscape":["https:\/\/arantv.az\/wp-content\/uploads\/2018\/11\/706382.jpg",800,600,false],"portraits":["https:\/\/arantv.az\/wp-content\/uploads\/2018\/11\/706382.jpg",800,600,false],"thumbnail":["https:\/\/arantv.az\/wp-content\/uploads\/2018\/11\/706382-150x150.jpg",150,150,true],"medium":["https:\/\/arantv.az\/wp-content\/uploads\/2018\/11\/706382-300x225.jpg",300,225,true],"large":["https:\/\/arantv.az\/wp-content\/uploads\/2018\/11\/706382.jpg",640,480,false],"1536x1536":["https:\/\/arantv.az\/wp-content\/uploads\/2018\/11\/706382.jpg",800,600,false],"2048x2048":["https:\/\/arantv.az\/wp-content\/uploads\/2018\/11\/706382.jpg",800,600,false],"post-thumbnail":["https:\/\/arantv.az\/wp-content\/uploads\/2018\/11\/706382-240x172.jpg",240,172,true],"advps-thumb-one":["https:\/\/arantv.az\/wp-content\/uploads\/2018\/11\/706382.jpg",800,600,false]},"rttpg_author":{"display_name":"V\u00fcsal Rafiqo\u011flu","author_link":"https:\/\/arantv.az\/?author=2"},"rttpg_comment":0,"rttpg_category":"<a href=\"https:\/\/arantv.az\/?cat=1\" rel=\"category\">C\u0259miyy\u0259t<\/a>","rttpg_excerpt":"Bu g\u00fcn Az\u0259rbaycan Milli Elml\u0259r Akademiyas\u0131n\u0131n (AMEA) prezidenti, akademik Akif \u018flizad\u0259, vitse-prezident, akademik \u0130brahim Quliyev v\u0259 \u0130\u015fl\u0259r idar\u0259sinin m\u00fcdiri, siyasi elml\u0259r \u00fczr\u0259 f\u0259ls\u0259f\u0259 doktoru F\u0259t\u0259li Abdullayev Ab\u015feron rayonu Saray q\u0259s\u0259b\u0259sind\u0259 sal\u0131nan &#8220;Aliml\u0259r \u015f\u0259h\u0259rciyi&#8221; ya\u015fay\u0131\u015f kompleksind\u0259 apar\u0131lan in\u015faat i\u015fl\u0259rinin gedi\u015fi il\u0259 tan\u0131\u015f olublar. ARANTV.AZ trend-\u0259 istinad\u0259n x\u0259b\u0259r verir ki, AMEA r\u0259hb\u0259rliyin\u0259 kompleksin layih\u0259si \u0259sas\u0131nda icra olunan&hellip;","_links":{"self":[{"href":"https:\/\/arantv.az\/index.php?rest_route=\/wp\/v2\/posts\/24862"}],"collection":[{"href":"https:\/\/arantv.az\/index.php?rest_route=\/wp\/v2\/posts"}],"about":[{"href":"https:\/\/arantv.az\/index.php?rest_route=\/wp\/v2\/types\/post"}],"author":[{"embeddable":true,"href":"https:\/\/arantv.az\/index.php?rest_route=\/wp\/v2\/users\/2"}],"replies":[{"embeddable":true,"href":"https:\/\/arantv.az\/index.php?rest_route=%2Fwp%2Fv2%2Fcomments&post=24862"}],"version-history":[{"count":0,"href":"https:\/\/arantv.az\/index.php?rest_route=\/wp\/v2\/posts\/24862\/revisions"}],"wp:featuredmedia":[{"embeddable":true,"href":"https:\/\/arantv.az\/index.php?rest_route=\/wp\/v2\/media\/24863"}],"wp:attachment":[{"href":"https:\/\/arantv.az\/index.php?rest_route=%2Fwp%2Fv2%2Fmedia&parent=24862"}],"wp:term":[{"taxonomy":"category","embeddable":true,"href":"https:\/\/arantv.az\/index.php?rest_route=%2Fwp%2Fv2%2Fcategories&post=24862"},{"taxonomy":"post_tag","embeddable":true,"href":"https:\/\/arantv.az\/index.php?rest_route=%2Fwp%2Fv2%2Ftags&post=24862"}],"curies":[{"name":"wp","href":"https:\/\/api.w.org\/{rel}","templated":true}]}}