{"id":24880,"date":"2018-11-24T08:29:50","date_gmt":"2018-11-24T05:29:50","guid":{"rendered":"http:\/\/arantv.az\/?p=24880"},"modified":"2018-11-24T08:29:50","modified_gmt":"2018-11-24T05:29:50","slug":"qusara-da-qar-yagdi-fotolar","status":"publish","type":"post","link":"https:\/\/arantv.az\/?p=24880","title":{"rendered":"Qusara da qar ya\u011fd\u0131 &#8211; Fotolar"},"content":{"rendered":"<p><strong>Az\u0259rbaycan\u0131n \u015fimal\u0131na qar ya\u011f\u0131r.<\/strong><\/p>\n<p><strong>ARANTV.AZ<\/strong> Qafqazinfo-ya istinad\u0259n\u00a0x\u0259b\u0259r verir ki, ilk qar bir m\u00fcdd\u0259t \u015fimal b\u00f6lg\u0259sinin da\u011flar\u0131na ya\u011f\u0131rd\u0131sa, indi Quba v\u0259 Qusar rayonlar\u0131nda ya\u011fma\u011fa ba\u015flay\u0131b.<\/p>\n<p>Bu il qar Qusara ilk d\u0259f\u0259dir ki, ya\u011f\u0131r.<\/p>\n<p><a href=\"http:\/\/axsam.az\/showpic_el100.jpg?yol=%2BRxoj2wgkRUfvgKQxgTfV3ZYDKBSKNTwOu7nHpcyF8GeE%2B%2Bt1QfF0QU3Huclde%2FRNpVpJsmnTgUVVfYWANOgDw%3D%3D\" target=\"_blank\" rel=\"noopener\"><img src=\"http:\/\/axsam.az\/showpic_el100.jpg?yol=%2BRxoj2wgkRUfvgKQxgTfV3ZYDKBSKNTwOu7nHpcyF8GeE%2B%2Bt1QfF0QU3Huclde%2FRNpVpJsmnTgUVVfYWANOgDw%3D%3D\" border=\"0\" \/><\/a><\/p>\n<div><\/div>\n<p><a href=\"http:\/\/axsam.az\/showpic_el100.jpg?yol=0jWLyOI7YXP47wVHopLFMRNlnqz36Kob%2BVVK3pJrvzQ61CZv31afM8pPDlVQ1b%2FpioDI0b0pjaDuu8nPzartLw%3D%3D\" target=\"_blank\" rel=\"noopener\"><img src=\"http:\/\/axsam.az\/showpic_el100.jpg?yol=0jWLyOI7YXP47wVHopLFMRNlnqz36Kob%2BVVK3pJrvzQ61CZv31afM8pPDlVQ1b%2FpioDI0b0pjaDuu8nPzartLw%3D%3D\" border=\"0\" \/><\/a><\/p>\n<div><\/div>\n<p><a href=\"http:\/\/axsam.az\/showpic_el100.jpg?yol=vv8VYyVdgPBY5plmYNq6wH0DHa%2FBLd8dqOaKLMmeAZnORZii3NoJSUM9bFIzyc7ooxKqWNadeMtjUrgf22c%2FwA%3D%3D\" target=\"_blank\" rel=\"noopener\"><img src=\"http:\/\/axsam.az\/showpic_el100.jpg?yol=vv8VYyVdgPBY5plmYNq6wH0DHa%2FBLd8dqOaKLMmeAZnORZii3NoJSUM9bFIzyc7ooxKqWNadeMtjUrgf22c%2FwA%3D%3D\" border=\"0\" \/><\/a><\/p>\n<div><\/div>\n<p><a href=\"http:\/\/axsam.az\/showpic_el100.jpg?yol=Cp6%2BWWXPegSVaXcbpKElq6YSPpXhjqPLN0BSw6V5aAM9XB%2FY9WsdnU0g7fSB9srgFvie2WPXpaUE0l%2BKens8Eg%3D%3D\" target=\"_blank\" rel=\"noopener\"><img src=\"http:\/\/axsam.az\/showpic_el100.jpg?yol=Cp6%2BWWXPegSVaXcbpKElq6YSPpXhjqPLN0BSw6V5aAM9XB%2FY9WsdnU0g7fSB9srgFvie2WPXpaUE0l%2BKens8Eg%3D%3D\" border=\"0\" \/><\/a><\/p>\n","protected":false},"excerpt":{"rendered":"<p>Az\u0259rbaycan\u0131n \u015fimal\u0131na qar ya\u011f\u0131r. ARANTV.AZ Qafqazinfo-ya istinad\u0259n\u00a0x\u0259b\u0259r verir ki, ilk qar bir m\u00fcdd\u0259t \u015fimal b\u00f6lg\u0259sinin da\u011flar\u0131na ya\u011f\u0131rd\u0131sa, indi Quba v\u0259 Qusar rayonlar\u0131nda ya\u011fma\u011fa ba\u015flay\u0131b. Bu il qar Qusara ilk d\u0259f\u0259dir ki, ya\u011f\u0131r.<\/p>\n","protected":false},"author":2,"featured_media":24881,"comment_status":"closed","ping_status":"closed","sticky":false,"template":"","format":"standard","meta":{"om_disable_all_campaigns":false,"_monsterinsights_skip_tracking":false,"_monsterinsights_sitenote_active":false,"_monsterinsights_sitenote_note":"","_monsterinsights_sitenote_category":0},"categories":[2],"tags":[],"aioseo_notices":[],"gutentor_comment":0,"rttpg_featured_image_url":{"full":["https:\/\/arantv.az\/wp-content\/uploads\/2018\/11\/166271_t53j9p9bv1.jpg",900,675,false],"landscape":["https:\/\/arantv.az\/wp-content\/uploads\/2018\/11\/166271_t53j9p9bv1.jpg",900,675,false],"portraits":["https:\/\/arantv.az\/wp-content\/uploads\/2018\/11\/166271_t53j9p9bv1.jpg",900,675,false],"thumbnail":["https:\/\/arantv.az\/wp-content\/uploads\/2018\/11\/166271_t53j9p9bv1-150x150.jpg",150,150,true],"medium":["https:\/\/arantv.az\/wp-content\/uploads\/2018\/11\/166271_t53j9p9bv1-300x225.jpg",300,225,true],"large":["https:\/\/arantv.az\/wp-content\/uploads\/2018\/11\/166271_t53j9p9bv1.jpg",640,480,false],"1536x1536":["https:\/\/arantv.az\/wp-content\/uploads\/2018\/11\/166271_t53j9p9bv1.jpg",900,675,false],"2048x2048":["https:\/\/arantv.az\/wp-content\/uploads\/2018\/11\/166271_t53j9p9bv1.jpg",900,675,false],"post-thumbnail":["https:\/\/arantv.az\/wp-content\/uploads\/2018\/11\/166271_t53j9p9bv1-240x172.jpg",240,172,true],"advps-thumb-one":["https:\/\/arantv.az\/wp-content\/uploads\/2018\/11\/166271_t53j9p9bv1-900x620.jpg",900,620,true]},"rttpg_author":{"display_name":"V\u00fcsal Rafiqo\u011flu","author_link":"https:\/\/arantv.az\/?author=2"},"rttpg_comment":0,"rttpg_category":"<a href=\"https:\/\/arantv.az\/?cat=2\" rel=\"category\">Region X\u0259b\u0259rl\u0259ri<\/a>","rttpg_excerpt":"Az\u0259rbaycan\u0131n \u015fimal\u0131na qar ya\u011f\u0131r. ARANTV.AZ Qafqazinfo-ya istinad\u0259n\u00a0x\u0259b\u0259r verir ki, ilk qar bir m\u00fcdd\u0259t \u015fimal b\u00f6lg\u0259sinin da\u011flar\u0131na ya\u011f\u0131rd\u0131sa, indi Quba v\u0259 Qusar rayonlar\u0131nda ya\u011fma\u011fa ba\u015flay\u0131b. Bu il qar Qusara ilk d\u0259f\u0259dir ki, ya\u011f\u0131r.","_links":{"self":[{"href":"https:\/\/arantv.az\/index.php?rest_route=\/wp\/v2\/posts\/24880"}],"collection":[{"href":"https:\/\/arantv.az\/index.php?rest_route=\/wp\/v2\/posts"}],"about":[{"href":"https:\/\/arantv.az\/index.php?rest_route=\/wp\/v2\/types\/post"}],"author":[{"embeddable":true,"href":"https:\/\/arantv.az\/index.php?rest_route=\/wp\/v2\/users\/2"}],"replies":[{"embeddable":true,"href":"https:\/\/arantv.az\/index.php?rest_route=%2Fwp%2Fv2%2Fcomments&post=24880"}],"version-history":[{"count":0,"href":"https:\/\/arantv.az\/index.php?rest_route=\/wp\/v2\/posts\/24880\/revisions"}],"wp:featuredmedia":[{"embeddable":true,"href":"https:\/\/arantv.az\/index.php?rest_route=\/wp\/v2\/media\/24881"}],"wp:attachment":[{"href":"https:\/\/arantv.az\/index.php?rest_route=%2Fwp%2Fv2%2Fmedia&parent=24880"}],"wp:term":[{"taxonomy":"category","embeddable":true,"href":"https:\/\/arantv.az\/index.php?rest_route=%2Fwp%2Fv2%2Fcategories&post=24880"},{"taxonomy":"post_tag","embeddable":true,"href":"https:\/\/arantv.az\/index.php?rest_route=%2Fwp%2Fv2%2Ftags&post=24880"}],"curies":[{"name":"wp","href":"https:\/\/api.w.org\/{rel}","templated":true}]}}