{"id":24894,"date":"2018-11-24T08:46:43","date_gmt":"2018-11-24T05:46:43","guid":{"rendered":"http:\/\/arantv.az\/?p=24894"},"modified":"2018-11-24T08:46:43","modified_gmt":"2018-11-24T05:46:43","slug":"s%c9%99kid%c9%99-ail%c9%99-munaqis%c9%99si-%c9%99r-arvadini-doydu","status":"publish","type":"post","link":"https:\/\/arantv.az\/?p=24894","title":{"rendered":"\u015e\u0259kid\u0259 ail\u0259 m\u00fcnaqi\u015f\u0259si \u2014 \u018fr arvad\u0131n\u0131 d\u00f6yd\u00fc"},"content":{"rendered":"<div class=\"spot\">\u015e\u0259kid\u0259 d\u00f6y\u00fclm\u0259 hadis\u0259si ba\u015f verib.<\/div>\n<p><strong>ARANTV.AZ<\/strong> x\u0259b\u0259r verir ki, d\u00fcn\u0259n ax\u015fam saatlar\u0131nda rayonun \u0130brahim k\u0259nd sakini, 1992-ci il t\u0259v\u0259ll\u00fcdl\u00fc T\u00fcrkan \u015eamil q\u0131z\u0131 M\u0259mm\u0259dova sol d\u00f6\u015f q\u0259f\u0259sinin qapal\u0131 k\u00fct travmas\u0131 v\u0259 yum\u015faq toxumalar\u0131n \u0259ziyi diaqnozu il\u0259 \u015e\u0259ki Rayon M\u0259rk\u0259zi X\u0259st\u0259xanas\u0131na \u00e7atd\u0131r\u0131l\u0131b.<\/p>\n<p>X\u0259st\u0259xanadan \u201cReport\u201da bildirilib ki, T.M\u0259mm\u0259dova m\u00fcayin\u0259 zaman\u0131 \u0259ri t\u0259r\u0259find\u0259n d\u00f6y\u00fcld\u00fcy\u00fcn\u00fc bildirib. Onun m\u00fcalic\u0259si x\u0259st\u0259xanan\u0131n C\u0259rrahiy\u0259 \u015f\u00f6b\u0259sind\u0259 apar\u0131l\u0131r, v\u0259ziyy\u0259ti orta-a\u011f\u0131r qiym\u0259tl\u0259ndirilir.<\/p>\n<p>Faktla ba\u011fl\u0131 ara\u015fd\u0131rma apar\u0131l\u0131r.<\/p>\n","protected":false},"excerpt":{"rendered":"<p>\u015e\u0259kid\u0259 d\u00f6y\u00fclm\u0259 hadis\u0259si ba\u015f verib. ARANTV.AZ x\u0259b\u0259r verir ki, d\u00fcn\u0259n ax\u015fam saatlar\u0131nda rayonun \u0130brahim k\u0259nd sakini, 1992-ci il t\u0259v\u0259ll\u00fcdl\u00fc T\u00fcrkan \u015eamil q\u0131z\u0131 M\u0259mm\u0259dova sol d\u00f6\u015f q\u0259f\u0259sinin qapal\u0131 k\u00fct travmas\u0131 v\u0259 yum\u015faq toxumalar\u0131n \u0259ziyi diaqnozu il\u0259 \u015e\u0259ki Rayon M\u0259rk\u0259zi X\u0259st\u0259xanas\u0131na \u00e7atd\u0131r\u0131l\u0131b. X\u0259st\u0259xanadan \u201cReport\u201da bildirilib ki, T.M\u0259mm\u0259dova m\u00fcayin\u0259 zaman\u0131 \u0259ri t\u0259r\u0259find\u0259n d\u00f6y\u00fcld\u00fcy\u00fcn\u00fc bildirib. Onun m\u00fcalic\u0259si x\u0259st\u0259xanan\u0131n C\u0259rrahiy\u0259 \u015f\u00f6b\u0259sind\u0259 apar\u0131l\u0131r, v\u0259ziyy\u0259ti orta-a\u011f\u0131r qiym\u0259tl\u0259ndirilir. Faktla ba\u011fl\u0131 ara\u015fd\u0131rma apar\u0131l\u0131r.<\/p>\n","protected":false},"author":2,"featured_media":24895,"comment_status":"closed","ping_status":"closed","sticky":false,"template":"","format":"standard","meta":{"om_disable_all_campaigns":false,"_monsterinsights_skip_tracking":false,"_monsterinsights_sitenote_active":false,"_monsterinsights_sitenote_note":"","_monsterinsights_sitenote_category":0},"categories":[5],"tags":[],"aioseo_notices":[],"gutentor_comment":0,"rttpg_featured_image_url":{"full":["https:\/\/arantv.az\/wp-content\/uploads\/2018\/11\/arvadidoymek.jpg",620,375,false],"landscape":["https:\/\/arantv.az\/wp-content\/uploads\/2018\/11\/arvadidoymek.jpg",620,375,false],"portraits":["https:\/\/arantv.az\/wp-content\/uploads\/2018\/11\/arvadidoymek.jpg",620,375,false],"thumbnail":["https:\/\/arantv.az\/wp-content\/uploads\/2018\/11\/arvadidoymek-150x150.jpg",150,150,true],"medium":["https:\/\/arantv.az\/wp-content\/uploads\/2018\/11\/arvadidoymek-300x181.jpg",300,181,true],"large":["https:\/\/arantv.az\/wp-content\/uploads\/2018\/11\/arvadidoymek.jpg",620,375,false],"1536x1536":["https:\/\/arantv.az\/wp-content\/uploads\/2018\/11\/arvadidoymek.jpg",620,375,false],"2048x2048":["https:\/\/arantv.az\/wp-content\/uploads\/2018\/11\/arvadidoymek.jpg",620,375,false],"post-thumbnail":["https:\/\/arantv.az\/wp-content\/uploads\/2018\/11\/arvadidoymek-240x172.jpg",240,172,true],"advps-thumb-one":["https:\/\/arantv.az\/wp-content\/uploads\/2018\/11\/arvadidoymek.jpg",620,375,false]},"rttpg_author":{"display_name":"V\u00fcsal Rafiqo\u011flu","author_link":"https:\/\/arantv.az\/?author=2"},"rttpg_comment":0,"rttpg_category":"<a href=\"https:\/\/arantv.az\/?cat=5\" rel=\"category\">Hadis\u0259<\/a>","rttpg_excerpt":"\u015e\u0259kid\u0259 d\u00f6y\u00fclm\u0259 hadis\u0259si ba\u015f verib. ARANTV.AZ x\u0259b\u0259r verir ki, d\u00fcn\u0259n ax\u015fam saatlar\u0131nda rayonun \u0130brahim k\u0259nd sakini, 1992-ci il t\u0259v\u0259ll\u00fcdl\u00fc T\u00fcrkan \u015eamil q\u0131z\u0131 M\u0259mm\u0259dova sol d\u00f6\u015f q\u0259f\u0259sinin qapal\u0131 k\u00fct travmas\u0131 v\u0259 yum\u015faq toxumalar\u0131n \u0259ziyi diaqnozu il\u0259 \u015e\u0259ki Rayon M\u0259rk\u0259zi X\u0259st\u0259xanas\u0131na \u00e7atd\u0131r\u0131l\u0131b. X\u0259st\u0259xanadan \u201cReport\u201da bildirilib ki, T.M\u0259mm\u0259dova m\u00fcayin\u0259 zaman\u0131 \u0259ri t\u0259r\u0259find\u0259n d\u00f6y\u00fcld\u00fcy\u00fcn\u00fc bildirib. Onun m\u00fcalic\u0259si x\u0259st\u0259xanan\u0131n C\u0259rrahiy\u0259&hellip;","_links":{"self":[{"href":"https:\/\/arantv.az\/index.php?rest_route=\/wp\/v2\/posts\/24894"}],"collection":[{"href":"https:\/\/arantv.az\/index.php?rest_route=\/wp\/v2\/posts"}],"about":[{"href":"https:\/\/arantv.az\/index.php?rest_route=\/wp\/v2\/types\/post"}],"author":[{"embeddable":true,"href":"https:\/\/arantv.az\/index.php?rest_route=\/wp\/v2\/users\/2"}],"replies":[{"embeddable":true,"href":"https:\/\/arantv.az\/index.php?rest_route=%2Fwp%2Fv2%2Fcomments&post=24894"}],"version-history":[{"count":0,"href":"https:\/\/arantv.az\/index.php?rest_route=\/wp\/v2\/posts\/24894\/revisions"}],"wp:featuredmedia":[{"embeddable":true,"href":"https:\/\/arantv.az\/index.php?rest_route=\/wp\/v2\/media\/24895"}],"wp:attachment":[{"href":"https:\/\/arantv.az\/index.php?rest_route=%2Fwp%2Fv2%2Fmedia&parent=24894"}],"wp:term":[{"taxonomy":"category","embeddable":true,"href":"https:\/\/arantv.az\/index.php?rest_route=%2Fwp%2Fv2%2Fcategories&post=24894"},{"taxonomy":"post_tag","embeddable":true,"href":"https:\/\/arantv.az\/index.php?rest_route=%2Fwp%2Fv2%2Ftags&post=24894"}],"curies":[{"name":"wp","href":"https:\/\/api.w.org\/{rel}","templated":true}]}}