{"id":249182,"date":"2020-12-07T14:23:38","date_gmt":"2020-12-07T11:23:38","guid":{"rendered":"http:\/\/arantv.az\/?p=249182"},"modified":"2020-12-07T14:23:38","modified_gmt":"2020-12-07T11:23:38","slug":"gul%c9%99scil%c9%99rimiz-ilin-son-yarisina-turkl%c9%99rl%c9%99-birg%c9%99-hazirlasir-video","status":"publish","type":"post","link":"https:\/\/arantv.az\/?p=249182","title":{"rendered":"G\u00fcl\u0259\u015f\u00e7il\u0259rimiz ilin son yar\u0131\u015f\u0131na t\u00fcrkl\u0259rl\u0259 birg\u0259 haz\u0131rla\u015f\u0131r &#8211; V\u0130DEO"},"content":{"rendered":"<p>Dekabr\u0131n 12-d\u0259n 18-d\u0259k Serbiyan\u0131n paytaxt\u0131 Belqradda g\u00fcl\u0259\u015f \u00fczr\u0259 F\u0259rdi D\u00fcnya Kuboku ke\u00e7iril\u0259c\u0259k.<\/p>\n<p>Yar\u0131\u015fda \u00f6lk\u0259mizi t\u0259msil ed\u0259c\u0259k s\u0259rb\u0259st g\u00fcl\u0259\u015f \u00fczr\u0259 y\u0131\u011fmam\u0131z T\u00fcrkiy\u0259nin paytaxt\u0131 Ankarada\u00a0t\u0259lim-m\u0259\u015fq toplan\u0131\u015f\u0131 ke\u00e7ir. Qarda\u015f \u00f6lk\u0259nin milli komandas\u0131 il\u0259 birg\u0259 ba\u015f tutan haz\u0131rl\u0131q prosesi dekabr\u0131n 1-d\u0259 start g\u00f6t\u00fcr\u00fcb.<\/p>\n<div id=\"AdviadNativeVideo0\" class=\"AdviadNativeVideo\"><\/div>\n<p>Komandam\u0131z\u00a0ba\u015f m\u0259\u015fq\u00e7i Namiq Abdullayev v\u0259 b\u00f6y\u00fck m\u0259\u015fq\u00e7i Z\u0259limxan H\u00fcseynovun r\u0259hb\u0259rliyi alt\u0131nda Ankarada h\u0259m fiziki, h\u0259m d\u0259 taktiki-texniki haz\u0131rl\u0131q \u00fcz\u0259rind\u0259 \u00e7al\u0131\u015f\u0131r. \u0130ki \u00f6lk\u0259nin millisinin birg\u0259 t\u0259lim-m\u0259\u015fq toplan\u0131\u015f\u0131 dekabr\u0131n 14-d\u0259k davam ed\u0259c\u0259k. Komanda Ankaradan birba\u015fa Belqrada yola d\u00fc\u015f\u0259c\u0259k.<\/p>\n<div><iframe loading=\"lazy\" src=\"https:\/\/www.youtube.com\/embed\/5iNA38V8HSI\" width=\"686\" height=\"410\" frameborder=\"0\" allowfullscreen=\"allowfullscreen\" data-mce-fragment=\"1\"><\/iframe><\/div>\n<p>Qeyd ed\u0259k ki, ilin son yar\u0131\u015f\u0131 olacaq F\u0259rdi D\u00fcnya Kubokunda s\u0259rb\u0259st g\u00fcl\u0259\u015f\u00e7il\u0259r yar\u0131\u015f\u0131n son g\u00fcnl\u0259rind\u0259 (16-18 dekabr) m\u00fcbariz\u0259 aparacaqlar.<\/p>\n","protected":false},"excerpt":{"rendered":"<p>Dekabr\u0131n 12-d\u0259n 18-d\u0259k Serbiyan\u0131n paytaxt\u0131 Belqradda g\u00fcl\u0259\u015f \u00fczr\u0259 F\u0259rdi D\u00fcnya Kuboku ke\u00e7iril\u0259c\u0259k. Yar\u0131\u015fda \u00f6lk\u0259mizi t\u0259msil ed\u0259c\u0259k s\u0259rb\u0259st g\u00fcl\u0259\u015f \u00fczr\u0259 y\u0131\u011fmam\u0131z T\u00fcrkiy\u0259nin paytaxt\u0131 Ankarada\u00a0t\u0259lim-m\u0259\u015fq toplan\u0131\u015f\u0131 ke\u00e7ir. Qarda\u015f \u00f6lk\u0259nin milli komandas\u0131 il\u0259 birg\u0259 ba\u015f tutan haz\u0131rl\u0131q prosesi dekabr\u0131n 1-d\u0259 start g\u00f6t\u00fcr\u00fcb. Komandam\u0131z\u00a0ba\u015f m\u0259\u015fq\u00e7i Namiq Abdullayev v\u0259 b\u00f6y\u00fck m\u0259\u015fq\u00e7i Z\u0259limxan H\u00fcseynovun r\u0259hb\u0259rliyi alt\u0131nda Ankarada h\u0259m fiziki, h\u0259m d\u0259 taktiki-texniki haz\u0131rl\u0131q \u00fcz\u0259rind\u0259 \u00e7al\u0131\u015f\u0131r. \u0130ki \u00f6lk\u0259nin millisinin birg\u0259 t\u0259lim-m\u0259\u015fq toplan\u0131\u015f\u0131 dekabr\u0131n 14-d\u0259k davam ed\u0259c\u0259k. Komanda Ankaradan birba\u015fa Belqrada yola d\u00fc\u015f\u0259c\u0259k. Qeyd ed\u0259k ki, ilin son yar\u0131\u015f\u0131 olacaq F\u0259rdi D\u00fcnya Kubokunda s\u0259rb\u0259st g\u00fcl\u0259\u015f\u00e7il\u0259r yar\u0131\u015f\u0131n son g\u00fcnl\u0259rind\u0259&hellip;<\/p>\n","protected":false},"author":2,"featured_media":249183,"comment_status":"closed","ping_status":"closed","sticky":false,"template":"","format":"standard","meta":{"om_disable_all_campaigns":false,"_monsterinsights_skip_tracking":false,"_monsterinsights_sitenote_active":false,"_monsterinsights_sitenote_note":"","_monsterinsights_sitenote_category":0},"categories":[6],"tags":[],"aioseo_notices":[],"gutentor_comment":0,"rttpg_featured_image_url":{"full":["https:\/\/arantv.az\/wp-content\/uploads\/2020\/12\/130500964_436546280846561_5685554806277713907_n-30841-920-485-100-wm-right_bottom-100-imageswmpng.jpg",620,465,false],"landscape":["https:\/\/arantv.az\/wp-content\/uploads\/2020\/12\/130500964_436546280846561_5685554806277713907_n-30841-920-485-100-wm-right_bottom-100-imageswmpng.jpg",620,465,false],"portraits":["https:\/\/arantv.az\/wp-content\/uploads\/2020\/12\/130500964_436546280846561_5685554806277713907_n-30841-920-485-100-wm-right_bottom-100-imageswmpng.jpg",620,465,false],"thumbnail":["https:\/\/arantv.az\/wp-content\/uploads\/2020\/12\/130500964_436546280846561_5685554806277713907_n-30841-920-485-100-wm-right_bottom-100-imageswmpng-150x150.jpg",150,150,true],"medium":["https:\/\/arantv.az\/wp-content\/uploads\/2020\/12\/130500964_436546280846561_5685554806277713907_n-30841-920-485-100-wm-right_bottom-100-imageswmpng-300x225.jpg",300,225,true],"large":["https:\/\/arantv.az\/wp-content\/uploads\/2020\/12\/130500964_436546280846561_5685554806277713907_n-30841-920-485-100-wm-right_bottom-100-imageswmpng.jpg",620,465,false],"1536x1536":["https:\/\/arantv.az\/wp-content\/uploads\/2020\/12\/130500964_436546280846561_5685554806277713907_n-30841-920-485-100-wm-right_bottom-100-imageswmpng.jpg",620,465,false],"2048x2048":["https:\/\/arantv.az\/wp-content\/uploads\/2020\/12\/130500964_436546280846561_5685554806277713907_n-30841-920-485-100-wm-right_bottom-100-imageswmpng.jpg",620,465,false],"post-thumbnail":["https:\/\/arantv.az\/wp-content\/uploads\/2020\/12\/130500964_436546280846561_5685554806277713907_n-30841-920-485-100-wm-right_bottom-100-imageswmpng-240x172.jpg",240,172,true],"advps-thumb-one":["https:\/\/arantv.az\/wp-content\/uploads\/2020\/12\/130500964_436546280846561_5685554806277713907_n-30841-920-485-100-wm-right_bottom-100-imageswmpng.jpg",620,465,false]},"rttpg_author":{"display_name":"V\u00fcsal Rafiqo\u011flu","author_link":"https:\/\/arantv.az\/?author=2"},"rttpg_comment":0,"rttpg_category":"<a href=\"https:\/\/arantv.az\/?cat=6\" rel=\"category\">\u0130dman<\/a>","rttpg_excerpt":"Dekabr\u0131n 12-d\u0259n 18-d\u0259k Serbiyan\u0131n paytaxt\u0131 Belqradda g\u00fcl\u0259\u015f \u00fczr\u0259 F\u0259rdi D\u00fcnya Kuboku ke\u00e7iril\u0259c\u0259k. Yar\u0131\u015fda \u00f6lk\u0259mizi t\u0259msil ed\u0259c\u0259k s\u0259rb\u0259st g\u00fcl\u0259\u015f \u00fczr\u0259 y\u0131\u011fmam\u0131z T\u00fcrkiy\u0259nin paytaxt\u0131 Ankarada\u00a0t\u0259lim-m\u0259\u015fq toplan\u0131\u015f\u0131 ke\u00e7ir. Qarda\u015f \u00f6lk\u0259nin milli komandas\u0131 il\u0259 birg\u0259 ba\u015f tutan haz\u0131rl\u0131q prosesi dekabr\u0131n 1-d\u0259 start g\u00f6t\u00fcr\u00fcb. Komandam\u0131z\u00a0ba\u015f m\u0259\u015fq\u00e7i Namiq Abdullayev v\u0259 b\u00f6y\u00fck m\u0259\u015fq\u00e7i Z\u0259limxan H\u00fcseynovun r\u0259hb\u0259rliyi alt\u0131nda Ankarada h\u0259m fiziki, h\u0259m d\u0259&hellip;","_links":{"self":[{"href":"https:\/\/arantv.az\/index.php?rest_route=\/wp\/v2\/posts\/249182"}],"collection":[{"href":"https:\/\/arantv.az\/index.php?rest_route=\/wp\/v2\/posts"}],"about":[{"href":"https:\/\/arantv.az\/index.php?rest_route=\/wp\/v2\/types\/post"}],"author":[{"embeddable":true,"href":"https:\/\/arantv.az\/index.php?rest_route=\/wp\/v2\/users\/2"}],"replies":[{"embeddable":true,"href":"https:\/\/arantv.az\/index.php?rest_route=%2Fwp%2Fv2%2Fcomments&post=249182"}],"version-history":[{"count":0,"href":"https:\/\/arantv.az\/index.php?rest_route=\/wp\/v2\/posts\/249182\/revisions"}],"wp:featuredmedia":[{"embeddable":true,"href":"https:\/\/arantv.az\/index.php?rest_route=\/wp\/v2\/media\/249183"}],"wp:attachment":[{"href":"https:\/\/arantv.az\/index.php?rest_route=%2Fwp%2Fv2%2Fmedia&parent=249182"}],"wp:term":[{"taxonomy":"category","embeddable":true,"href":"https:\/\/arantv.az\/index.php?rest_route=%2Fwp%2Fv2%2Fcategories&post=249182"},{"taxonomy":"post_tag","embeddable":true,"href":"https:\/\/arantv.az\/index.php?rest_route=%2Fwp%2Fv2%2Ftags&post=249182"}],"curies":[{"name":"wp","href":"https:\/\/api.w.org\/{rel}","templated":true}]}}