{"id":249190,"date":"2020-12-07T14:25:47","date_gmt":"2020-12-07T11:25:47","guid":{"rendered":"http:\/\/arantv.az\/?p=249190"},"modified":"2020-12-07T14:25:47","modified_gmt":"2020-12-07T11:25:47","slug":"susaya-alternativ-m%c9%99nb%c9%99d%c9%99n-icm%c9%99li-su-c%c9%99kilir-r%c9%99smi","status":"publish","type":"post","link":"https:\/\/arantv.az\/?p=249190","title":{"rendered":"\u015eu\u015faya alternativ m\u0259nb\u0259d\u0259n i\u00e7m\u0259li su \u00e7\u0259kilir &#8211; R\u018fSM\u0130"},"content":{"rendered":"<p>\u015eu\u015fa \u015f\u0259h\u0259rin\u0259 ikinci (alternativ) m\u0259nb\u0259d\u0259n i\u00e7m\u0259li su k\u0259m\u0259ri \u00e7\u0259kilir.<\/p>\n<p>Bunu Report-a a\u00e7\u0131qlamas\u0131nda \u201cAz\u0259rsu\u201d ASC-nin M\u0259tbuat xidm\u0259tinin r\u0259hb\u0259ri Anar C\u0259bray\u0131ll\u0131 deyib.<\/p>\n<div id=\"AdviadNativeVideo0\" class=\"AdviadNativeVideo\"><\/div>\n<p>\u201cYeni m\u0259nb\u0259 Zar\u0131sl\u0131 k\u0259ndinin yax\u0131nl\u0131\u011f\u0131nda yerl\u0259\u015fir, bu h\u0259ft\u0259 oradan i\u00e7m\u0259li su \u015eu\u015faya \u00e7atacaq\u201d, &#8211; dey\u0259 o\u00a0qeyd edib.<\/p>\n<p>Xat\u0131rladaq ki, s\u0259hmdar c\u0259miyy\u0259ti \u015eu\u015faya i\u00e7m\u0259li suyun verilm\u0259sin\u0259 noyabr\u0131n 25-d\u0259 ba\u015flay\u0131b.<\/p>\n","protected":false},"excerpt":{"rendered":"<p>\u015eu\u015fa \u015f\u0259h\u0259rin\u0259 ikinci (alternativ) m\u0259nb\u0259d\u0259n i\u00e7m\u0259li su k\u0259m\u0259ri \u00e7\u0259kilir. Bunu Report-a a\u00e7\u0131qlamas\u0131nda \u201cAz\u0259rsu\u201d ASC-nin M\u0259tbuat xidm\u0259tinin r\u0259hb\u0259ri Anar C\u0259bray\u0131ll\u0131 deyib. \u201cYeni m\u0259nb\u0259 Zar\u0131sl\u0131 k\u0259ndinin yax\u0131nl\u0131\u011f\u0131nda yerl\u0259\u015fir, bu h\u0259ft\u0259 oradan i\u00e7m\u0259li su \u015eu\u015faya \u00e7atacaq\u201d, &#8211; dey\u0259 o\u00a0qeyd edib. Xat\u0131rladaq ki, s\u0259hmdar c\u0259miyy\u0259ti \u015eu\u015faya i\u00e7m\u0259li suyun verilm\u0259sin\u0259 noyabr\u0131n 25-d\u0259 ba\u015flay\u0131b.<\/p>\n","protected":false},"author":2,"featured_media":249191,"comment_status":"closed","ping_status":"closed","sticky":false,"template":"","format":"standard","meta":{"om_disable_all_campaigns":false,"_monsterinsights_skip_tracking":false,"_monsterinsights_sitenote_active":false,"_monsterinsights_sitenote_note":"","_monsterinsights_sitenote_category":0},"categories":[26],"tags":[],"aioseo_notices":[],"gutentor_comment":0,"rttpg_featured_image_url":{"full":["https:\/\/arantv.az\/wp-content\/uploads\/2020\/12\/su.jpg",620,465,false],"landscape":["https:\/\/arantv.az\/wp-content\/uploads\/2020\/12\/su.jpg",620,465,false],"portraits":["https:\/\/arantv.az\/wp-content\/uploads\/2020\/12\/su.jpg",620,465,false],"thumbnail":["https:\/\/arantv.az\/wp-content\/uploads\/2020\/12\/su-150x150.jpg",150,150,true],"medium":["https:\/\/arantv.az\/wp-content\/uploads\/2020\/12\/su-300x225.jpg",300,225,true],"large":["https:\/\/arantv.az\/wp-content\/uploads\/2020\/12\/su.jpg",620,465,false],"1536x1536":["https:\/\/arantv.az\/wp-content\/uploads\/2020\/12\/su.jpg",620,465,false],"2048x2048":["https:\/\/arantv.az\/wp-content\/uploads\/2020\/12\/su.jpg",620,465,false],"post-thumbnail":["https:\/\/arantv.az\/wp-content\/uploads\/2020\/12\/su-240x172.jpg",240,172,true],"advps-thumb-one":["https:\/\/arantv.az\/wp-content\/uploads\/2020\/12\/su.jpg",620,465,false]},"rttpg_author":{"display_name":"V\u00fcsal Rafiqo\u011flu","author_link":"https:\/\/arantv.az\/?author=2"},"rttpg_comment":0,"rttpg_category":"<a href=\"https:\/\/arantv.az\/?cat=26\" rel=\"category\">Sosial<\/a>","rttpg_excerpt":"\u015eu\u015fa \u015f\u0259h\u0259rin\u0259 ikinci (alternativ) m\u0259nb\u0259d\u0259n i\u00e7m\u0259li su k\u0259m\u0259ri \u00e7\u0259kilir. Bunu Report-a a\u00e7\u0131qlamas\u0131nda \u201cAz\u0259rsu\u201d ASC-nin M\u0259tbuat xidm\u0259tinin r\u0259hb\u0259ri Anar C\u0259bray\u0131ll\u0131 deyib. \u201cYeni m\u0259nb\u0259 Zar\u0131sl\u0131 k\u0259ndinin yax\u0131nl\u0131\u011f\u0131nda yerl\u0259\u015fir, bu h\u0259ft\u0259 oradan i\u00e7m\u0259li su \u015eu\u015faya \u00e7atacaq\u201d, &#8211; dey\u0259 o\u00a0qeyd edib. Xat\u0131rladaq ki, s\u0259hmdar c\u0259miyy\u0259ti \u015eu\u015faya i\u00e7m\u0259li suyun verilm\u0259sin\u0259 noyabr\u0131n 25-d\u0259 ba\u015flay\u0131b.","_links":{"self":[{"href":"https:\/\/arantv.az\/index.php?rest_route=\/wp\/v2\/posts\/249190"}],"collection":[{"href":"https:\/\/arantv.az\/index.php?rest_route=\/wp\/v2\/posts"}],"about":[{"href":"https:\/\/arantv.az\/index.php?rest_route=\/wp\/v2\/types\/post"}],"author":[{"embeddable":true,"href":"https:\/\/arantv.az\/index.php?rest_route=\/wp\/v2\/users\/2"}],"replies":[{"embeddable":true,"href":"https:\/\/arantv.az\/index.php?rest_route=%2Fwp%2Fv2%2Fcomments&post=249190"}],"version-history":[{"count":0,"href":"https:\/\/arantv.az\/index.php?rest_route=\/wp\/v2\/posts\/249190\/revisions"}],"wp:featuredmedia":[{"embeddable":true,"href":"https:\/\/arantv.az\/index.php?rest_route=\/wp\/v2\/media\/249191"}],"wp:attachment":[{"href":"https:\/\/arantv.az\/index.php?rest_route=%2Fwp%2Fv2%2Fmedia&parent=249190"}],"wp:term":[{"taxonomy":"category","embeddable":true,"href":"https:\/\/arantv.az\/index.php?rest_route=%2Fwp%2Fv2%2Fcategories&post=249190"},{"taxonomy":"post_tag","embeddable":true,"href":"https:\/\/arantv.az\/index.php?rest_route=%2Fwp%2Fv2%2Ftags&post=249190"}],"curies":[{"name":"wp","href":"https:\/\/api.w.org\/{rel}","templated":true}]}}