{"id":249194,"date":"2020-12-07T14:30:56","date_gmt":"2020-12-07T11:30:56","guid":{"rendered":"http:\/\/arantv.az\/?p=249194"},"modified":"2020-12-07T14:30:56","modified_gmt":"2020-12-07T11:30:56","slug":"vuqar-r%c9%99himzad%c9%99-q%c9%99l%c9%99b%c9%99-paradi-tariximiz%c9%99-qizil-h%c9%99rfl%c9%99rl%c9%99-yazilacaq","status":"publish","type":"post","link":"https:\/\/arantv.az\/?p=249194","title":{"rendered":"V\u00fcqar R\u0259himzad\u0259: Q\u0259l\u0259b\u0259 parad\u0131 tariximiz\u0259 q\u0131z\u0131l h\u0259rfl\u0259rl\u0259 yaz\u0131lacaq"},"content":{"rendered":"<p>\u201c44 g\u00fcnl\u00fck\u00a0 V\u0259t\u0259n m\u00fcharib\u0259si Az\u0259rbaycan\u0131n q\u0259l\u0259b\u0259si il\u0259 ba\u015fa \u00e7atd\u0131. M\u00f6ht\u0259r\u0259m Prezidentimiz, Ali Ba\u015f Komandan\u00a0 \u0130lham \u018fliyevin r\u0259hb\u0259rliyi il\u0259 m\u00fcz\u0259ff\u0259r Az\u0259rbaycan Ordusu\u00a0 44 g\u00fcnd\u0259 30 il\u0259 yax\u0131n m\u00fcdd\u0259td\u0259 i\u015f\u011fal alt\u0131nda qalan\u00a0 torpaqlar\u0131m\u0131z\u0131 azad etdi, \u0259razi b\u00fct\u00f6vl\u00fcy\u00fcm\u00fcz t\u0259min olundu,\u00a0\u00a0 erm\u0259ni i\u015f\u011fal\u0131na son qoyuldu. D\u00f6vl\u0259timizin ba\u015f\u00e7\u0131s\u0131 \u0130lham \u018fliyevin S\u0259r\u0259ncam\u0131 \u0259sas\u0131nda Qaraba\u011f\u0131n \u00fcr\u0259yi, tac\u0131 kimi d\u0259y\u0259rl\u0259ndiril\u0259n\u00a0 \u015eu\u015fan\u0131n i\u015f\u011faldan azad olundu\u011fu\u00a0 tarix- 8 noyabr Z\u0259f\u0259r G\u00fcn\u00fc kimi t\u0259sis olundu. H\u0259min g\u00fcn Az\u0259rbaycan\u0131n \u00e7ox\u0259srlik tarixinin \u0259n parlaq s\u0259hif\u0259si kimi yadda\u015flara yaz\u0131ld\u0131 v\u0259 he\u00e7 zaman unudulmayacaq.\u00bb<\/p>\n<p><strong>Bu fikirl\u0259ri Yeni Az\u0259rbaycan Partiyas\u0131 Siyasi \u015euras\u0131n\u0131n \u00fczv\u00fc, \u00ab\u0130ki sahil\u00bb q\u0259zetinin ba\u015f redaktoru, siyasi elml\u0259r doktoru V\u00fcqar R\u0259himzad\u0259 K\u0130V-\u0259 a\u00e7\u0131qlamas\u0131nda bildirib.<\/strong><\/p>\n<p>V.R\u0259himzad\u0259 qeyd edib ki, art\u0131q qalib Az\u0259rbaycan\u0131n m\u00fc\u0259z\u0259ff\u0259r ordusu Q\u0259l\u0259b\u0259 parad\u0131na haz\u0131rla\u015f\u0131r: \u00abBu parad\u0131n \u00f6z\u00fcn\u0259m\u0259xsus \u00f6z\u0259lliyi, dig\u0259r paradlardan f\u0259rqi vard\u0131r. D\u00f6vl\u0259timizin ba\u015f\u00e7\u0131s\u0131\u00a0 \u0130lham \u018fliyevin 2018-ci ild\u0259 Az\u0259rbaycan Silahl\u0131 Q\u00fcvv\u0259l\u0259rinin yarad\u0131lmas\u0131n\u0131n 100 illiyi m\u00fcnasib\u0259til\u0259 ke\u00e7iril\u0259n h\u0259rbi paradda s\u00f6yl\u0259diyi \u00a0bu\u00a0 fikirl\u0259ri xat\u0131rlatmaq ist\u0259rdik: \u00abG\u00fcn g\u0259l\u0259c\u0259k v\u0259 bu g\u00fcn i\u015f\u011fal alt\u0131ndak\u0131 torpaqlar azad olunandan sonra orada qald\u0131r\u0131lacaq Az\u0259rbaycan bayra\u011f\u0131 Azadl\u0131q meydan\u0131na g\u0259tiril\u0259c\u0259k v\u0259 h\u0259rbi paradda g\u00f6st\u0259ril\u0259c\u0259k. Biz bu m\u00fcq\u0259dd\u0259s g\u00fcn\u00fc yax\u0131nla\u015fd\u0131rmal\u0131y\u0131q v\u0259 yax\u0131nla\u015fd\u0131r\u0131r\u0131q.\u00bb<\/p>\n<p>\u00abG\u00f6zl\u0259diyimiz h\u0259min g\u00fcn g\u0259ldi\u00bb s\u00f6yl\u0259y\u0259n V\u00fcqar R\u0259himzad\u0259 qeyd edib ki,\u00a0 bu g\u00fcn b\u00f6y\u00fck q\u00fcrur hissi il\u0259\u00a0 i\u015f\u011faldan azad edil\u0259n b\u00fct\u00fcn torpaqlar\u0131m\u0131zda\u00a0 Az\u0259rbaycan\u0131n \u00fc\u00e7r\u0259ngli \u00a0bayra\u011f\u0131n\u0131n dal\u011faland\u0131\u011f\u0131n\u0131 b\u0259yan edirik: \u00abQ\u0259l\u0259b\u0259miz Az\u0259rbaycan Ordusunun g\u00fcc\u00fcn\u00fc, q\u00fcdr\u0259tini \u00a0bir daha d\u00fcnyaya \u00a0n\u00fcmayi\u015f \u00a0etdirdi. Az\u0259rbaycan Ordusu d\u00fcnyan\u0131n \u0259n g\u00fccl\u00fc 50 ordusu s\u0131ras\u0131nda q\u0259rarla\u015fd\u0131\u011f\u0131n\u0131 bir daha t\u0259sdiql\u0259di. Baxmayaraq ki, d\u00fc\u015fm\u0259n \u00f6t\u0259n \u00a030 ild\u0259 i\u015f\u011fal alt\u0131nda saxlad\u0131\u011f\u0131 \u0259razil\u0259rimizd\u0259\u00a0 g\u00fccl\u00fc istehkamlar qurmu\u015fdu. D\u00fc\u015f\u00fcn\u00fcrd\u00fcl\u0259r ki, bu istehkamlar\u0131 yar\u0131b ke\u00e7m\u0259k m\u00fcmk\u00fcn olmayacaq. D\u00f6vl\u0259timizin ba\u015f\u00e7\u0131s\u0131 \u0130lham \u018fliyev \u00e7\u0131x\u0131\u0131\u015flar\u0131nda da bu m\u0259qam\u0131 x\u00fcsusi vur\u011fulay\u0131r ki, qurulan istehkamlar bir daha t\u0259sdiql\u0259yirdi ki, erm\u0259nil\u0259r torpaqlar\u0131m\u0131z\u0131 dan\u0131\u015f\u0131qlar yolu il\u0259 geri qaytarmaq fikrind\u0259 deyildil\u0259r. \u00a0Biz tarixi Q\u0259l\u0259b\u0259 qazand\u0131q. Bu Q\u0259l\u0259b\u0259nin sevincini b\u00f6y\u00fck q\u00fcrur hissi il\u0259 ya\u015fay\u0131r\u0131q. Dekabr\u0131n 10-da ke\u00e7iril\u0259c\u0259k Q\u0259l\u0259b\u0259 parad\u0131 da bu sevincin t\u0259rkib hiss\u0259sidir.\u00a0 \u00a0Art\u0131q Q\u0259l\u0259b\u0259 parad\u0131na haz\u0131rl\u0131q i\u015fl\u0259ri g\u00f6r\u00fcl\u00fcr. Qeyd etdiyimiz kimi, bu \u00a0parad \u0259vv\u0259lkil\u0259rd\u0259n tamamil\u0259 f\u0259rql\u0259n\u0259c\u0259k. \u018fg\u0259r \u0259vv\u0259lki h\u0259rbi paradlarda Az\u0259rbaycan Ordusunun hans\u0131 imkanlara malik oldu\u011fu, i\u015f\u011fal alt\u0131nda olan torpaqlar\u0131m\u0131z\u0131 azad etm\u0259k g\u00fcc\u00fc, q\u00fcdr\u0259ti n\u00fcmayi\u015f etdirilirdis\u0259, dekabr\u0131n 10-da qalib \u00f6lk\u0259nin\u00a0 m\u00fcz\u0259ff\u0259r ordusu Azadl\u0131q meydan\u0131nda q\u00fcrurla \u00a0add\u0131mlayacaq. Az\u0259rbaycan \u0259sg\u0259ri b\u00f6y\u00fck ruh y\u00fcks\u0259kliyi il\u0259 bu parada haz\u0131rla\u015f\u0131r.\u00bb<\/p>\n<p>Ba\u015f redaktor bildirib ki, Q\u0259l\u0259b\u0259 parad\u0131 \u00a0tariximiz\u0259 q\u0131z\u0131l h\u0259rfl\u0259rl\u0259 yaz\u0131lacaq. D\u00fc\u015fm\u0259n 30 ild\u0259 i\u015f\u011fal alt\u0131nda saxlad\u0131\u011f\u0131 torpaqlar\u0131m\u0131zda istehkamlar quranda, he\u00e7 bir v\u0259sait x\u0259rcl\u0259m\u0259d\u0259n havadarlar\u0131 t\u0259r\u0259find\u0259n silahlanaraq bu \u0259razil\u0259rd\u0259 g\u00fccl\u00fc h\u0259rbi\u00a0 sistem formala\u015fd\u0131randa d\u00fc\u015f\u00fcn\u00fcrd\u00fc ki, Az\u0259rbaycan Ordusu bunlar\u0131 yar\u0131b ke\u00e7\u0259 bilm\u0259y\u0259c\u0259k. Bu, onlar\u0131n x\u0259yallar\u0131, yanl\u0131\u015f d\u00fc\u015f\u00fcnc\u0259l\u0259ri idi. Az\u0259rbaycan Ordusu\u00a0 29 illik m\u00fcst\u0259qillik tariximizd\u0259, x\u00fcsusil\u0259 son 27 ild\u0259 \u00a0d\u00fc\u015f\u00fcn\u00fclm\u00fc\u015f v\u0259 m\u0259qs\u0259dy\u00f6nl\u00fc siyas\u0259t n\u0259tic\u0259sind\u0259 \u00f6z q\u00fcdr\u0259tini, maddi-texniki bazas\u0131n\u0131 daha\u00a0 da m\u00f6hk\u0259ml\u0259ndirmi\u015f, d\u00fcnya standartlar\u0131na cavab ver\u0259n \u015f\u0259kild\u0259 formala\u015fm\u0131\u015fd\u0131r. \u00d6lk\u0259mizin ev sahibliyi etdiyi \u0259n\u0259n\u0259vi Beyn\u0259lxalq M\u00fcdafi\u0259 s\u0259rgil\u0259ri d\u0259 bu sah\u0259d\u0259 malik oldu\u011fumuz imkanlar\u0131n t\u0259qdimat\u0131nda \u0259h\u0259miyy\u0259tli rol oynay\u0131rd\u0131. \u018fn \u0259sas\u0131 Az\u0259rbaycan Ordusunun d\u00f6y\u00fc\u015f ruhu, bir qar\u0131\u015f\u00a0 torpa\u011f\u0131m\u0131z\u0131 bel\u0259 d\u00fc\u015fm\u0259n\u0259 verm\u0259m\u0259k \u00fc\u00e7\u00fcn g\u00f6st\u0259rdiyi f\u0259dakarl\u0131q, ill\u0259rdir Ali Ba\u015f Komandandan h\u00fccum \u0259mrini g\u00f6zl\u0259m\u0259si bug\u00fcnk\u00fc Q\u0259l\u0259b\u0259mizi \u015f\u0259rtl\u0259ndir\u0259n \u0259sas amill\u0259r s\u0131ras\u0131ndad\u0131r. \u00dcmumilikd\u0259 qeyd ets\u0259k Q\u0259l\u0259b\u0259mizin formulu bel\u0259dir: Xalq-Prezident-ordu.\u00bb<\/p>\n<p>\u00abD\u00f6vl\u0259timizin q\u0259tiyy\u0259ti, \u00f6lk\u0259 Prezdenti, Ali Ba\u015f Komandan \u0130lham \u018fliyevin r\u0259hb\u0259rliyi il\u0259 tarix yazan r\u0259\u015fad\u0259tli ordumuz\u00a0 d\u00fc\u015fm\u0259ni diz \u00e7\u00f6kd\u00fcrd\u00fc, \u015fanl\u0131 tarix yazd\u0131\u00bb s\u00f6yl\u0259y\u0259n ba\u015f redaktor bildirib ki, \u00a0Q\u0259l\u0259b\u0259 parad\u0131nda \u00a03000 n\u0259f\u0259rd\u0259n art\u0131q \u015f\u0259xsi hey\u0259tin, 150-d\u0259k h\u0259rbi texnikan\u0131n, o c\u00fcml\u0259d\u0259n silahlanmaya yeni q\u0259bul edilmi\u015f m\u00fcasir h\u0259rbi texnikan\u0131n, raket v\u0259 artilleriya qur\u011fular\u0131n\u0131n, hava h\u00fccumundan m\u00fcdafi\u0259 sisteml\u0259rinin,\u00a0 h\u0259rbi g\u0259mi v\u0259 katerl\u0259rin n\u00fcmayi\u015fi il\u0259 yana\u015f\u0131, \u00a0V\u0259t\u0259n m\u00fcharib\u0259si zaman\u0131 Az\u0259rbaycan Ordusunun darmada\u011f\u0131n etdiyi d\u00fc\u015fm\u0259nd\u0259n \u0259l\u0259 ke\u00e7irdiyi h\u0259rbi q\u0259nim\u0259tl\u0259rin bir qisminin d\u0259 n\u00fcmayi\u015finin n\u0259z\u0259rd\u0259 tutulmas\u0131 b\u00f6y\u00fck q\u00fcrurverici hadis\u0259dir. \u0130\u015f\u011fal\u00e7\u0131 Erm\u0259nistan v\u0259 ona havadarl\u0131q ed\u0259n d\u00f6vl\u0259tl\u0259r Az\u0259rbaycan Ordusunun g\u00fcc\u00fcn\u00fcn, q\u00fcdr\u0259tinin \u015fahidi oldu. 30 ild\u0259 d\u00fcnyan\u0131n apar\u0131c\u0131 d\u00f6vl\u0259tl\u0259rinin, n\u00fcfuzlu beyn\u0259lxalq t\u0259\u015fkilatlar\u0131n ed\u0259 bilm\u0259dikl\u0259rini Az\u0259rbaycan Ordusu 44 g\u00fcnd\u0259 etdi. E\u015fq olsun M\u00fcz\u0259ff\u0259r \u00a0Ali Ba\u015f Komandana! E\u015fq olsun r\u0259\u015fad\u0259tli Az\u0259rbaycan Ordusuna! Qaraba\u011f bizimdir, Qaraba\u011f Az\u0259rbaycand\u0131r!<\/p>\n","protected":false},"excerpt":{"rendered":"<p>\u201c44 g\u00fcnl\u00fck\u00a0 V\u0259t\u0259n m\u00fcharib\u0259si Az\u0259rbaycan\u0131n q\u0259l\u0259b\u0259si il\u0259 ba\u015fa \u00e7atd\u0131. M\u00f6ht\u0259r\u0259m Prezidentimiz, Ali Ba\u015f Komandan\u00a0 \u0130lham \u018fliyevin r\u0259hb\u0259rliyi il\u0259 m\u00fcz\u0259ff\u0259r Az\u0259rbaycan Ordusu\u00a0 44 g\u00fcnd\u0259 30 il\u0259 yax\u0131n m\u00fcdd\u0259td\u0259 i\u015f\u011fal alt\u0131nda qalan\u00a0 torpaqlar\u0131m\u0131z\u0131 azad etdi, \u0259razi b\u00fct\u00f6vl\u00fcy\u00fcm\u00fcz t\u0259min olundu,\u00a0\u00a0 erm\u0259ni i\u015f\u011fal\u0131na son qoyuldu. D\u00f6vl\u0259timizin ba\u015f\u00e7\u0131s\u0131 \u0130lham \u018fliyevin S\u0259r\u0259ncam\u0131 \u0259sas\u0131nda Qaraba\u011f\u0131n \u00fcr\u0259yi, tac\u0131 kimi d\u0259y\u0259rl\u0259ndiril\u0259n\u00a0 \u015eu\u015fan\u0131n i\u015f\u011faldan azad olundu\u011fu\u00a0 tarix- 8 noyabr Z\u0259f\u0259r G\u00fcn\u00fc kimi t\u0259sis olundu. H\u0259min g\u00fcn Az\u0259rbaycan\u0131n \u00e7ox\u0259srlik tarixinin \u0259n parlaq s\u0259hif\u0259si kimi yadda\u015flara yaz\u0131ld\u0131 v\u0259 he\u00e7 zaman unudulmayacaq.\u00bb Bu fikirl\u0259ri Yeni Az\u0259rbaycan Partiyas\u0131 Siyasi \u015euras\u0131n\u0131n \u00fczv\u00fc, \u00ab\u0130ki sahil\u00bb q\u0259zetinin&hellip;<\/p>\n","protected":false},"author":2,"featured_media":249195,"comment_status":"closed","ping_status":"closed","sticky":false,"template":"","format":"standard","meta":{"om_disable_all_campaigns":false,"_monsterinsights_skip_tracking":false,"_monsterinsights_sitenote_active":false,"_monsterinsights_sitenote_note":"","_monsterinsights_sitenote_category":0},"categories":[4],"tags":[],"aioseo_notices":[],"gutentor_comment":0,"rttpg_featured_image_url":{"full":["https:\/\/arantv.az\/wp-content\/uploads\/2020\/12\/bdb6920a159178118174866699910063716.jpg",975,540,false],"landscape":["https:\/\/arantv.az\/wp-content\/uploads\/2020\/12\/bdb6920a159178118174866699910063716.jpg",975,540,false],"portraits":["https:\/\/arantv.az\/wp-content\/uploads\/2020\/12\/bdb6920a159178118174866699910063716.jpg",975,540,false],"thumbnail":["https:\/\/arantv.az\/wp-content\/uploads\/2020\/12\/bdb6920a159178118174866699910063716-150x150.jpg",150,150,true],"medium":["https:\/\/arantv.az\/wp-content\/uploads\/2020\/12\/bdb6920a159178118174866699910063716-300x166.jpg",300,166,true],"large":["https:\/\/arantv.az\/wp-content\/uploads\/2020\/12\/bdb6920a159178118174866699910063716.jpg",640,354,false],"1536x1536":["https:\/\/arantv.az\/wp-content\/uploads\/2020\/12\/bdb6920a159178118174866699910063716.jpg",975,540,false],"2048x2048":["https:\/\/arantv.az\/wp-content\/uploads\/2020\/12\/bdb6920a159178118174866699910063716.jpg",975,540,false],"post-thumbnail":["https:\/\/arantv.az\/wp-content\/uploads\/2020\/12\/bdb6920a159178118174866699910063716-240x172.jpg",240,172,true],"advps-thumb-one":["https:\/\/arantv.az\/wp-content\/uploads\/2020\/12\/bdb6920a159178118174866699910063716.jpg",975,540,false]},"rttpg_author":{"display_name":"V\u00fcsal Rafiqo\u011flu","author_link":"https:\/\/arantv.az\/?author=2"},"rttpg_comment":0,"rttpg_category":"<a href=\"https:\/\/arantv.az\/?cat=4\" rel=\"category\">Siyas\u0259t<\/a>","rttpg_excerpt":"\u201c44 g\u00fcnl\u00fck\u00a0 V\u0259t\u0259n m\u00fcharib\u0259si Az\u0259rbaycan\u0131n q\u0259l\u0259b\u0259si il\u0259 ba\u015fa \u00e7atd\u0131. M\u00f6ht\u0259r\u0259m Prezidentimiz, Ali Ba\u015f Komandan\u00a0 \u0130lham \u018fliyevin r\u0259hb\u0259rliyi il\u0259 m\u00fcz\u0259ff\u0259r Az\u0259rbaycan Ordusu\u00a0 44 g\u00fcnd\u0259 30 il\u0259 yax\u0131n m\u00fcdd\u0259td\u0259 i\u015f\u011fal alt\u0131nda qalan\u00a0 torpaqlar\u0131m\u0131z\u0131 azad etdi, \u0259razi b\u00fct\u00f6vl\u00fcy\u00fcm\u00fcz t\u0259min olundu,\u00a0\u00a0 erm\u0259ni i\u015f\u011fal\u0131na son qoyuldu. D\u00f6vl\u0259timizin ba\u015f\u00e7\u0131s\u0131 \u0130lham \u018fliyevin S\u0259r\u0259ncam\u0131 \u0259sas\u0131nda Qaraba\u011f\u0131n \u00fcr\u0259yi, tac\u0131 kimi d\u0259y\u0259rl\u0259ndiril\u0259n\u00a0 \u015eu\u015fan\u0131n i\u015f\u011faldan azad&hellip;","_links":{"self":[{"href":"https:\/\/arantv.az\/index.php?rest_route=\/wp\/v2\/posts\/249194"}],"collection":[{"href":"https:\/\/arantv.az\/index.php?rest_route=\/wp\/v2\/posts"}],"about":[{"href":"https:\/\/arantv.az\/index.php?rest_route=\/wp\/v2\/types\/post"}],"author":[{"embeddable":true,"href":"https:\/\/arantv.az\/index.php?rest_route=\/wp\/v2\/users\/2"}],"replies":[{"embeddable":true,"href":"https:\/\/arantv.az\/index.php?rest_route=%2Fwp%2Fv2%2Fcomments&post=249194"}],"version-history":[{"count":0,"href":"https:\/\/arantv.az\/index.php?rest_route=\/wp\/v2\/posts\/249194\/revisions"}],"wp:featuredmedia":[{"embeddable":true,"href":"https:\/\/arantv.az\/index.php?rest_route=\/wp\/v2\/media\/249195"}],"wp:attachment":[{"href":"https:\/\/arantv.az\/index.php?rest_route=%2Fwp%2Fv2%2Fmedia&parent=249194"}],"wp:term":[{"taxonomy":"category","embeddable":true,"href":"https:\/\/arantv.az\/index.php?rest_route=%2Fwp%2Fv2%2Fcategories&post=249194"},{"taxonomy":"post_tag","embeddable":true,"href":"https:\/\/arantv.az\/index.php?rest_route=%2Fwp%2Fv2%2Ftags&post=249194"}],"curies":[{"name":"wp","href":"https:\/\/api.w.org\/{rel}","templated":true}]}}