{"id":249202,"date":"2020-12-07T14:36:09","date_gmt":"2020-12-07T11:36:09","guid":{"rendered":"http:\/\/arantv.az\/?p=249202"},"modified":"2020-12-07T14:36:09","modified_gmt":"2020-12-07T11:36:09","slug":"8-noyabr-bayram-gunl%c9%99ri-siyahisina-daxil-edilir","status":"publish","type":"post","link":"https:\/\/arantv.az\/?p=249202","title":{"rendered":"8 Noyabr bayram g\u00fcnl\u0259ri siyah\u0131s\u0131na daxil edilir"},"content":{"rendered":"<p><strong>Z\u0259f\u0259r G\u00fcn\u00fc Az\u0259rbaycanda bayram g\u00fcnl\u0259ri siyah\u0131s\u0131na daxl edilir.<\/strong><\/p>\n<p>Bununla ba\u011fl\u0131 \u018fm\u0259k M\u0259c\u0259ll\u0259sin\u0259 d\u0259yi\u015fiklik edilir.<\/p>\n<p>D\u0259yi\u015fikliy\u0259 \u0259sas\u0259n, noyabr\u0131n 8-i Z\u0259f\u0259r G\u00fcn\u00fc olaraq bayram g\u00fcnl\u0259ri siyah\u0131s\u0131na daxil edilir. Qanun d\u0259yi\u015fikliyin yax\u0131n g\u00fcnl\u0259rd\u0259 Milli M\u0259clisin plenar iclas\u0131na m\u00fczakir\u0259y\u0259 \u00e7\u0131xar\u0131laca\u011f\u0131 n\u0259z\u0259rd\u0259 tutulur.<\/p>\n","protected":false},"excerpt":{"rendered":"<p>Z\u0259f\u0259r G\u00fcn\u00fc Az\u0259rbaycanda bayram g\u00fcnl\u0259ri siyah\u0131s\u0131na daxl edilir. Bununla ba\u011fl\u0131 \u018fm\u0259k M\u0259c\u0259ll\u0259sin\u0259 d\u0259yi\u015fiklik edilir. D\u0259yi\u015fikliy\u0259 \u0259sas\u0259n, noyabr\u0131n 8-i Z\u0259f\u0259r G\u00fcn\u00fc olaraq bayram g\u00fcnl\u0259ri siyah\u0131s\u0131na daxil edilir. Qanun d\u0259yi\u015fikliyin yax\u0131n g\u00fcnl\u0259rd\u0259 Milli M\u0259clisin plenar iclas\u0131na m\u00fczakir\u0259y\u0259 \u00e7\u0131xar\u0131laca\u011f\u0131 n\u0259z\u0259rd\u0259 tutulur.<\/p>\n","protected":false},"author":2,"featured_media":249203,"comment_status":"closed","ping_status":"closed","sticky":false,"template":"","format":"standard","meta":{"om_disable_all_campaigns":false,"_monsterinsights_skip_tracking":false,"_monsterinsights_sitenote_active":false,"_monsterinsights_sitenote_note":"","_monsterinsights_sitenote_category":0},"categories":[26],"tags":[],"aioseo_notices":[],"gutentor_comment":0,"rttpg_featured_image_url":{"full":["https:\/\/arantv.az\/wp-content\/uploads\/2020\/12\/teqvim1-1.jpg",800,450,false],"landscape":["https:\/\/arantv.az\/wp-content\/uploads\/2020\/12\/teqvim1-1.jpg",800,450,false],"portraits":["https:\/\/arantv.az\/wp-content\/uploads\/2020\/12\/teqvim1-1.jpg",800,450,false],"thumbnail":["https:\/\/arantv.az\/wp-content\/uploads\/2020\/12\/teqvim1-1-150x150.jpg",150,150,true],"medium":["https:\/\/arantv.az\/wp-content\/uploads\/2020\/12\/teqvim1-1-300x169.jpg",300,169,true],"large":["https:\/\/arantv.az\/wp-content\/uploads\/2020\/12\/teqvim1-1.jpg",640,360,false],"1536x1536":["https:\/\/arantv.az\/wp-content\/uploads\/2020\/12\/teqvim1-1.jpg",800,450,false],"2048x2048":["https:\/\/arantv.az\/wp-content\/uploads\/2020\/12\/teqvim1-1.jpg",800,450,false],"post-thumbnail":["https:\/\/arantv.az\/wp-content\/uploads\/2020\/12\/teqvim1-1-240x172.jpg",240,172,true],"advps-thumb-one":["https:\/\/arantv.az\/wp-content\/uploads\/2020\/12\/teqvim1-1.jpg",800,450,false]},"rttpg_author":{"display_name":"V\u00fcsal Rafiqo\u011flu","author_link":"https:\/\/arantv.az\/?author=2"},"rttpg_comment":0,"rttpg_category":"<a href=\"https:\/\/arantv.az\/?cat=26\" rel=\"category\">Sosial<\/a>","rttpg_excerpt":"Z\u0259f\u0259r G\u00fcn\u00fc Az\u0259rbaycanda bayram g\u00fcnl\u0259ri siyah\u0131s\u0131na daxl edilir. Bununla ba\u011fl\u0131 \u018fm\u0259k M\u0259c\u0259ll\u0259sin\u0259 d\u0259yi\u015fiklik edilir. D\u0259yi\u015fikliy\u0259 \u0259sas\u0259n, noyabr\u0131n 8-i Z\u0259f\u0259r G\u00fcn\u00fc olaraq bayram g\u00fcnl\u0259ri siyah\u0131s\u0131na daxil edilir. Qanun d\u0259yi\u015fikliyin yax\u0131n g\u00fcnl\u0259rd\u0259 Milli M\u0259clisin plenar iclas\u0131na m\u00fczakir\u0259y\u0259 \u00e7\u0131xar\u0131laca\u011f\u0131 n\u0259z\u0259rd\u0259 tutulur.","_links":{"self":[{"href":"https:\/\/arantv.az\/index.php?rest_route=\/wp\/v2\/posts\/249202"}],"collection":[{"href":"https:\/\/arantv.az\/index.php?rest_route=\/wp\/v2\/posts"}],"about":[{"href":"https:\/\/arantv.az\/index.php?rest_route=\/wp\/v2\/types\/post"}],"author":[{"embeddable":true,"href":"https:\/\/arantv.az\/index.php?rest_route=\/wp\/v2\/users\/2"}],"replies":[{"embeddable":true,"href":"https:\/\/arantv.az\/index.php?rest_route=%2Fwp%2Fv2%2Fcomments&post=249202"}],"version-history":[{"count":0,"href":"https:\/\/arantv.az\/index.php?rest_route=\/wp\/v2\/posts\/249202\/revisions"}],"wp:featuredmedia":[{"embeddable":true,"href":"https:\/\/arantv.az\/index.php?rest_route=\/wp\/v2\/media\/249203"}],"wp:attachment":[{"href":"https:\/\/arantv.az\/index.php?rest_route=%2Fwp%2Fv2%2Fmedia&parent=249202"}],"wp:term":[{"taxonomy":"category","embeddable":true,"href":"https:\/\/arantv.az\/index.php?rest_route=%2Fwp%2Fv2%2Fcategories&post=249202"},{"taxonomy":"post_tag","embeddable":true,"href":"https:\/\/arantv.az\/index.php?rest_route=%2Fwp%2Fv2%2Ftags&post=249202"}],"curies":[{"name":"wp","href":"https:\/\/api.w.org\/{rel}","templated":true}]}}