{"id":249214,"date":"2020-12-07T14:38:47","date_gmt":"2020-12-07T11:38:47","guid":{"rendered":"http:\/\/arantv.az\/?p=249214"},"modified":"2020-12-07T14:38:47","modified_gmt":"2020-12-07T11:38:47","slug":"az%c9%99rbaycanda-h%c9%99rbi-v%c9%99ziyy%c9%99t-l%c9%99gv-edilir","status":"publish","type":"post","link":"https:\/\/arantv.az\/?p=249214","title":{"rendered":"Az\u0259rbaycanda h\u0259rbi v\u0259ziyy\u0259t l\u0259\u011fv edilir"},"content":{"rendered":"<p>Az\u0259rbaycan Respublikas\u0131n\u0131n Prezidenti \u0130lham \u018fliyevin 2020-ci il dekabr\u0131n 12-d\u0259, saat 00.00-dan \u201cH\u0259rbi v\u0259ziyy\u0259tin l\u0259\u011fv olunmas\u0131 haqq\u0131nda\u201d f\u0259rman\u0131n\u0131n t\u0259sdiq edilm\u0259si m\u0259s\u0259l\u0259si Milli M\u0259clisd\u0259 m\u00fczakir\u0259 olunacaq.<\/p>\n<p>Bu bar\u0259d\u0259 Oxu.Az-a Milli M\u0259clisin M\u0259tbuat xidm\u0259tind\u0259n m\u0259lumat verilib.<\/p>\n<p>M\u0259s\u0259l\u0259 Milli M\u0259clisin dekabr\u0131n 11-d\u0259 ke\u00e7iril\u0259c\u0259k n\u00f6vb\u0259ti iclas\u0131nda m\u00fczakir\u0259y\u0259 \u00e7\u0131xar\u0131lacaq.<\/p>\n","protected":false},"excerpt":{"rendered":"<p>Az\u0259rbaycan Respublikas\u0131n\u0131n Prezidenti \u0130lham \u018fliyevin 2020-ci il dekabr\u0131n 12-d\u0259, saat 00.00-dan \u201cH\u0259rbi v\u0259ziyy\u0259tin l\u0259\u011fv olunmas\u0131 haqq\u0131nda\u201d f\u0259rman\u0131n\u0131n t\u0259sdiq edilm\u0259si m\u0259s\u0259l\u0259si Milli M\u0259clisd\u0259 m\u00fczakir\u0259 olunacaq. Bu bar\u0259d\u0259 Oxu.Az-a Milli M\u0259clisin M\u0259tbuat xidm\u0259tind\u0259n m\u0259lumat verilib. M\u0259s\u0259l\u0259 Milli M\u0259clisin dekabr\u0131n 11-d\u0259 ke\u00e7iril\u0259c\u0259k n\u00f6vb\u0259ti iclas\u0131nda m\u00fczakir\u0259y\u0259 \u00e7\u0131xar\u0131lacaq.<\/p>\n","protected":false},"author":2,"featured_media":249215,"comment_status":"closed","ping_status":"closed","sticky":false,"template":"","format":"standard","meta":{"om_disable_all_campaigns":false,"_monsterinsights_skip_tracking":false,"_monsterinsights_sitenote_active":false,"_monsterinsights_sitenote_note":"","_monsterinsights_sitenote_category":0},"categories":[26],"tags":[],"aioseo_notices":[],"gutentor_comment":0,"rttpg_featured_image_url":{"full":["https:\/\/arantv.az\/wp-content\/uploads\/2020\/12\/15793527098949955565e230285b209c.jpg",620,413,false],"landscape":["https:\/\/arantv.az\/wp-content\/uploads\/2020\/12\/15793527098949955565e230285b209c.jpg",620,413,false],"portraits":["https:\/\/arantv.az\/wp-content\/uploads\/2020\/12\/15793527098949955565e230285b209c.jpg",620,413,false],"thumbnail":["https:\/\/arantv.az\/wp-content\/uploads\/2020\/12\/15793527098949955565e230285b209c-150x150.jpg",150,150,true],"medium":["https:\/\/arantv.az\/wp-content\/uploads\/2020\/12\/15793527098949955565e230285b209c-300x200.jpg",300,200,true],"large":["https:\/\/arantv.az\/wp-content\/uploads\/2020\/12\/15793527098949955565e230285b209c.jpg",620,413,false],"1536x1536":["https:\/\/arantv.az\/wp-content\/uploads\/2020\/12\/15793527098949955565e230285b209c.jpg",620,413,false],"2048x2048":["https:\/\/arantv.az\/wp-content\/uploads\/2020\/12\/15793527098949955565e230285b209c.jpg",620,413,false],"post-thumbnail":["https:\/\/arantv.az\/wp-content\/uploads\/2020\/12\/15793527098949955565e230285b209c-240x172.jpg",240,172,true],"advps-thumb-one":["https:\/\/arantv.az\/wp-content\/uploads\/2020\/12\/15793527098949955565e230285b209c.jpg",620,413,false]},"rttpg_author":{"display_name":"V\u00fcsal Rafiqo\u011flu","author_link":"https:\/\/arantv.az\/?author=2"},"rttpg_comment":0,"rttpg_category":"<a href=\"https:\/\/arantv.az\/?cat=26\" rel=\"category\">Sosial<\/a>","rttpg_excerpt":"Az\u0259rbaycan Respublikas\u0131n\u0131n Prezidenti \u0130lham \u018fliyevin 2020-ci il dekabr\u0131n 12-d\u0259, saat 00.00-dan \u201cH\u0259rbi v\u0259ziyy\u0259tin l\u0259\u011fv olunmas\u0131 haqq\u0131nda\u201d f\u0259rman\u0131n\u0131n t\u0259sdiq edilm\u0259si m\u0259s\u0259l\u0259si Milli M\u0259clisd\u0259 m\u00fczakir\u0259 olunacaq. Bu bar\u0259d\u0259 Oxu.Az-a Milli M\u0259clisin M\u0259tbuat xidm\u0259tind\u0259n m\u0259lumat verilib. M\u0259s\u0259l\u0259 Milli M\u0259clisin dekabr\u0131n 11-d\u0259 ke\u00e7iril\u0259c\u0259k n\u00f6vb\u0259ti iclas\u0131nda m\u00fczakir\u0259y\u0259 \u00e7\u0131xar\u0131lacaq.","_links":{"self":[{"href":"https:\/\/arantv.az\/index.php?rest_route=\/wp\/v2\/posts\/249214"}],"collection":[{"href":"https:\/\/arantv.az\/index.php?rest_route=\/wp\/v2\/posts"}],"about":[{"href":"https:\/\/arantv.az\/index.php?rest_route=\/wp\/v2\/types\/post"}],"author":[{"embeddable":true,"href":"https:\/\/arantv.az\/index.php?rest_route=\/wp\/v2\/users\/2"}],"replies":[{"embeddable":true,"href":"https:\/\/arantv.az\/index.php?rest_route=%2Fwp%2Fv2%2Fcomments&post=249214"}],"version-history":[{"count":0,"href":"https:\/\/arantv.az\/index.php?rest_route=\/wp\/v2\/posts\/249214\/revisions"}],"wp:featuredmedia":[{"embeddable":true,"href":"https:\/\/arantv.az\/index.php?rest_route=\/wp\/v2\/media\/249215"}],"wp:attachment":[{"href":"https:\/\/arantv.az\/index.php?rest_route=%2Fwp%2Fv2%2Fmedia&parent=249214"}],"wp:term":[{"taxonomy":"category","embeddable":true,"href":"https:\/\/arantv.az\/index.php?rest_route=%2Fwp%2Fv2%2Fcategories&post=249214"},{"taxonomy":"post_tag","embeddable":true,"href":"https:\/\/arantv.az\/index.php?rest_route=%2Fwp%2Fv2%2Ftags&post=249214"}],"curies":[{"name":"wp","href":"https:\/\/api.w.org\/{rel}","templated":true}]}}