{"id":249218,"date":"2020-12-07T14:39:25","date_gmt":"2020-12-07T11:39:25","guid":{"rendered":"http:\/\/arantv.az\/?p=249218"},"modified":"2020-12-07T14:39:25","modified_gmt":"2020-12-07T11:39:25","slug":"asa-turkiy%c9%99-sigorta-birliyi-il%c9%99-r%c9%99smi-%c9%99m%c9%99kdasliga-basladi","status":"publish","type":"post","link":"https:\/\/arantv.az\/?p=249218","title":{"rendered":"ASA T\u00fcrkiy\u0259 S\u0131\u011forta Birliyi il\u0259 r\u0259smi \u0259m\u0259kda\u015fl\u0131\u011fa ba\u015flad\u0131"},"content":{"rendered":"<p>Az\u0259rbaycan S\u0131\u011forta\u00e7\u0131lar Assosiasiyas\u0131 T\u00fcrkiy\u0259nin s\u0131\u011forta sektoru \u00fczr\u0259 requlyatoru olan T\u00fcrkiy\u0259 S\u0131\u011forta Birliyi il\u0259 r\u0259smi \u0259m\u0259kda\u015fl\u0131\u011fa ba\u015flay\u0131b.<\/p>\n<p>ASA-dan veril\u0259n m\u0259lumata g\u00f6r\u0259, bununla \u0259laq\u0259dar yax\u0131n g\u00fcnl\u0259rd\u0259 iki qurum aras\u0131nda memorandum imzalan\u0131b.<\/p>\n<div id=\"AdviadNativeVideo0\" class=\"AdviadNativeVideo\"><\/div>\n<p>Memoranduma \u0259sas\u0259n, iki qurum, ikit\u0259r\u0259fli m\u00fcnasib\u0259tl\u0259rin t\u0259\u015fkili, iki \u00f6lk\u0259 aras\u0131nda s\u0131\u011forta sah\u0259sind\u0259 kadr v\u0259 t\u0259cr\u00fcb\u0259 m\u00fcbadil\u0259sinin h\u0259yata ke\u00e7irilm\u0259si, Az\u0259rbaycan\u0131n s\u0131\u011forta bazar\u0131nda yeni m\u0259hsul strategiyas\u0131n\u0131n formala\u015fd\u0131r\u0131lmas\u0131nda T\u00fcrkiy\u0259 t\u0259cr\u00fcb\u0259sind\u0259n istifad\u0259 v\u0259 T\u00fcrkiy\u0259nin t\u0259krar s\u0131\u011forta t\u0259cr\u00fcb\u0259sinin Az\u0259rbaycanda t\u0259tbiqi \u00fc\u00e7\u00fcn add\u0131mlar\u0131n at\u0131lmas\u0131 istiqam\u0259tind\u0259 raz\u0131l\u0131\u011fa g\u0259lib.<\/p>\n<p>\u0130kit\u0259r\u0259fli \u0259m\u0259kda\u015fl\u0131q v\u0259 birg\u0259 f\u0259aliyy\u0259t \u00e7\u0259r\u00e7iv\u0259sind\u0259 h\u0259yata ke\u00e7iril\u0259c\u0259k layih\u0259l\u0259rd\u0259n biri d\u0259 post-pandemiya d\u00f6vr\u00fcnd\u0259 t\u00fcrk d\u00fcnyas\u0131 \u00f6lk\u0259l\u0259rinin birg\u0259 s\u0131\u011forta forumunun m\u0259hz bu iki qurumun t\u0259\u015f\u0259bb\u00fcskarl\u0131\u011f\u0131 v\u0259 t\u0259\u015fkilat\u00e7\u0131l\u0131\u011f\u0131 il\u0259 h\u0259yata ke\u00e7irilm\u0259sind\u0259n ibar\u0259tdir.<\/p>\n","protected":false},"excerpt":{"rendered":"<p>Az\u0259rbaycan S\u0131\u011forta\u00e7\u0131lar Assosiasiyas\u0131 T\u00fcrkiy\u0259nin s\u0131\u011forta sektoru \u00fczr\u0259 requlyatoru olan T\u00fcrkiy\u0259 S\u0131\u011forta Birliyi il\u0259 r\u0259smi \u0259m\u0259kda\u015fl\u0131\u011fa ba\u015flay\u0131b. ASA-dan veril\u0259n m\u0259lumata g\u00f6r\u0259, bununla \u0259laq\u0259dar yax\u0131n g\u00fcnl\u0259rd\u0259 iki qurum aras\u0131nda memorandum imzalan\u0131b. Memoranduma \u0259sas\u0259n, iki qurum, ikit\u0259r\u0259fli m\u00fcnasib\u0259tl\u0259rin t\u0259\u015fkili, iki \u00f6lk\u0259 aras\u0131nda s\u0131\u011forta sah\u0259sind\u0259 kadr v\u0259 t\u0259cr\u00fcb\u0259 m\u00fcbadil\u0259sinin h\u0259yata ke\u00e7irilm\u0259si, Az\u0259rbaycan\u0131n s\u0131\u011forta bazar\u0131nda yeni m\u0259hsul strategiyas\u0131n\u0131n formala\u015fd\u0131r\u0131lmas\u0131nda T\u00fcrkiy\u0259 t\u0259cr\u00fcb\u0259sind\u0259n istifad\u0259 v\u0259 T\u00fcrkiy\u0259nin t\u0259krar s\u0131\u011forta t\u0259cr\u00fcb\u0259sinin Az\u0259rbaycanda t\u0259tbiqi \u00fc\u00e7\u00fcn add\u0131mlar\u0131n at\u0131lmas\u0131 istiqam\u0259tind\u0259 raz\u0131l\u0131\u011fa g\u0259lib. \u0130kit\u0259r\u0259fli \u0259m\u0259kda\u015fl\u0131q v\u0259 birg\u0259 f\u0259aliyy\u0259t \u00e7\u0259r\u00e7iv\u0259sind\u0259 h\u0259yata ke\u00e7iril\u0259c\u0259k layih\u0259l\u0259rd\u0259n biri d\u0259 post-pandemiya d\u00f6vr\u00fcnd\u0259 t\u00fcrk d\u00fcnyas\u0131 \u00f6lk\u0259l\u0259rinin birg\u0259 s\u0131\u011forta forumunun m\u0259hz&hellip;<\/p>\n","protected":false},"author":2,"featured_media":249219,"comment_status":"closed","ping_status":"closed","sticky":false,"template":"","format":"standard","meta":{"om_disable_all_campaigns":false,"_monsterinsights_skip_tracking":false,"_monsterinsights_sitenote_active":false,"_monsterinsights_sitenote_note":"","_monsterinsights_sitenote_category":0},"categories":[19],"tags":[],"aioseo_notices":[],"gutentor_comment":0,"rttpg_featured_image_url":{"full":["https:\/\/arantv.az\/wp-content\/uploads\/2020\/12\/1581682817204_oqsffXNu.jpg",620,383,false],"landscape":["https:\/\/arantv.az\/wp-content\/uploads\/2020\/12\/1581682817204_oqsffXNu.jpg",620,383,false],"portraits":["https:\/\/arantv.az\/wp-content\/uploads\/2020\/12\/1581682817204_oqsffXNu.jpg",620,383,false],"thumbnail":["https:\/\/arantv.az\/wp-content\/uploads\/2020\/12\/1581682817204_oqsffXNu-150x150.jpg",150,150,true],"medium":["https:\/\/arantv.az\/wp-content\/uploads\/2020\/12\/1581682817204_oqsffXNu-300x185.jpg",300,185,true],"large":["https:\/\/arantv.az\/wp-content\/uploads\/2020\/12\/1581682817204_oqsffXNu.jpg",620,383,false],"1536x1536":["https:\/\/arantv.az\/wp-content\/uploads\/2020\/12\/1581682817204_oqsffXNu.jpg",620,383,false],"2048x2048":["https:\/\/arantv.az\/wp-content\/uploads\/2020\/12\/1581682817204_oqsffXNu.jpg",620,383,false],"post-thumbnail":["https:\/\/arantv.az\/wp-content\/uploads\/2020\/12\/1581682817204_oqsffXNu-240x172.jpg",240,172,true],"advps-thumb-one":["https:\/\/arantv.az\/wp-content\/uploads\/2020\/12\/1581682817204_oqsffXNu.jpg",620,383,false]},"rttpg_author":{"display_name":"V\u00fcsal Rafiqo\u011flu","author_link":"https:\/\/arantv.az\/?author=2"},"rttpg_comment":0,"rttpg_category":"<a href=\"https:\/\/arantv.az\/?cat=19\" rel=\"category\">G\u00fcnd\u0259m<\/a>","rttpg_excerpt":"Az\u0259rbaycan S\u0131\u011forta\u00e7\u0131lar Assosiasiyas\u0131 T\u00fcrkiy\u0259nin s\u0131\u011forta sektoru \u00fczr\u0259 requlyatoru olan T\u00fcrkiy\u0259 S\u0131\u011forta Birliyi il\u0259 r\u0259smi \u0259m\u0259kda\u015fl\u0131\u011fa ba\u015flay\u0131b. ASA-dan veril\u0259n m\u0259lumata g\u00f6r\u0259, bununla \u0259laq\u0259dar yax\u0131n g\u00fcnl\u0259rd\u0259 iki qurum aras\u0131nda memorandum imzalan\u0131b. Memoranduma \u0259sas\u0259n, iki qurum, ikit\u0259r\u0259fli m\u00fcnasib\u0259tl\u0259rin t\u0259\u015fkili, iki \u00f6lk\u0259 aras\u0131nda s\u0131\u011forta sah\u0259sind\u0259 kadr v\u0259 t\u0259cr\u00fcb\u0259 m\u00fcbadil\u0259sinin h\u0259yata ke\u00e7irilm\u0259si, Az\u0259rbaycan\u0131n s\u0131\u011forta bazar\u0131nda yeni m\u0259hsul strategiyas\u0131n\u0131n formala\u015fd\u0131r\u0131lmas\u0131nda T\u00fcrkiy\u0259&hellip;","_links":{"self":[{"href":"https:\/\/arantv.az\/index.php?rest_route=\/wp\/v2\/posts\/249218"}],"collection":[{"href":"https:\/\/arantv.az\/index.php?rest_route=\/wp\/v2\/posts"}],"about":[{"href":"https:\/\/arantv.az\/index.php?rest_route=\/wp\/v2\/types\/post"}],"author":[{"embeddable":true,"href":"https:\/\/arantv.az\/index.php?rest_route=\/wp\/v2\/users\/2"}],"replies":[{"embeddable":true,"href":"https:\/\/arantv.az\/index.php?rest_route=%2Fwp%2Fv2%2Fcomments&post=249218"}],"version-history":[{"count":0,"href":"https:\/\/arantv.az\/index.php?rest_route=\/wp\/v2\/posts\/249218\/revisions"}],"wp:featuredmedia":[{"embeddable":true,"href":"https:\/\/arantv.az\/index.php?rest_route=\/wp\/v2\/media\/249219"}],"wp:attachment":[{"href":"https:\/\/arantv.az\/index.php?rest_route=%2Fwp%2Fv2%2Fmedia&parent=249218"}],"wp:term":[{"taxonomy":"category","embeddable":true,"href":"https:\/\/arantv.az\/index.php?rest_route=%2Fwp%2Fv2%2Fcategories&post=249218"},{"taxonomy":"post_tag","embeddable":true,"href":"https:\/\/arantv.az\/index.php?rest_route=%2Fwp%2Fv2%2Ftags&post=249218"}],"curies":[{"name":"wp","href":"https:\/\/api.w.org\/{rel}","templated":true}]}}