{"id":24922,"date":"2018-11-24T11:48:06","date_gmt":"2018-11-24T08:48:06","guid":{"rendered":"http:\/\/arantv.az\/?p=24922"},"modified":"2018-11-24T11:48:06","modified_gmt":"2018-11-24T08:48:06","slug":"prezident-ilham-%c9%99liyev-yaponiyanin-bas-nazirini-t%c9%99brik-edib","status":"publish","type":"post","link":"https:\/\/arantv.az\/?p=24922","title":{"rendered":"Prezident \u0130lham \u018fliyev Yaponiyan\u0131n Ba\u015f nazirini t\u0259brik edib"},"content":{"rendered":"<p>Prezident \u0130lham \u018fliyev Yaponiyan\u0131n Ba\u015f naziri \u015einzo Abey\u0259 t\u0259brik m\u0259ktubu \u00fcnvanlay\u0131b.<\/p>\n<p><strong>ARANTV.AZ<\/strong> az\u0259rtac-a istinad\u0259n x\u0259b\u0259r verir ki, t\u0259brikd\u0259 deyilir:<\/p>\n<p>&#8220;H\u00f6rm\u0259tli c\u0259nab Ba\u015f nazir, Osaka \u015f\u0259h\u0259rinin &#8220;Ekspo 2025&#8243; s\u0259rgisini ke\u00e7irm\u0259k h\u00fcququnu qazanmas\u0131 m\u00fcnasib\u0259til\u0259 Sizi v\u0259 b\u00fct\u00fcn Yaponiya xalq\u0131n\u0131 \u00fcr\u0259kd\u0259n t\u0259brik edir\u0259m.<\/p>\n<p>Siz\u0259 v\u0259 dost Yaponiya xalq\u0131na bu m\u00f6t\u0259b\u0259r t\u0259dbirin haz\u0131rl\u0131q m\u0259rh\u0259l\u0259sind\u0259 v\u0259 ke\u00e7irilm\u0259sind\u0259 u\u011furlar arzulay\u0131ram&#8221;.<\/p>\n","protected":false},"excerpt":{"rendered":"<p>Prezident \u0130lham \u018fliyev Yaponiyan\u0131n Ba\u015f naziri \u015einzo Abey\u0259 t\u0259brik m\u0259ktubu \u00fcnvanlay\u0131b. ARANTV.AZ az\u0259rtac-a istinad\u0259n x\u0259b\u0259r verir ki, t\u0259brikd\u0259 deyilir: &#8220;H\u00f6rm\u0259tli c\u0259nab Ba\u015f nazir, Osaka \u015f\u0259h\u0259rinin &#8220;Ekspo 2025&#8243; s\u0259rgisini ke\u00e7irm\u0259k h\u00fcququnu qazanmas\u0131 m\u00fcnasib\u0259til\u0259 Sizi v\u0259 b\u00fct\u00fcn Yaponiya xalq\u0131n\u0131 \u00fcr\u0259kd\u0259n t\u0259brik edir\u0259m. Siz\u0259 v\u0259 dost Yaponiya xalq\u0131na bu m\u00f6t\u0259b\u0259r t\u0259dbirin haz\u0131rl\u0131q m\u0259rh\u0259l\u0259sind\u0259 v\u0259 ke\u00e7irilm\u0259sind\u0259 u\u011furlar arzulay\u0131ram&#8221;.<\/p>\n","protected":false},"author":2,"featured_media":24923,"comment_status":"closed","ping_status":"closed","sticky":false,"template":"","format":"standard","meta":{"om_disable_all_campaigns":false,"_monsterinsights_skip_tracking":false,"_monsterinsights_sitenote_active":false,"_monsterinsights_sitenote_note":"","_monsterinsights_sitenote_category":0},"categories":[8],"tags":[],"aioseo_notices":[],"gutentor_comment":0,"rttpg_featured_image_url":{"full":["https:\/\/arantv.az\/wp-content\/uploads\/2018\/11\/2018_ilham_aliyev_05-1.jpg",1200,900,false],"landscape":["https:\/\/arantv.az\/wp-content\/uploads\/2018\/11\/2018_ilham_aliyev_05-1.jpg",1200,900,false],"portraits":["https:\/\/arantv.az\/wp-content\/uploads\/2018\/11\/2018_ilham_aliyev_05-1.jpg",1200,900,false],"thumbnail":["https:\/\/arantv.az\/wp-content\/uploads\/2018\/11\/2018_ilham_aliyev_05-1-150x150.jpg",150,150,true],"medium":["https:\/\/arantv.az\/wp-content\/uploads\/2018\/11\/2018_ilham_aliyev_05-1-300x225.jpg",300,225,true],"large":["https:\/\/arantv.az\/wp-content\/uploads\/2018\/11\/2018_ilham_aliyev_05-1-1024x768.jpg",640,480,true],"1536x1536":["https:\/\/arantv.az\/wp-content\/uploads\/2018\/11\/2018_ilham_aliyev_05-1.jpg",1200,900,false],"2048x2048":["https:\/\/arantv.az\/wp-content\/uploads\/2018\/11\/2018_ilham_aliyev_05-1.jpg",1200,900,false],"post-thumbnail":["https:\/\/arantv.az\/wp-content\/uploads\/2018\/11\/2018_ilham_aliyev_05-1-240x172.jpg",240,172,true],"advps-thumb-one":["https:\/\/arantv.az\/wp-content\/uploads\/2018\/11\/2018_ilham_aliyev_05-1-1200x620.jpg",1200,620,true]},"rttpg_author":{"display_name":"V\u00fcsal Rafiqo\u011flu","author_link":"https:\/\/arantv.az\/?author=2"},"rttpg_comment":0,"rttpg_category":"<a href=\"https:\/\/arantv.az\/?cat=8\" rel=\"category\">\u018fsas s\u0259hif\u0259<\/a>","rttpg_excerpt":"Prezident \u0130lham \u018fliyev Yaponiyan\u0131n Ba\u015f naziri \u015einzo Abey\u0259 t\u0259brik m\u0259ktubu \u00fcnvanlay\u0131b. ARANTV.AZ az\u0259rtac-a istinad\u0259n x\u0259b\u0259r verir ki, t\u0259brikd\u0259 deyilir: &#8220;H\u00f6rm\u0259tli c\u0259nab Ba\u015f nazir, Osaka \u015f\u0259h\u0259rinin &#8220;Ekspo 2025&#8243; s\u0259rgisini ke\u00e7irm\u0259k h\u00fcququnu qazanmas\u0131 m\u00fcnasib\u0259til\u0259 Sizi v\u0259 b\u00fct\u00fcn Yaponiya xalq\u0131n\u0131 \u00fcr\u0259kd\u0259n t\u0259brik edir\u0259m. Siz\u0259 v\u0259 dost Yaponiya xalq\u0131na bu m\u00f6t\u0259b\u0259r t\u0259dbirin haz\u0131rl\u0131q m\u0259rh\u0259l\u0259sind\u0259 v\u0259 ke\u00e7irilm\u0259sind\u0259 u\u011furlar arzulay\u0131ram&#8221;.","_links":{"self":[{"href":"https:\/\/arantv.az\/index.php?rest_route=\/wp\/v2\/posts\/24922"}],"collection":[{"href":"https:\/\/arantv.az\/index.php?rest_route=\/wp\/v2\/posts"}],"about":[{"href":"https:\/\/arantv.az\/index.php?rest_route=\/wp\/v2\/types\/post"}],"author":[{"embeddable":true,"href":"https:\/\/arantv.az\/index.php?rest_route=\/wp\/v2\/users\/2"}],"replies":[{"embeddable":true,"href":"https:\/\/arantv.az\/index.php?rest_route=%2Fwp%2Fv2%2Fcomments&post=24922"}],"version-history":[{"count":0,"href":"https:\/\/arantv.az\/index.php?rest_route=\/wp\/v2\/posts\/24922\/revisions"}],"wp:featuredmedia":[{"embeddable":true,"href":"https:\/\/arantv.az\/index.php?rest_route=\/wp\/v2\/media\/24923"}],"wp:attachment":[{"href":"https:\/\/arantv.az\/index.php?rest_route=%2Fwp%2Fv2%2Fmedia&parent=24922"}],"wp:term":[{"taxonomy":"category","embeddable":true,"href":"https:\/\/arantv.az\/index.php?rest_route=%2Fwp%2Fv2%2Fcategories&post=24922"},{"taxonomy":"post_tag","embeddable":true,"href":"https:\/\/arantv.az\/index.php?rest_route=%2Fwp%2Fv2%2Ftags&post=24922"}],"curies":[{"name":"wp","href":"https:\/\/api.w.org\/{rel}","templated":true}]}}