{"id":249228,"date":"2020-12-07T15:00:45","date_gmt":"2020-12-07T12:00:45","guid":{"rendered":"http:\/\/arantv.az\/?p=249228"},"modified":"2020-12-07T15:00:45","modified_gmt":"2020-12-07T12:00:45","slug":"milli-m%c9%99clisin-novb%c9%99ti-plenar-iclasinin-gund%c9%99liyi-v%c9%99-vaxti-aciqlanib","status":"publish","type":"post","link":"https:\/\/arantv.az\/?p=249228","title":{"rendered":"Milli M\u0259clisin n\u00f6vb\u0259ti plenar iclas\u0131n\u0131n g\u00fcnd\u0259liyi v\u0259 vaxt\u0131 a\u00e7\u0131qlan\u0131b"},"content":{"rendered":"<p>Dekabr\u0131n 11-d\u0259 Milli M\u0259clisin n\u00f6vb\u0259ti plenar iclas\u0131 ke\u00e7iril\u0259c\u0259k.<\/p>\n<p>Parlamentd\u0259n Oxu.Az-a veril\u0259n m\u0259lumata g\u00f6r\u0259, iclas\u0131n g\u00fcnd\u0259liyin\u0259 12 m\u0259s\u0259l\u0259 daxil edilib.<\/p>\n<p>Bunlar a\u015fa\u011f\u0131dak\u0131lard\u0131r:<\/p>\n<p>Milli M\u0259clisin dekabr\u0131n 11-d\u0259 ke\u00e7iril\u0259c\u0259k n\u00f6vb\u0259ti iclas\u0131nda Az\u0259rbaycan Respublikas\u0131n\u0131n Prezidenti c\u0259nab \u0130lham \u018fliyevin 2020-ci il dekabr\u0131n 12-d\u0259 saat 00:00-dan H\u0259rbi v\u0259ziyy\u0259tin l\u0259\u011fv olunmas\u0131 haqq\u0131nda F\u0259rman\u0131n\u0131n t\u0259sdiq edilm\u0259si bar\u0259d\u0259 Milli M\u0259clisin Q\u0259rar\u0131na bax\u0131lacaq.<br \/>\n\u0130clasda bununla yana\u015f\u0131, Hesablama Palatas\u0131n\u0131n s\u0259drinin t\u0259yin edilm\u0259si bar\u0259d\u0259 m\u0259s\u0259l\u0259 m\u00fczakir\u0259 olunacaq.<\/p>\n<p>Plenar iclasda Az\u0259rbaycan Respublikas\u0131n\u0131n M\u00fclki M\u0259c\u0259ll\u0259sind\u0259 d\u0259yi\u015fiklik edilm\u0259si haqq\u0131nda,<br \/>\n\u201c\u018fman\u0259tl\u0259rin tam s\u0131\u011fortalanmas\u0131 haqq\u0131nda\u201d Az\u0259rbaycan Respublikas\u0131n\u0131n Qanununda d\u0259yi\u015fiklik edilm\u0259si bar\u0259d\u0259;<\/p>\n<p>\u201c\u018fman\u0259tl\u0259rin s\u0131\u011fortalanmas\u0131 haqq\u0131nda\u201d Az\u0259rbaycan Respublikas\u0131n\u0131n Qanununda d\u0259yi\u015fiklik edilm\u0259si bar\u0259d\u0259;<\/p>\n<p>Az\u0259rbaycan Respublikas\u0131n\u0131n \u018fm\u0259k M\u0259c\u0259ll\u0259sind\u0259 d\u0259yi\u015fiklik edilm\u0259si haqq\u0131nda;<\/p>\n<p>\u201cT\u0259hsil haqq\u0131nda\u201d Az\u0259rbaycan Respublikas\u0131n\u0131n Qanununda d\u0259yi\u015fiklik edilm\u0259si bar\u0259d\u0259;<\/p>\n<p>\u201cB\u0259d\u0259n t\u0259rbiy\u0259si v\u0259 idman haqq\u0131nda\u201d, \u201cPe\u015f\u0259 t\u0259hsili haqq\u0131nda\u201d v\u0259 \u201c\u00dcmumi t\u0259hsil haqq\u0131nda\u201d Az\u0259rbaycan Respublikas\u0131n\u0131n qanunlar\u0131nda d\u0259yi\u015fiklik edilm\u0259si bar\u0259d\u0259;<\/p>\n<p>Az\u0259rbaycan Respublikas\u0131n\u0131n G\u00f6mr\u00fck M\u0259c\u0259ll\u0259sind\u0259 d\u0259yi\u015fiklik edilm\u0259si haqq\u0131nda;<\/p>\n<p>Az\u0259rbaycan Respublikas\u0131n\u0131n Vergi M\u0259c\u0259ll\u0259sind\u0259 d\u0259yi\u015fiklik edilm\u0259si haqq\u0131nda;<\/p>\n<p>Az\u0259rbaycan Respublikas\u0131n\u0131n 1996-c\u0131 il 17 may tarixli 74-IQ n\u00f6mr\u0259li Qanunu il\u0259 t\u0259sdiq edilmi\u015f \u201cAz\u0259rbaycan Respublikas\u0131 Milli M\u0259clisinin Daxili Nizamnam\u0259si\u201dnd\u0259 d\u0259yi\u015fiklik edilm\u0259si bar\u0259d\u0259;<\/p>\n<p>\u201cAz\u0259rbaycan Respublikas\u0131 Milli M\u0259clisinin komit\u0259l\u0259ri haqq\u0131nda\u201d Az\u0259rbaycan Respublikas\u0131n\u0131n Qanununda d\u0259yi\u015fiklik edilm\u0259si bar\u0259d\u0259 Az\u0259rbaycan Respublikas\u0131 qanunlar\u0131n\u0131n layih\u0259l\u0259ri birinci oxunu\u015fda m\u00fczakir\u0259y\u0259 \u00e7\u0131xar\u0131lacaq.<\/p>\n","protected":false},"excerpt":{"rendered":"<p>Dekabr\u0131n 11-d\u0259 Milli M\u0259clisin n\u00f6vb\u0259ti plenar iclas\u0131 ke\u00e7iril\u0259c\u0259k. Parlamentd\u0259n Oxu.Az-a veril\u0259n m\u0259lumata g\u00f6r\u0259, iclas\u0131n g\u00fcnd\u0259liyin\u0259 12 m\u0259s\u0259l\u0259 daxil edilib. Bunlar a\u015fa\u011f\u0131dak\u0131lard\u0131r: Milli M\u0259clisin dekabr\u0131n 11-d\u0259 ke\u00e7iril\u0259c\u0259k n\u00f6vb\u0259ti iclas\u0131nda Az\u0259rbaycan Respublikas\u0131n\u0131n Prezidenti c\u0259nab \u0130lham \u018fliyevin 2020-ci il dekabr\u0131n 12-d\u0259 saat 00:00-dan H\u0259rbi v\u0259ziyy\u0259tin l\u0259\u011fv olunmas\u0131 haqq\u0131nda F\u0259rman\u0131n\u0131n t\u0259sdiq edilm\u0259si bar\u0259d\u0259 Milli M\u0259clisin Q\u0259rar\u0131na bax\u0131lacaq. \u0130clasda bununla yana\u015f\u0131, Hesablama Palatas\u0131n\u0131n s\u0259drinin t\u0259yin edilm\u0259si bar\u0259d\u0259 m\u0259s\u0259l\u0259 m\u00fczakir\u0259 olunacaq. Plenar iclasda Az\u0259rbaycan Respublikas\u0131n\u0131n M\u00fclki M\u0259c\u0259ll\u0259sind\u0259 d\u0259yi\u015fiklik edilm\u0259si haqq\u0131nda, \u201c\u018fman\u0259tl\u0259rin tam s\u0131\u011fortalanmas\u0131 haqq\u0131nda\u201d Az\u0259rbaycan Respublikas\u0131n\u0131n Qanununda d\u0259yi\u015fiklik edilm\u0259si bar\u0259d\u0259; \u201c\u018fman\u0259tl\u0259rin s\u0131\u011fortalanmas\u0131 haqq\u0131nda\u201d Az\u0259rbaycan Respublikas\u0131n\u0131n Qanununda&hellip;<\/p>\n","protected":false},"author":2,"featured_media":249229,"comment_status":"closed","ping_status":"closed","sticky":false,"template":"","format":"standard","meta":{"om_disable_all_campaigns":false,"_monsterinsights_skip_tracking":false,"_monsterinsights_sitenote_active":false,"_monsterinsights_sitenote_note":"","_monsterinsights_sitenote_category":0},"categories":[26],"tags":[],"aioseo_notices":[],"gutentor_comment":0,"rttpg_featured_image_url":{"full":["https:\/\/arantv.az\/wp-content\/uploads\/2020\/12\/acfd6049-f3b8-3a07-9855-8ccd004291a9_850.jpg",620,387,false],"landscape":["https:\/\/arantv.az\/wp-content\/uploads\/2020\/12\/acfd6049-f3b8-3a07-9855-8ccd004291a9_850.jpg",620,387,false],"portraits":["https:\/\/arantv.az\/wp-content\/uploads\/2020\/12\/acfd6049-f3b8-3a07-9855-8ccd004291a9_850.jpg",620,387,false],"thumbnail":["https:\/\/arantv.az\/wp-content\/uploads\/2020\/12\/acfd6049-f3b8-3a07-9855-8ccd004291a9_850-150x150.jpg",150,150,true],"medium":["https:\/\/arantv.az\/wp-content\/uploads\/2020\/12\/acfd6049-f3b8-3a07-9855-8ccd004291a9_850-300x187.jpg",300,187,true],"large":["https:\/\/arantv.az\/wp-content\/uploads\/2020\/12\/acfd6049-f3b8-3a07-9855-8ccd004291a9_850.jpg",620,387,false],"1536x1536":["https:\/\/arantv.az\/wp-content\/uploads\/2020\/12\/acfd6049-f3b8-3a07-9855-8ccd004291a9_850.jpg",620,387,false],"2048x2048":["https:\/\/arantv.az\/wp-content\/uploads\/2020\/12\/acfd6049-f3b8-3a07-9855-8ccd004291a9_850.jpg",620,387,false],"post-thumbnail":["https:\/\/arantv.az\/wp-content\/uploads\/2020\/12\/acfd6049-f3b8-3a07-9855-8ccd004291a9_850-240x172.jpg",240,172,true],"advps-thumb-one":["https:\/\/arantv.az\/wp-content\/uploads\/2020\/12\/acfd6049-f3b8-3a07-9855-8ccd004291a9_850.jpg",620,387,false]},"rttpg_author":{"display_name":"V\u00fcsal Rafiqo\u011flu","author_link":"https:\/\/arantv.az\/?author=2"},"rttpg_comment":0,"rttpg_category":"<a href=\"https:\/\/arantv.az\/?cat=26\" rel=\"category\">Sosial<\/a>","rttpg_excerpt":"Dekabr\u0131n 11-d\u0259 Milli M\u0259clisin n\u00f6vb\u0259ti plenar iclas\u0131 ke\u00e7iril\u0259c\u0259k. Parlamentd\u0259n Oxu.Az-a veril\u0259n m\u0259lumata g\u00f6r\u0259, iclas\u0131n g\u00fcnd\u0259liyin\u0259 12 m\u0259s\u0259l\u0259 daxil edilib. Bunlar a\u015fa\u011f\u0131dak\u0131lard\u0131r: Milli M\u0259clisin dekabr\u0131n 11-d\u0259 ke\u00e7iril\u0259c\u0259k n\u00f6vb\u0259ti iclas\u0131nda Az\u0259rbaycan Respublikas\u0131n\u0131n Prezidenti c\u0259nab \u0130lham \u018fliyevin 2020-ci il dekabr\u0131n 12-d\u0259 saat 00:00-dan H\u0259rbi v\u0259ziyy\u0259tin l\u0259\u011fv olunmas\u0131 haqq\u0131nda F\u0259rman\u0131n\u0131n t\u0259sdiq edilm\u0259si bar\u0259d\u0259 Milli M\u0259clisin Q\u0259rar\u0131na bax\u0131lacaq. \u0130clasda bununla&hellip;","_links":{"self":[{"href":"https:\/\/arantv.az\/index.php?rest_route=\/wp\/v2\/posts\/249228"}],"collection":[{"href":"https:\/\/arantv.az\/index.php?rest_route=\/wp\/v2\/posts"}],"about":[{"href":"https:\/\/arantv.az\/index.php?rest_route=\/wp\/v2\/types\/post"}],"author":[{"embeddable":true,"href":"https:\/\/arantv.az\/index.php?rest_route=\/wp\/v2\/users\/2"}],"replies":[{"embeddable":true,"href":"https:\/\/arantv.az\/index.php?rest_route=%2Fwp%2Fv2%2Fcomments&post=249228"}],"version-history":[{"count":0,"href":"https:\/\/arantv.az\/index.php?rest_route=\/wp\/v2\/posts\/249228\/revisions"}],"wp:featuredmedia":[{"embeddable":true,"href":"https:\/\/arantv.az\/index.php?rest_route=\/wp\/v2\/media\/249229"}],"wp:attachment":[{"href":"https:\/\/arantv.az\/index.php?rest_route=%2Fwp%2Fv2%2Fmedia&parent=249228"}],"wp:term":[{"taxonomy":"category","embeddable":true,"href":"https:\/\/arantv.az\/index.php?rest_route=%2Fwp%2Fv2%2Fcategories&post=249228"},{"taxonomy":"post_tag","embeddable":true,"href":"https:\/\/arantv.az\/index.php?rest_route=%2Fwp%2Fv2%2Ftags&post=249228"}],"curies":[{"name":"wp","href":"https:\/\/api.w.org\/{rel}","templated":true}]}}