{"id":249232,"date":"2020-12-07T15:01:30","date_gmt":"2020-12-07T12:01:30","guid":{"rendered":"http:\/\/arantv.az\/?p=249232"},"modified":"2020-12-07T15:01:30","modified_gmt":"2020-12-07T12:01:30","slug":"anar-c%c9%99brayilli-27-il-sonra-isgaldan-azad-olunan-evl%c9%99rin%c9%99-getdi-foto","status":"publish","type":"post","link":"https:\/\/arantv.az\/?p=249232","title":{"rendered":"Anar C\u0259bray\u0131ll\u0131 27 il sonra i\u015f\u011faldan azad olunan evl\u0259rin\u0259 getdi &#8211; FOTO"},"content":{"rendered":"<p>\u201cAz\u0259rsu\u201d ASC-nin M\u0259tbuat xidm\u0259tinin r\u0259hb\u0259ri Anar C\u0259bray\u0131ll\u0131 i\u015f\u011faldan azad olunan C\u0259bray\u0131l rayonunun Balyand k\u0259ndind\u0259ki evl\u0259rind\u0259n indiy\u0259 q\u0259d\u0259r qalan \u0259\u015fyalar\u0131 tap\u0131b.<\/p>\n<p>Bununla ba\u011fl\u0131 A.C\u0259bray\u0131ll\u0131 payla\u015f\u0131m edib.<\/p>\n<div id=\"AdviadNativeVideo0\" class=\"AdviadNativeVideo\"><\/div>\n<p>O, sac v\u0259 s\u0259h\u0259ng tapd\u0131\u011f\u0131n\u0131 bildirib:<\/p>\n<p>\u201c\u0130ki m\u00fcq\u0259dd\u0259s nem\u0259tin &#8211; \u00e7\u00f6r\u0259yin (yuxan\u0131n) bi\u015firildiyi sac v\u0259 suyun da\u015f\u0131n\u0131b saxlan\u0131ld\u0131\u011f\u0131 s\u0259h\u0259ng. 27 il \u0259vv\u0259l k\u0259ndd\u0259 qoyub g\u0259ldiyimiz \u0259\u015fyalardan indiy\u0259 qalan yaln\u0131z bunlard\u0131r. Babalar\u0131m\u0131z \u00e7\u00f6r\u0259y\u0259 v\u0259 suya el\u0259 bel\u0259 and i\u00e7mirl\u0259rmi\u015f. H\u0259r ikisini g\u0259tirib anama verdim\u201d.<\/p>\n<div class=\"gallery\">\n<div class=\"gallery-i\"><img src=\"https:\/\/cdn.oxu.az\/uploads\/W1siZiIsIjIwMjAvMTIvMDcvMTQvNTcvMjEvOWQ4NDk5N2YtM2FjOC00NTIzLWEwYTAtODNmNzMyNzdiMzBmL2EyLmpwZyJdLFsicCIsImVuY29kZSIsImpwZyIsIi1xdWFsaXR5IDgwIl0sWyJwIiwidGh1bWIiLCI1OTB4NTkwXHUwMDNlIl1d?sha=3e9d09eed85828a3\" alt=\"\" \/><\/div>\n<\/div>\n","protected":false},"excerpt":{"rendered":"<p>\u201cAz\u0259rsu\u201d ASC-nin M\u0259tbuat xidm\u0259tinin r\u0259hb\u0259ri Anar C\u0259bray\u0131ll\u0131 i\u015f\u011faldan azad olunan C\u0259bray\u0131l rayonunun Balyand k\u0259ndind\u0259ki evl\u0259rind\u0259n indiy\u0259 q\u0259d\u0259r qalan \u0259\u015fyalar\u0131 tap\u0131b. Bununla ba\u011fl\u0131 A.C\u0259bray\u0131ll\u0131 payla\u015f\u0131m edib. O, sac v\u0259 s\u0259h\u0259ng tapd\u0131\u011f\u0131n\u0131 bildirib: \u201c\u0130ki m\u00fcq\u0259dd\u0259s nem\u0259tin &#8211; \u00e7\u00f6r\u0259yin (yuxan\u0131n) bi\u015firildiyi sac v\u0259 suyun da\u015f\u0131n\u0131b saxlan\u0131ld\u0131\u011f\u0131 s\u0259h\u0259ng. 27 il \u0259vv\u0259l k\u0259ndd\u0259 qoyub g\u0259ldiyimiz \u0259\u015fyalardan indiy\u0259 qalan yaln\u0131z bunlard\u0131r. Babalar\u0131m\u0131z \u00e7\u00f6r\u0259y\u0259 v\u0259 suya el\u0259 bel\u0259 and i\u00e7mirl\u0259rmi\u015f. H\u0259r ikisini g\u0259tirib anama verdim\u201d.<\/p>\n","protected":false},"author":2,"featured_media":249233,"comment_status":"closed","ping_status":"closed","sticky":false,"template":"","format":"standard","meta":{"om_disable_all_campaigns":false,"_monsterinsights_skip_tracking":false,"_monsterinsights_sitenote_active":false,"_monsterinsights_sitenote_note":"","_monsterinsights_sitenote_category":0},"categories":[26],"tags":[],"aioseo_notices":[],"gutentor_comment":0,"rttpg_featured_image_url":{"full":["https:\/\/arantv.az\/wp-content\/uploads\/2020\/12\/a1.jpg",620,387,false],"landscape":["https:\/\/arantv.az\/wp-content\/uploads\/2020\/12\/a1.jpg",620,387,false],"portraits":["https:\/\/arantv.az\/wp-content\/uploads\/2020\/12\/a1.jpg",620,387,false],"thumbnail":["https:\/\/arantv.az\/wp-content\/uploads\/2020\/12\/a1-150x150.jpg",150,150,true],"medium":["https:\/\/arantv.az\/wp-content\/uploads\/2020\/12\/a1-300x187.jpg",300,187,true],"large":["https:\/\/arantv.az\/wp-content\/uploads\/2020\/12\/a1.jpg",620,387,false],"1536x1536":["https:\/\/arantv.az\/wp-content\/uploads\/2020\/12\/a1.jpg",620,387,false],"2048x2048":["https:\/\/arantv.az\/wp-content\/uploads\/2020\/12\/a1.jpg",620,387,false],"post-thumbnail":["https:\/\/arantv.az\/wp-content\/uploads\/2020\/12\/a1-240x172.jpg",240,172,true],"advps-thumb-one":["https:\/\/arantv.az\/wp-content\/uploads\/2020\/12\/a1.jpg",620,387,false]},"rttpg_author":{"display_name":"V\u00fcsal Rafiqo\u011flu","author_link":"https:\/\/arantv.az\/?author=2"},"rttpg_comment":0,"rttpg_category":"<a href=\"https:\/\/arantv.az\/?cat=26\" rel=\"category\">Sosial<\/a>","rttpg_excerpt":"\u201cAz\u0259rsu\u201d ASC-nin M\u0259tbuat xidm\u0259tinin r\u0259hb\u0259ri Anar C\u0259bray\u0131ll\u0131 i\u015f\u011faldan azad olunan C\u0259bray\u0131l rayonunun Balyand k\u0259ndind\u0259ki evl\u0259rind\u0259n indiy\u0259 q\u0259d\u0259r qalan \u0259\u015fyalar\u0131 tap\u0131b. Bununla ba\u011fl\u0131 A.C\u0259bray\u0131ll\u0131 payla\u015f\u0131m edib. O, sac v\u0259 s\u0259h\u0259ng tapd\u0131\u011f\u0131n\u0131 bildirib: \u201c\u0130ki m\u00fcq\u0259dd\u0259s nem\u0259tin &#8211; \u00e7\u00f6r\u0259yin (yuxan\u0131n) bi\u015firildiyi sac v\u0259 suyun da\u015f\u0131n\u0131b saxlan\u0131ld\u0131\u011f\u0131 s\u0259h\u0259ng. 27 il \u0259vv\u0259l k\u0259ndd\u0259 qoyub g\u0259ldiyimiz \u0259\u015fyalardan indiy\u0259 qalan yaln\u0131z bunlard\u0131r.&hellip;","_links":{"self":[{"href":"https:\/\/arantv.az\/index.php?rest_route=\/wp\/v2\/posts\/249232"}],"collection":[{"href":"https:\/\/arantv.az\/index.php?rest_route=\/wp\/v2\/posts"}],"about":[{"href":"https:\/\/arantv.az\/index.php?rest_route=\/wp\/v2\/types\/post"}],"author":[{"embeddable":true,"href":"https:\/\/arantv.az\/index.php?rest_route=\/wp\/v2\/users\/2"}],"replies":[{"embeddable":true,"href":"https:\/\/arantv.az\/index.php?rest_route=%2Fwp%2Fv2%2Fcomments&post=249232"}],"version-history":[{"count":0,"href":"https:\/\/arantv.az\/index.php?rest_route=\/wp\/v2\/posts\/249232\/revisions"}],"wp:featuredmedia":[{"embeddable":true,"href":"https:\/\/arantv.az\/index.php?rest_route=\/wp\/v2\/media\/249233"}],"wp:attachment":[{"href":"https:\/\/arantv.az\/index.php?rest_route=%2Fwp%2Fv2%2Fmedia&parent=249232"}],"wp:term":[{"taxonomy":"category","embeddable":true,"href":"https:\/\/arantv.az\/index.php?rest_route=%2Fwp%2Fv2%2Fcategories&post=249232"},{"taxonomy":"post_tag","embeddable":true,"href":"https:\/\/arantv.az\/index.php?rest_route=%2Fwp%2Fv2%2Ftags&post=249232"}],"curies":[{"name":"wp","href":"https:\/\/api.w.org\/{rel}","templated":true}]}}