{"id":249236,"date":"2020-12-07T15:02:07","date_gmt":"2020-12-07T12:02:07","guid":{"rendered":"http:\/\/arantv.az\/?p=249236"},"modified":"2020-12-07T15:02:07","modified_gmt":"2020-12-07T12:02:07","slug":"ilham-%c9%99liyev-azad-olunan-%c9%99razil%c9%99rd%c9%99-quruculuq-isl%c9%99rin%c9%99-dost-dovl%c9%99tl%c9%99rin-sirk%c9%99tl%c9%99ri-d%c9%99v%c9%99t-edilib","status":"publish","type":"post","link":"https:\/\/arantv.az\/?p=249236","title":{"rendered":"\u0130lham \u018fliyev: \u201cAzad olunan \u0259razil\u0259rd\u0259 quruculuq i\u015fl\u0259rin\u0259 dost d\u00f6vl\u0259tl\u0259rin \u015firk\u0259tl\u0259ri d\u0259v\u0259t edilib\u201d"},"content":{"rendered":"<p>\u0130\u015f\u011faldan azad edilmi\u015f \u0259razil\u0259rd\u0259 geni\u015fmiqyasl\u0131 quruculuq i\u015fl\u0259rind\u0259 i\u015ftirak etm\u0259k \u00fczr\u0259 dost d\u00f6vl\u0259tl\u0259rin \u015firk\u0259tl\u0259ri art\u0131q d\u0259v\u0259t edilib.<\/p>\n<p>Bunu Az\u0259rbaycan Respublikas\u0131n\u0131n Prezidenti \u0130lham \u018fliyev dekabr\u0131n 7-d\u0259 \u0130taliya Deputatlar Palatas\u0131n\u0131n s\u0259dr m\u00fcavini Ettore Rosatonun ba\u015f\u00e7\u0131l\u0131q etdiyi n\u00fcmay\u0259nd\u0259 hey\u0259tini q\u0259bul ed\u0259rk\u0259n deyib.<\/p>\n<p>\u0130\u015f\u011fal edilmi\u015f \u0259razil\u0259rimiz u\u011frunda apar\u0131lan h\u0259rbi \u0259m\u0259liyyatlar v\u0259 onlar\u0131n n\u0259tic\u0259l\u0259rind\u0259n dan\u0131\u015fan d\u00f6vl\u0259t ba\u015f\u00e7\u0131s\u0131 bildirib ki, indi Az\u0259rbaycanda b\u0259rpa d\u00f6vr\u00fc ba\u015flay\u0131b, geni\u015fmiqyasl\u0131 quruculuq i\u015fl\u0259ri apar\u0131lacaq:<\/p>\n<div id=\"AdviadNativeVideo0\" class=\"AdviadNativeVideo\"><\/div>\n<p>\u201c\u0130lk n\u00f6vb\u0259d\u0259 Az\u0259rbaycan \u015firk\u0259tl\u0259ri bu i\u015fl\u0259rd\u0259 i\u015ftirak ed\u0259c\u0259k v\u0259 bizim \u00fc\u00e7\u00fcn dost olan \u00f6lk\u0259l\u0259rin \u015firk\u0259tl\u0259rini d\u0259 biz d\u0259v\u0259t ed\u0259c\u0259yik, daha do\u011frusu art\u0131q d\u0259v\u0259t etmi\u015fik. M\u0259n \u00e7ox ist\u0259rdim ki, \u0130taliya \u015firk\u0259tl\u0259ri d\u0259 b\u0259rpa, rekonstruksiya v\u0259 yenid\u0259nqurma i\u015fl\u0259rind\u0259 f\u0259al i\u015ftirak etsinl\u0259r. \u0130taliy\u0259 t\u0259r\u0259fin\u0259 art\u0131q bu t\u0259klifl\u0259r edildi. Yax\u0131n g\u00fcnl\u0259rd\u0259 videokonfrans vasit\u0259sil\u0259 ilkin t\u0259maslar olacaq. Dost \u00f6lk\u0259l\u0259rin \u015firk\u0259tl\u0259ri bu i\u015fl\u0259rd\u0259 i\u015ftirak ed\u0259c\u0259kl\u0259r\u201d.<\/p>\n<p>Prezident \u0130lham \u018fliyev diqq\u0259t\u0259 \u00e7atd\u0131r\u0131b ki, \u0130taliya Az\u0259rbaycan\u0131n birinci ticar\u0259t t\u0259r\u0259fda\u015f\u0131d\u0131r v\u0259\u00a0\u00f6t\u0259n il \u00f6lk\u0259 il\u0259 ticar\u0259t d\u00f6vriyy\u0259mizin h\u0259cmi 6 milyard dollara \u00e7at\u0131b:<\/p>\n<p>\u201cBunun b\u00f6y\u00fck hiss\u0259si enerji resurslar\u0131 aiddir. Hesab edir\u0259m ki, g\u0259l\u0259c\u0259k ill\u0259rd\u0259 qeyri-neft sektoru da iki \u00f6lk\u0259 aras\u0131nda x\u00fcsusi \u00e7\u0259kiy\u0259 malik olacaq. Energetika sektoruna g\u0259ldikd\u0259, bildiyiniz kimi yax\u0131n g\u0259l\u0259c\u0259kd\u0259 TAP layih\u0259si istismara veril\u0259c\u0259k. Bu \u015f\u00fcbh\u0259siz ki, \u0130taliy\u0259 il\u0259 Az\u0259rbaycan \u0259laq\u0259l\u0259rini daha da m\u00f6hk\u0259ml\u0259ndir\u0259c\u0259k\u201d.<\/p>\n","protected":false},"excerpt":{"rendered":"<p>\u0130\u015f\u011faldan azad edilmi\u015f \u0259razil\u0259rd\u0259 geni\u015fmiqyasl\u0131 quruculuq i\u015fl\u0259rind\u0259 i\u015ftirak etm\u0259k \u00fczr\u0259 dost d\u00f6vl\u0259tl\u0259rin \u015firk\u0259tl\u0259ri art\u0131q d\u0259v\u0259t edilib. Bunu Az\u0259rbaycan Respublikas\u0131n\u0131n Prezidenti \u0130lham \u018fliyev dekabr\u0131n 7-d\u0259 \u0130taliya Deputatlar Palatas\u0131n\u0131n s\u0259dr m\u00fcavini Ettore Rosatonun ba\u015f\u00e7\u0131l\u0131q etdiyi n\u00fcmay\u0259nd\u0259 hey\u0259tini q\u0259bul ed\u0259rk\u0259n deyib. \u0130\u015f\u011fal edilmi\u015f \u0259razil\u0259rimiz u\u011frunda apar\u0131lan h\u0259rbi \u0259m\u0259liyyatlar v\u0259 onlar\u0131n n\u0259tic\u0259l\u0259rind\u0259n dan\u0131\u015fan d\u00f6vl\u0259t ba\u015f\u00e7\u0131s\u0131 bildirib ki, indi Az\u0259rbaycanda b\u0259rpa d\u00f6vr\u00fc ba\u015flay\u0131b, geni\u015fmiqyasl\u0131 quruculuq i\u015fl\u0259ri apar\u0131lacaq: \u201c\u0130lk n\u00f6vb\u0259d\u0259 Az\u0259rbaycan \u015firk\u0259tl\u0259ri bu i\u015fl\u0259rd\u0259 i\u015ftirak ed\u0259c\u0259k v\u0259 bizim \u00fc\u00e7\u00fcn dost olan \u00f6lk\u0259l\u0259rin \u015firk\u0259tl\u0259rini d\u0259 biz d\u0259v\u0259t ed\u0259c\u0259yik, daha do\u011frusu art\u0131q d\u0259v\u0259t etmi\u015fik. M\u0259n \u00e7ox ist\u0259rdim ki,&hellip;<\/p>\n","protected":false},"author":2,"featured_media":249237,"comment_status":"closed","ping_status":"closed","sticky":false,"template":"","format":"standard","meta":{"om_disable_all_campaigns":false,"_monsterinsights_skip_tracking":false,"_monsterinsights_sitenote_active":false,"_monsterinsights_sitenote_note":"","_monsterinsights_sitenote_category":0},"categories":[19],"tags":[],"aioseo_notices":[],"gutentor_comment":0,"rttpg_featured_image_url":{"full":["https:\/\/arantv.az\/wp-content\/uploads\/2020\/12\/ilham-aliyev.jpg",598,465,false],"landscape":["https:\/\/arantv.az\/wp-content\/uploads\/2020\/12\/ilham-aliyev.jpg",598,465,false],"portraits":["https:\/\/arantv.az\/wp-content\/uploads\/2020\/12\/ilham-aliyev.jpg",598,465,false],"thumbnail":["https:\/\/arantv.az\/wp-content\/uploads\/2020\/12\/ilham-aliyev-150x150.jpg",150,150,true],"medium":["https:\/\/arantv.az\/wp-content\/uploads\/2020\/12\/ilham-aliyev-300x233.jpg",300,233,true],"large":["https:\/\/arantv.az\/wp-content\/uploads\/2020\/12\/ilham-aliyev.jpg",598,465,false],"1536x1536":["https:\/\/arantv.az\/wp-content\/uploads\/2020\/12\/ilham-aliyev.jpg",598,465,false],"2048x2048":["https:\/\/arantv.az\/wp-content\/uploads\/2020\/12\/ilham-aliyev.jpg",598,465,false],"post-thumbnail":["https:\/\/arantv.az\/wp-content\/uploads\/2020\/12\/ilham-aliyev-240x172.jpg",240,172,true],"advps-thumb-one":["https:\/\/arantv.az\/wp-content\/uploads\/2020\/12\/ilham-aliyev.jpg",598,465,false]},"rttpg_author":{"display_name":"V\u00fcsal Rafiqo\u011flu","author_link":"https:\/\/arantv.az\/?author=2"},"rttpg_comment":0,"rttpg_category":"<a href=\"https:\/\/arantv.az\/?cat=19\" rel=\"category\">G\u00fcnd\u0259m<\/a>","rttpg_excerpt":"\u0130\u015f\u011faldan azad edilmi\u015f \u0259razil\u0259rd\u0259 geni\u015fmiqyasl\u0131 quruculuq i\u015fl\u0259rind\u0259 i\u015ftirak etm\u0259k \u00fczr\u0259 dost d\u00f6vl\u0259tl\u0259rin \u015firk\u0259tl\u0259ri art\u0131q d\u0259v\u0259t edilib. Bunu Az\u0259rbaycan Respublikas\u0131n\u0131n Prezidenti \u0130lham \u018fliyev dekabr\u0131n 7-d\u0259 \u0130taliya Deputatlar Palatas\u0131n\u0131n s\u0259dr m\u00fcavini Ettore Rosatonun ba\u015f\u00e7\u0131l\u0131q etdiyi n\u00fcmay\u0259nd\u0259 hey\u0259tini q\u0259bul ed\u0259rk\u0259n deyib. \u0130\u015f\u011fal edilmi\u015f \u0259razil\u0259rimiz u\u011frunda apar\u0131lan h\u0259rbi \u0259m\u0259liyyatlar v\u0259 onlar\u0131n n\u0259tic\u0259l\u0259rind\u0259n dan\u0131\u015fan d\u00f6vl\u0259t ba\u015f\u00e7\u0131s\u0131 bildirib ki, indi Az\u0259rbaycanda&hellip;","_links":{"self":[{"href":"https:\/\/arantv.az\/index.php?rest_route=\/wp\/v2\/posts\/249236"}],"collection":[{"href":"https:\/\/arantv.az\/index.php?rest_route=\/wp\/v2\/posts"}],"about":[{"href":"https:\/\/arantv.az\/index.php?rest_route=\/wp\/v2\/types\/post"}],"author":[{"embeddable":true,"href":"https:\/\/arantv.az\/index.php?rest_route=\/wp\/v2\/users\/2"}],"replies":[{"embeddable":true,"href":"https:\/\/arantv.az\/index.php?rest_route=%2Fwp%2Fv2%2Fcomments&post=249236"}],"version-history":[{"count":0,"href":"https:\/\/arantv.az\/index.php?rest_route=\/wp\/v2\/posts\/249236\/revisions"}],"wp:featuredmedia":[{"embeddable":true,"href":"https:\/\/arantv.az\/index.php?rest_route=\/wp\/v2\/media\/249237"}],"wp:attachment":[{"href":"https:\/\/arantv.az\/index.php?rest_route=%2Fwp%2Fv2%2Fmedia&parent=249236"}],"wp:term":[{"taxonomy":"category","embeddable":true,"href":"https:\/\/arantv.az\/index.php?rest_route=%2Fwp%2Fv2%2Fcategories&post=249236"},{"taxonomy":"post_tag","embeddable":true,"href":"https:\/\/arantv.az\/index.php?rest_route=%2Fwp%2Fv2%2Ftags&post=249236"}],"curies":[{"name":"wp","href":"https:\/\/api.w.org\/{rel}","templated":true}]}}