{"id":249244,"date":"2020-12-07T15:03:45","date_gmt":"2020-12-07T12:03:45","guid":{"rendered":"http:\/\/arantv.az\/?p=249244"},"modified":"2020-12-07T15:03:45","modified_gmt":"2020-12-07T12:03:45","slug":"ilham-%c9%99liyev-italiya-deputatlar-palatasinin-s%c9%99dr-muavini-il%c9%99-gorusdu-yenil%c9%99nib-foto-video","status":"publish","type":"post","link":"https:\/\/arantv.az\/?p=249244","title":{"rendered":"\u0130lham \u018fliyev \u0130taliya Deputatlar Palatas\u0131n\u0131n s\u0259dr m\u00fcavini il\u0259 g\u00f6r\u00fc\u015fd\u00fc &#8211; YEN\u0130L\u018fN\u0130B + FOTO\/V\u0130DEO"},"content":{"rendered":"<p>Az\u0259rbaycan Respublikas\u0131n\u0131n Prezidenti \u0130lham \u018fliyev dekabr\u0131n 7-d\u0259 \u0130taliya Deputatlar Palatas\u0131n\u0131n s\u0259dr m\u00fcavini Ettore Rosatonun ba\u015f\u00e7\u0131l\u0131q etdiyi n\u00fcmay\u0259nd\u0259 hey\u0259tini q\u0259bul edib.<\/p>\n<p><strong>ARANTV.AZ\u00a0<\/strong> x\u0259b\u0259r verir ki, qonaqlar\u0131 salamlayan\u00a0<strong>Prezident \u0130lham \u018fliyev<\/strong>\u00a0deyib:<\/p>\n<p>\u201cXo\u015f g\u0259lmisiniz. M\u0259n sizi \u00fcr\u0259kd\u0259n salamlay\u0131ram. \u015eadam ki, siz Az\u0259rbaycana s\u0259f\u0259r edirsiniz. M\u00fcharib\u0259d\u0259n sonra Az\u0259rbaycana s\u0259f\u0259r ed\u0259n ilk Avropa n\u00fcmay\u0259nd\u0259 hey\u0259tisiniz. Y\u0259qin ki, bu, t\u0259sad\u00fcfi deyil, \u00e7\u00fcnki \u0130taliya il\u0259 Az\u0259rbaycan aras\u0131ndak\u0131 \u0259laq\u0259l\u0259r \u00e7ox s\u00fcr\u0259tl\u0259 inki\u015faf edir v\u0259 bu g\u00fcn \u0259n y\u00fcks\u0259k s\u0259viyy\u0259d\u0259dir. Hesab edir\u0259m ki, siyasi \u0259laq\u0259l\u0259r \u0259n y\u00fcks\u0259k s\u0259viyy\u0259d\u0259dir. M\u0259nim bu ilin \u0259vv\u0259lind\u0259 \u0130taliyaya etdiyim d\u00f6vl\u0259t s\u0259f\u0259ri bunun bariz n\u00fcmun\u0259sidir. S\u0259f\u0259r zaman\u0131 bir \u00e7ox \u00f6n\u0259mli s\u0259n\u0259dl\u0259r imzalanm\u0131\u015fd\u0131r. Onlar\u0131n aras\u0131nda \u00c7ox\u00f6l\u00e7\u00fcl\u00fc Strateji T\u0259r\u0259fda\u015fl\u0131q haqq\u0131nda s\u0259n\u0259d x\u00fcsusi yer tutur. Bu s\u0259n\u0259d bizim strateji t\u0259r\u0259fda\u015fl\u0131\u011f\u0131m\u0131z\u0131 bir daha t\u0259sdiql\u0259di. S\u0259f\u0259r zaman\u0131 h\u0259m Prezident, h\u0259m Ba\u015f nazirl\u0259 g\u00f6r\u00fc\u015fl\u0259rim \u0259snas\u0131nda bir \u00e7ox \u00f6n\u0259mli m\u0259s\u0259l\u0259l\u0259r m\u00fczakir\u0259 olundu. Eyni zamanda, Senat\u0131n v\u0259 N\u00fcmay\u0259nd\u0259l\u0259r Palatas\u0131n\u0131n r\u0259hb\u0259rl\u0259ri il\u0259 m\u0259nim g\u00f6r\u00fc\u015fl\u0259rim d\u0259 \u00e7ox g\u00f6z\u0259l ke\u00e7di.<\/p>\n<div id=\"AdviadNativeVideo0\" class=\"AdviadNativeVideo\">\n<div class=\"adviad-inboard sm-screen\">\n<div class=\"adviad-ui-components-label\"><\/div>\n<div id=\"teads0\" class=\"adviad-player\">Bildiyiniz kimi, iki il bundan \u0259vv\u0259l \u0130taliya Prezidenti c\u0259nab Mattarella Az\u0259rbaycanda r\u0259smi s\u0259f\u0259rd\u0259 idi. Bu s\u0259f\u0259rl\u0259r ikit\u0259r\u0259fli \u0259laq\u0259l\u0259rimizin \u00e7ox m\u00f6hk\u0259m z\u0259mind\u0259 olmas\u0131n\u0131 g\u00f6st\u0259rir. Bu g\u00fcn \u0130taliya-Az\u0259rbaycan \u0259laq\u0259l\u0259ri h\u0259m siyasi, h\u0259m iqtisadi, h\u0259m b\u00fct\u00fcn ba\u015fqa sah\u0259l\u0259rd\u0259 \u00e7ox u\u011furla inki\u015faf edir. Siz d\u0259 bilirsiniz ki, \u0130taliya Az\u0259rbaycan\u0131n birinci ticar\u0259t t\u0259r\u0259fda\u015f\u0131d\u0131r. Ke\u00e7\u0259n il ticar\u0259t d\u00f6vriyy\u0259miz 6 milyard dollara \u00e7atm\u0131\u015fd\u0131r. Bunun b\u00f6y\u00fck hiss\u0259si enerji resurslar\u0131na aiddir. Amma m\u0259n hesab edir\u0259m ki, g\u0259l\u0259c\u0259k ill\u0259rd\u0259 qeyri-neft sektoru da bizim aram\u0131zda x\u00fcsusi \u00e7\u0259kiy\u0259 malik olacaq. Energetika sektoruna g\u0259ldikd\u0259, bildiyiniz kimi, yax\u0131n g\u0259l\u0259c\u0259kd\u0259 TAP layih\u0259si istismara veril\u0259c\u0259k v\u0259 \u015f\u00fcbh\u0259siz ki, bu, \u0130taliya-Az\u0259rbaycan \u0259laq\u0259l\u0259rini daha da m\u00f6hk\u0259ml\u0259ndir\u0259c\u0259k.<\/div>\n<\/div>\n<\/div>\n<p>Bizim humanitar sah\u0259 il\u0259 ba\u011fl\u0131 da b\u00f6y\u00fck planlar\u0131m\u0131z var v\u0259 art\u0131q bir \u00e7ox realla\u015fan layih\u0259l\u0259rimiz var. \u0130taliyaya d\u00f6vl\u0259t s\u0259f\u0259rim \u00e7\u0259r\u00e7iv\u0259sind\u0259, eyni zamanda, t\u0259hsil sah\u0259sind\u0259 \u0259m\u0259kda\u015fl\u0131q m\u00fczakir\u0259 olundu. \u0130taliya-Az\u0259rbaycan Universitetinin yarad\u0131lmas\u0131 il\u0259 ba\u011fl\u0131 raz\u0131l\u0131\u011fa g\u0259lmi\u015fik. Bak\u0131ya qay\u0131dandan sonra m\u0259nim t\u0259r\u0259fimd\u0259n bu m\u0259s\u0259l\u0259 il\u0259 ba\u011fl\u0131 m\u00fcvafiq g\u00f6st\u0259ri\u015fl\u0259r verilmi\u015fdir. Hesab edir\u0259m ki, yax\u0131n g\u0259l\u0259c\u0259kd\u0259 universitet \u00fc\u00e7\u00fcn bina da in\u015fa edil\u0259c\u0259k. M\u0259n bu m\u0259s\u0259l\u0259ni diqq\u0259timd\u0259 saxlay\u0131ram v\u0259 m\u0259n\u0259 m\u00fcnt\u0259z\u0259m olaraq bu m\u0259s\u0259l\u0259 il\u0259 ba\u011fl\u0131 m\u0259lumatlar verilir. Onu da bildirm\u0259liy\u0259m ki, m\u0259n\u0259 veril\u0259n m\u0259lumat \u0259sas\u0131nda orada bir ne\u00e7\u0259 fak\u00fclt\u0259 f\u0259aliyy\u0259t g\u00f6st\u0259r\u0259c\u0259k. O siyah\u0131ya baxanda g\u00f6rd\u00fcm ki, orada memarl\u0131q fak\u00fclt\u0259si yoxdur v\u0259 t\u0259klif etdim ki, bu da \u0259lav\u0259 olunsun. \u00c7\u00fcnki \u0130taliya memarl\u0131\u011f\u0131 \u00fcmumb\u0259\u015f\u0259ri d\u0259y\u0259rdir v\u0259 \u00f6lk\u0259mizd\u0259 geni\u015f v\u00fcs\u0259t alm\u0131\u015f tikinti sektorunun \u0259lb\u0259tt\u0259 ki, m\u00fcasir g\u00f6rk\u0259mi olmal\u0131d\u0131r. \u018flb\u0259tt\u0259, \u0130taliya-Az\u0259rbaycan Universitetind\u0259 t\u0259hsil alacaq g\u0259ncl\u0259r iki \u00f6lk\u0259 aras\u0131ndak\u0131 \u0259laq\u0259l\u0259r\u0259 x\u00fcsusi t\u00f6hf\u0259 ver\u0259c\u0259kl\u0259r.<\/p>\n<p>M\u0259n, eyni zamanda, siz\u0259 t\u0259\u015f\u0259kk\u00fcr\u00fcm\u00fc bildirm\u0259k ist\u0259yir\u0259m ki, siz h\u0259m G\u0259nc\u0259y\u0259, h\u0259m A\u011fdama s\u0259f\u0259r etmisiniz, Erm\u0259nistan d\u00f6vl\u0259tinin t\u00f6r\u0259tdiyi h\u0259rbi cinay\u0259tl\u0259ri g\u00f6rm\u00fcs\u00fcn\u00fcz. Erm\u0259nistan t\u0259r\u0259find\u0259n t\u00f6r\u0259dilmi\u015f h\u0259rbi cinay\u0259tl\u0259r g\u00f6z qaba\u011f\u0131ndad\u0131r. D\u00f6y\u00fc\u015f meydan\u0131nda m\u0259\u011flubiyy\u0259t\u0259 u\u011frayark\u0259n Erm\u0259nistan m\u00fclki v\u0259t\u0259nda\u015flar\u0131 at\u0259\u015f\u0259 tutub. G\u0259nc\u0259ni Erm\u0259nistan \u0259razisind\u0259n ballistik raketl\u0259rl\u0259 at\u0259\u015f\u0259 tutmu\u015fdur. Bu, h\u0259rbi cinay\u0259tdir v\u0259 bu cinay\u0259t\u0259 g\u00f6r\u0259 Erm\u0259nistan r\u0259hb\u0259rliyi cavab ver\u0259c\u0259k. M\u00fcharib\u0259 zaman\u0131 94 m\u00fclki \u015f\u0259xs h\u0259lak olmu\u015fdur, 400-d\u0259n \u00e7ox yaralanm\u0131\u015fd\u0131r. Ballistik raketl\u0259rl\u0259 bu z\u0259rb\u0259 t\u0259sad\u00fcfi xarakter da\u015f\u0131m\u0131rd\u0131, m\u0259qs\u0259dy\u00f6nl\u00fc \u015f\u0259kild\u0259 m\u0259hz m\u00fclki v\u0259t\u0259nda\u015flar\u0131n ya\u015fad\u0131\u011f\u0131 m\u0259kana gec\u0259 vaxt\u0131 istiqam\u0259tl\u0259ndirilmi\u015fdir ki, daha \u00e7ox qurbanlar olsun. A\u011fdam \u015f\u0259h\u0259rini d\u0259 g\u00f6rd\u00fcn\u00fcz. Daha do\u011frusu, art\u0131q \u015f\u0259h\u0259rd\u0259n bir \u015fey qalmay\u0131b, orada b\u00fct\u00fcn binalar da\u011f\u0131d\u0131l\u0131b. Bu, Erm\u0259nistan fa\u015fizminin eyb\u0259c\u0259r sif\u0259tini g\u00f6st\u0259r\u0259n cinay\u0259tdir. Onlar hesab edirdil\u0259r ki, az\u0259rbaycanl\u0131lar bu torpaqlara he\u00e7 vaxt qay\u0131tmayacaqlar. Amma biz qay\u0131tm\u0131\u015f\u0131q, d\u00f6y\u00fc\u015f\u0259-d\u00f6y\u00fc\u015f\u0259 onlar\u0131 torpaqlar\u0131m\u0131zdan qovduq. Onlar bizim qaba\u011f\u0131m\u0131zda diz \u00e7\u00f6kd\u00fcl\u0259r.<\/p>\n<p>\u0130ndi \u00f6lk\u0259mizin yeni d\u00f6vr\u00fc ba\u015flay\u0131r, biz b\u00fct\u00fcn o b\u00f6lg\u0259l\u0259ri yenid\u0259n quraca\u011f\u0131q. Art\u0131q ilkin add\u0131mlar at\u0131l\u0131r, ilkin infrastruktur layih\u0259l\u0259rin\u0259 start verilib. Amma dem\u0259k olar ki, A\u011fdamda g\u00f6rd\u00fcy\u00fcn\u00fcz m\u0259nz\u0259r\u0259 azad edilmi\u015f b\u00fct\u00fcn torpaqlarda m\u00fc\u015fahid\u0259 olunur. F\u00fczuli \u015f\u0259h\u0259rind\u0259 d\u0259 bir d\u0259n\u0259 salamat bina qalmay\u0131b, C\u0259bray\u0131l \u015f\u0259h\u0259rind\u0259 d\u0259. Z\u0259ngilan, Qubadl\u0131 eyni v\u0259ziyy\u0259td\u0259dir. K\u0259lb\u0259c\u0259r v\u0259 La\u00e7\u0131n rayonlar\u0131nda Erm\u0259nistan d\u00f6vl\u0259ti qanunsuz m\u0259skunla\u015fma siyas\u0259ti aparm\u0131\u015fd\u0131r. Bu da h\u0259rbi cinay\u0259t say\u0131l\u0131r, Cenevr\u0259 Konvensiyalar\u0131na zidd olan bir add\u0131md\u0131r. Ona g\u00f6r\u0259 bu rayonlarda b\u0259zi ya\u015fay\u0131\u015f m\u0259nt\u0259q\u0259l\u0259rind\u0259 b\u0259zi evl\u0259r qal\u0131b. Orada erm\u0259nil\u0259r ya\u015fay\u0131rd\u0131lar. Ancaq noyabr\u0131n 10-dan dekabr\u0131n 1-n\u0259 q\u0259d\u0259r &#8211; o vaxt \u00e7\u0259r\u00e7iv\u0259sind\u0259 onlar bu b\u00f6lg\u0259l\u0259ri t\u0259rk etm\u0259li idil\u0259r &#8211; onlar orada da v\u0259h\u015filik t\u00f6r\u0259tdil\u0259r, evl\u0259ri yand\u0131rd\u0131lar, s\u00f6kd\u00fcl\u0259r. Halbuki o evl\u0259ri onlar yox, o vaxta q\u0259d\u0259r &#8211; 30 il bundan \u0259vv\u0259l orada ya\u015fam\u0131\u015f az\u0259rbaycanl\u0131lar tikmi\u015fdil\u0259r. Me\u015f\u0259l\u0259ri yand\u0131rd\u0131lar, a\u011faclar\u0131 k\u0259sdil\u0259r, y\u0259ni, d\u00fcnyan\u0131n g\u00f6z\u00fc qar\u015f\u0131s\u0131nda v\u0259h\u015filik t\u00f6r\u0259tdil\u0259r. Beyn\u0259lxalq media qurumlar\u0131 da bu bar\u0259d\u0259 reportajlar haz\u0131rlay\u0131b m\u0259tbuata vermi\u015fl\u0259r. B\u00fct\u00fcn d\u00fcnya indi g\u00f6rd\u00fc ki, Az\u0259rbaycan hans\u0131 vandallarla \u00fcz-\u00fcz\u0259 qalm\u0131\u015fd\u0131r v\u0259 bu vandallara qar\u015f\u0131 t\u0259kba\u015f\u0131na m\u00fcharib\u0259 apararaq \u00f6z \u0259razi b\u00fct\u00f6vl\u00fcy\u00fcn\u00fc b\u0259rpa etmi\u015fdir.<\/p>\n<p>\u0130ndi b\u0259rpa d\u00f6vr\u00fc ba\u015flay\u0131r, geni\u015fmiqyasl\u0131 quruculuq i\u015fl\u0259ri apar\u0131lacaq. \u018flb\u0259tt\u0259 ki, Az\u0259rbaycan \u015firk\u0259tl\u0259ri, ilk n\u00f6vb\u0259d\u0259, bu i\u015fl\u0259rd\u0259 i\u015ftirak ed\u0259c\u0259k v\u0259 bizim \u00fc\u00e7\u00fcn dost olan \u00f6lk\u0259l\u0259rin \u015firk\u0259tl\u0259rini d\u0259 biz d\u0259v\u0259t ed\u0259c\u0259yik, daha do\u011frusu, art\u0131q d\u0259v\u0259t etmi\u015fik. M\u0259n \u00e7ox ist\u0259rdim ki, \u0130taliya \u015firk\u0259tl\u0259ri bu i\u015fl\u0259rd\u0259, y\u0259ni, b\u0259rpa, yenid\u0259nqurma i\u015fl\u0259rind\u0259 f\u0259al i\u015ftirak etsinl\u0259r. \u0130taliya t\u0259r\u0259fin\u0259 art\u0131q bu t\u0259klifl\u0259r verildi. Yax\u0131n g\u00fcnl\u0259rd\u0259 videokonfrans vasit\u0259sil\u0259 ilkin t\u0259maslar olacaq. \u018flb\u0259tt\u0259, bir daha dem\u0259k ist\u0259yir\u0259m ki, dost \u00f6lk\u0259l\u0259rin \u015firk\u0259tl\u0259ri bu i\u015fl\u0259rd\u0259 i\u015ftirak ed\u0259c\u0259kl\u0259r. \u018fsl dostluq is\u0259 \u00f6z\u00fcn\u00fc \u00e7\u0259tin anlarda b\u00fcruz\u0259 verir. Bizim \u00fc\u00e7\u00fcn d\u0259 bu m\u00fcharib\u0259, eyni zamanda, onu g\u00f6st\u0259rdi ki, Az\u0259rbaycan\u0131n \u0259sl dostlar\u0131 kiml\u0259rdir, hans\u0131 \u00f6lk\u0259l\u0259rdir. Biz dostlu\u011fu qiym\u0259tl\u0259ndir\u0259n xalq\u0131q. Sizin Az\u0259rbaycana s\u0259f\u0259riniz bir daha onu g\u00f6st\u0259rir ki, \u0130taliya do\u011frudan da Az\u0259rbaycan\u0131n \u0259sl dostudur. Bir daha xo\u015f g\u0259lmisiniz\u201d.<\/p>\n<p>\u0130taliya Deputatlar Palatas\u0131n\u0131n s\u0259dr m\u00fcavini\u00a0<strong>Ettore Rosato<\/strong>\u00a0deyib:<\/p>\n<p>&#8211; C\u0259nab Prezident, bizi q\u0259bul etdiyiniz\u0259 g\u00f6r\u0259 sa\u011f olun. Sizin \u00f6lk\u0259niz \u00fc\u00e7\u00fcn olduqca x\u00fcsusi \u0259h\u0259miyy\u0259t k\u0259sb ed\u0259n bel\u0259 bir d\u00f6vrd\u0259 burada olmaqdan m\u0259mnunluq hissi duyuruq. Buna g\u00f6r\u0259 d\u0259 Siz\u0259 olan dostluq hissl\u0259rimizi ifad\u0259 etm\u0259k \u00fc\u00e7\u00fcn \u0259slind\u0259 bu s\u0259f\u0259r\u0259 \u00e7oxdan haz\u0131rla\u015f\u0131rd\u0131q. Dedik ki, bel\u0259 bir \u0259h\u0259miyy\u0259tli d\u00f6vrd\u0259 biz m\u00fctl\u0259q Sizin \u00f6lk\u0259niz\u0259 g\u0259lm\u0259liyik. Zati-alil\u0259ri, Sizin d\u0259 s\u00f6yl\u0259diyiniz kimi, bizim aram\u0131zdak\u0131 dostluq, onun \u0259lam\u0259tl\u0259ri son ill\u0259rd\u0259 x\u00fcsusi olaraq \u00f6z t\u0259zah\u00fcr\u00fcn\u00fc tap\u0131b. \u018fslind\u0259 \u00f6lk\u0259l\u0259rimiz aras\u0131ndak\u0131 s\u0259f\u0259rl\u0259r\u0259 g\u0259ldikd\u0259, bu s\u0259f\u0259rl\u0259r \u00e7ox y\u00fcks\u0259k s\u0259viyy\u0259d\u0259 t\u0259\u015fkil olunmu\u015fdur. \u0130taliya Respublikas\u0131 Prezidentinin Sizin \u00f6lk\u0259niz\u0259 r\u0259smi s\u0259f\u0259ri m\u00fcnasib\u0259tl\u0259rimizin inki\u015faf\u0131nda \u00e7ox m\u00fch\u00fcm bir add\u0131ma \u00e7evrildi. Sizin d\u0259 Romaya etdiyiniz d\u00f6vl\u0259t s\u0259f\u0259ri d\u0259 bizim t\u0259r\u0259fimizd\u0259n strateji \u0259h\u0259miyy\u0259t k\u0259sb ed\u0259n bir hadis\u0259 kimi q\u0259bul olunur. Biz d\u0259 Siz\u0259 dost olaraq bilirik ki, s\u0259f\u0259r \u00e7\u0259r\u00e7iv\u0259sind\u0259 bir \u00e7ox raz\u0131la\u015fmalar v\u0259 x\u00fcsus\u0259n d\u0259, strateji t\u0259r\u0259fda\u015fl\u0131q haqq\u0131nda m\u00fch\u00fcm s\u0259n\u0259d imzalan\u0131b. \u018fslind\u0259, bunlar el\u0259 sazi\u015fl\u0259rdir ki, onlarda \u00e7ox konkret \u00f6hd\u0259likl\u0259r v\u0259 olduqca vacib mahiyy\u0259t \u0259ks olunubdur.<\/p>\n<p>\u201cAz\u0259rbaycan \u0130taliya \u00fc\u00e7\u00fcn enerji da\u015f\u0131y\u0131c\u0131lar\u0131n\u0131n ilk ixracat\u00e7\u0131s\u0131d\u0131r. Bel\u0259 bir ke\u015fm\u0259ke\u015fli vaxtlarda enerji t\u0259hl\u00fck\u0259sizliyini etimad g\u00f6st\u0259rib o \u00f6lk\u0259y\u0259 h\u0259val\u0259 ed\u0259 bilirik ki, o \u00f6lk\u0259 il\u0259 h\u0259qiq\u0259t\u0259n dostluq m\u00fcnasib\u0259tl\u0259ri olsun. Biz bu dostlu\u011fu daha da g\u00fccl\u0259ndirm\u0259k ist\u0259yirik v\u0259 m\u00fcnasib\u0259tl\u0259rimizi daha da \u015fax\u0259l\u0259ndirm\u0259k fikrind\u0259yik\u201d.<\/p>\n<p>\u0130taliya parlamentinin Deputatlar Palatas\u0131n\u0131n s\u0259dr m\u00fcavini Ettore Rosato Az\u0259rbaycan\u0131n m\u00fcnaqi\u015f\u0259d\u0259 h\u0259yat\u0131n\u0131 itir\u0259n m\u00fclki \u015f\u0259xsl\u0259rin\u0259 g\u00f6r\u0259 ba\u015fsa\u011fl\u0131\u011f\u0131 verib, G\u0259nc\u0259 v\u0259 A\u011fdama s\u0259f\u0259rl\u0259rin\u0259 toxunub. O qeyd edib ki, 30 illik i\u015f\u011fal d\u00f6vr\u00fcnd\u0259 A\u011fdamda t\u00f6r\u0259dilmi\u015f viran\u0259liyin \u015fahidi olublar. \u201cH\u0259tta inanmaq bel\u0259 \u00e7\u0259tin idi ki, burada n\u0259 zamansa insanlar ya\u015fay\u0131b\u201d, &#8211; dey\u0259 vur\u011fulay\u0131b.<\/p>\n<p>Ettore Rosato Prezident \u0130lham \u018fliyev\u0259 \u0130taliya N\u00fcmay\u0259nd\u0259l\u0259r Palatas\u0131 v\u0259 \u0130taliya Senat\u0131n\u0131n s\u0259drinin salamlar\u0131n\u0131 \u00e7atd\u0131r\u0131b.<\/p>\n<p>Sonda xatir\u0259 \u015f\u0259kli \u00e7\u0259kdirilib.<\/p>\n<p><strong>14:12<\/strong><\/p>\n<p>Az\u0259rbaycan Respublikas\u0131n\u0131n Prezidenti \u0130lham \u018fliyev dekabr\u0131n 7-d\u0259 \u0130taliya Deputatlar Palatas\u0131n\u0131n s\u0259dr m\u00fcavini Ettore Rosatonun ba\u015f\u00e7\u0131l\u0131q etdiyi n\u00fcmay\u0259nd\u0259 hey\u0259tini q\u0259bul edib.<\/p>\n<p>Bununla ba\u011fl\u0131\u00a0<a href=\"https:\/\/azertag.az\/xeber\/Prezident_Ilham_Aliyev_Italiya_Deputatlar_Palatasinin_sedr_muavininin_baschiliq_etdiyi_numayende_heyetini_qebul_edib_YENILANACAK-1660031\" target=\"_blank\" rel=\"noopener\">AZ\u018fRTAC<\/a>\u00a0m\u0259lumat yay\u0131b.<\/p>\n<div><iframe loading=\"lazy\" src=\"https:\/\/player.baku.tv\/embed\/29771\" width=\"560\" height=\"315\" frameborder=\"0\" allowfullscreen=\"allowfullscreen\" data-mce-fragment=\"1\"><\/iframe><\/div>\n<div class=\"gallery\">\n<div class=\"gallery-i\"><img src=\"https:\/\/cdn.oxu.az\/uploads\/W1siZiIsIjIwMjAvMTIvMDcvMTQvMTIvMDEvZDkxYjNjNjUtMWMyNy00MDdmLWFiZWItOWM3NGJlN2FhNTA3LzE2MDczMzU3ODY0MTI1MTI3NDhfMTAwMHg2NjkuanBnIl0sWyJwIiwiZW5jb2RlIiwianBnIiwiLXF1YWxpdHkgODAiXSxbInAiLCJ0aHVtYiIsIjU5MHg1OTBcdTAwM2UiXV0?sha=4f1799115eb22e77\" alt=\"\" \/><\/p>\n<div class=\"gallery-i-caption\"><\/div>\n<\/div>\n<div class=\"gallery-i\"><img src=\"https:\/\/cdn.oxu.az\/uploads\/W1siZiIsIjIwMjAvMTIvMDcvMTQvMTIvMDQvMDMyYjhlMDgtYjgyMS00NzEzLTk3NjgtYWRmZGNlNWZhZjA5LzE2MDczMzU3ODY2NzQ0NDU3NDRfMTAwMHg2NjkuanBnIl0sWyJwIiwiZW5jb2RlIiwianBnIiwiLXF1YWxpdHkgODAiXSxbInAiLCJ0aHVtYiIsIjU5MHg1OTBcdTAwM2UiXV0?sha=a4dc86012f7a5392\" alt=\"\" \/><\/div>\n<\/div>\n","protected":false},"excerpt":{"rendered":"<p>Az\u0259rbaycan Respublikas\u0131n\u0131n Prezidenti \u0130lham \u018fliyev dekabr\u0131n 7-d\u0259 \u0130taliya Deputatlar Palatas\u0131n\u0131n s\u0259dr m\u00fcavini Ettore Rosatonun ba\u015f\u00e7\u0131l\u0131q etdiyi n\u00fcmay\u0259nd\u0259 hey\u0259tini q\u0259bul edib. ARANTV.AZ\u00a0 x\u0259b\u0259r verir ki, qonaqlar\u0131 salamlayan\u00a0Prezident \u0130lham \u018fliyev\u00a0deyib: \u201cXo\u015f g\u0259lmisiniz. M\u0259n sizi \u00fcr\u0259kd\u0259n salamlay\u0131ram. \u015eadam ki, siz Az\u0259rbaycana s\u0259f\u0259r edirsiniz. M\u00fcharib\u0259d\u0259n sonra Az\u0259rbaycana s\u0259f\u0259r ed\u0259n ilk Avropa n\u00fcmay\u0259nd\u0259 hey\u0259tisiniz. Y\u0259qin ki, bu, t\u0259sad\u00fcfi deyil, \u00e7\u00fcnki \u0130taliya il\u0259 Az\u0259rbaycan aras\u0131ndak\u0131 \u0259laq\u0259l\u0259r \u00e7ox s\u00fcr\u0259tl\u0259 inki\u015faf edir v\u0259 bu g\u00fcn \u0259n y\u00fcks\u0259k s\u0259viyy\u0259d\u0259dir. Hesab edir\u0259m ki, siyasi \u0259laq\u0259l\u0259r \u0259n y\u00fcks\u0259k s\u0259viyy\u0259d\u0259dir. M\u0259nim bu ilin \u0259vv\u0259lind\u0259 \u0130taliyaya etdiyim d\u00f6vl\u0259t s\u0259f\u0259ri bunun bariz n\u00fcmun\u0259sidir. S\u0259f\u0259r&hellip;<\/p>\n","protected":false},"author":2,"featured_media":249245,"comment_status":"closed","ping_status":"closed","sticky":false,"template":"","format":"standard","meta":{"om_disable_all_campaigns":false,"_monsterinsights_skip_tracking":false,"_monsterinsights_sitenote_active":false,"_monsterinsights_sitenote_note":"","_monsterinsights_sitenote_category":0},"categories":[4],"tags":[],"aioseo_notices":[],"gutentor_comment":0,"rttpg_featured_image_url":{"full":["https:\/\/arantv.az\/wp-content\/uploads\/2020\/12\/16073357865884740405_1000x669-1.jpg",620,395,false],"landscape":["https:\/\/arantv.az\/wp-content\/uploads\/2020\/12\/16073357865884740405_1000x669-1.jpg",620,395,false],"portraits":["https:\/\/arantv.az\/wp-content\/uploads\/2020\/12\/16073357865884740405_1000x669-1.jpg",620,395,false],"thumbnail":["https:\/\/arantv.az\/wp-content\/uploads\/2020\/12\/16073357865884740405_1000x669-1-150x150.jpg",150,150,true],"medium":["https:\/\/arantv.az\/wp-content\/uploads\/2020\/12\/16073357865884740405_1000x669-1-300x191.jpg",300,191,true],"large":["https:\/\/arantv.az\/wp-content\/uploads\/2020\/12\/16073357865884740405_1000x669-1.jpg",620,395,false],"1536x1536":["https:\/\/arantv.az\/wp-content\/uploads\/2020\/12\/16073357865884740405_1000x669-1.jpg",620,395,false],"2048x2048":["https:\/\/arantv.az\/wp-content\/uploads\/2020\/12\/16073357865884740405_1000x669-1.jpg",620,395,false],"post-thumbnail":["https:\/\/arantv.az\/wp-content\/uploads\/2020\/12\/16073357865884740405_1000x669-1-240x172.jpg",240,172,true],"advps-thumb-one":["https:\/\/arantv.az\/wp-content\/uploads\/2020\/12\/16073357865884740405_1000x669-1.jpg",620,395,false]},"rttpg_author":{"display_name":"V\u00fcsal Rafiqo\u011flu","author_link":"https:\/\/arantv.az\/?author=2"},"rttpg_comment":0,"rttpg_category":"<a href=\"https:\/\/arantv.az\/?cat=4\" rel=\"category\">Siyas\u0259t<\/a>","rttpg_excerpt":"Az\u0259rbaycan Respublikas\u0131n\u0131n Prezidenti \u0130lham \u018fliyev dekabr\u0131n 7-d\u0259 \u0130taliya Deputatlar Palatas\u0131n\u0131n s\u0259dr m\u00fcavini Ettore Rosatonun ba\u015f\u00e7\u0131l\u0131q etdiyi n\u00fcmay\u0259nd\u0259 hey\u0259tini q\u0259bul edib. ARANTV.AZ\u00a0 x\u0259b\u0259r verir ki, qonaqlar\u0131 salamlayan\u00a0Prezident \u0130lham \u018fliyev\u00a0deyib: \u201cXo\u015f g\u0259lmisiniz. M\u0259n sizi \u00fcr\u0259kd\u0259n salamlay\u0131ram. \u015eadam ki, siz Az\u0259rbaycana s\u0259f\u0259r edirsiniz. M\u00fcharib\u0259d\u0259n sonra Az\u0259rbaycana s\u0259f\u0259r ed\u0259n ilk Avropa n\u00fcmay\u0259nd\u0259 hey\u0259tisiniz. Y\u0259qin ki, bu, t\u0259sad\u00fcfi deyil, \u00e7\u00fcnki&hellip;","_links":{"self":[{"href":"https:\/\/arantv.az\/index.php?rest_route=\/wp\/v2\/posts\/249244"}],"collection":[{"href":"https:\/\/arantv.az\/index.php?rest_route=\/wp\/v2\/posts"}],"about":[{"href":"https:\/\/arantv.az\/index.php?rest_route=\/wp\/v2\/types\/post"}],"author":[{"embeddable":true,"href":"https:\/\/arantv.az\/index.php?rest_route=\/wp\/v2\/users\/2"}],"replies":[{"embeddable":true,"href":"https:\/\/arantv.az\/index.php?rest_route=%2Fwp%2Fv2%2Fcomments&post=249244"}],"version-history":[{"count":0,"href":"https:\/\/arantv.az\/index.php?rest_route=\/wp\/v2\/posts\/249244\/revisions"}],"wp:featuredmedia":[{"embeddable":true,"href":"https:\/\/arantv.az\/index.php?rest_route=\/wp\/v2\/media\/249245"}],"wp:attachment":[{"href":"https:\/\/arantv.az\/index.php?rest_route=%2Fwp%2Fv2%2Fmedia&parent=249244"}],"wp:term":[{"taxonomy":"category","embeddable":true,"href":"https:\/\/arantv.az\/index.php?rest_route=%2Fwp%2Fv2%2Fcategories&post=249244"},{"taxonomy":"post_tag","embeddable":true,"href":"https:\/\/arantv.az\/index.php?rest_route=%2Fwp%2Fv2%2Ftags&post=249244"}],"curies":[{"name":"wp","href":"https:\/\/api.w.org\/{rel}","templated":true}]}}