{"id":249248,"date":"2020-12-07T15:04:24","date_gmt":"2020-12-07T12:04:24","guid":{"rendered":"http:\/\/arantv.az\/?p=249248"},"modified":"2020-12-07T15:04:24","modified_gmt":"2020-12-07T12:04:24","slug":"r%c9%99smi-moskvadan-erm%c9%99nistanla-az%c9%99rbaycan-arasinda-%c9%99sir-mubadil%c9%99si-il%c9%99-bagli-aciqlama","status":"publish","type":"post","link":"https:\/\/arantv.az\/?p=249248","title":{"rendered":"R\u0259smi Moskvadan Erm\u0259nistanla Az\u0259rbaycan aras\u0131nda \u0259sir m\u00fcbadil\u0259si il\u0259 ba\u011fl\u0131 A\u00c7IQLAMA"},"content":{"rendered":"<p>Rusiya Xarici \u0130\u015fl\u0259r Naziri Sergey Lavrov erm\u0259ni h\u0259mkar\u0131 Ara Ayvazyanla dan\u0131\u015f\u0131qlar\u0131 zaman\u0131 Qaraba\u011fdak\u0131 s\u00fclhm\u0259raml\u0131lar\u0131 vasit\u0259si il\u0259 \u0259sirl\u0259rin m\u00fcbadil\u0259sinin asanla\u015fd\u0131r\u0131laca\u011f\u0131n\u0131 deyib.<\/p>\n<p>Bu bar\u0259d\u0259 \u201cR\u0130A Novosti\u201d x\u0259b\u0259r yay\u0131r.<\/p>\n<p>\u201c\u018fn vacib m\u0259s\u0259l\u0259 \u0259sirl\u0259rin m\u00fcbadil\u0259sidir.<\/p>\n<p>Biz s\u00fclhm\u0259raml\u0131lar\u0131m\u0131z vasit\u0259si il\u0259 m\u00fcmk\u00fcn olan h\u0259r \u015f\u0259kild\u0259 onun erk\u0259n tamamlanmas\u0131na t\u00f6hf\u0259 ver\u0259c\u0259yik\u201d, &#8211; dey\u0259 Lavrov bildirib.<\/p>\n","protected":false},"excerpt":{"rendered":"<p>Rusiya Xarici \u0130\u015fl\u0259r Naziri Sergey Lavrov erm\u0259ni h\u0259mkar\u0131 Ara Ayvazyanla dan\u0131\u015f\u0131qlar\u0131 zaman\u0131 Qaraba\u011fdak\u0131 s\u00fclhm\u0259raml\u0131lar\u0131 vasit\u0259si il\u0259 \u0259sirl\u0259rin m\u00fcbadil\u0259sinin asanla\u015fd\u0131r\u0131laca\u011f\u0131n\u0131 deyib. Bu bar\u0259d\u0259 \u201cR\u0130A Novosti\u201d x\u0259b\u0259r yay\u0131r. \u201c\u018fn vacib m\u0259s\u0259l\u0259 \u0259sirl\u0259rin m\u00fcbadil\u0259sidir. Biz s\u00fclhm\u0259raml\u0131lar\u0131m\u0131z vasit\u0259si il\u0259 m\u00fcmk\u00fcn olan h\u0259r \u015f\u0259kild\u0259 onun erk\u0259n tamamlanmas\u0131na t\u00f6hf\u0259 ver\u0259c\u0259yik\u201d, &#8211; dey\u0259 Lavrov bildirib.<\/p>\n","protected":false},"author":2,"featured_media":249249,"comment_status":"closed","ping_status":"closed","sticky":false,"template":"","format":"standard","meta":{"om_disable_all_campaigns":false,"_monsterinsights_skip_tracking":false,"_monsterinsights_sitenote_active":false,"_monsterinsights_sitenote_note":"","_monsterinsights_sitenote_category":0},"categories":[4],"tags":[],"aioseo_notices":[],"gutentor_comment":0,"rttpg_featured_image_url":{"full":["https:\/\/arantv.az\/wp-content\/uploads\/2020\/12\/425493644.jpg",620,330,false],"landscape":["https:\/\/arantv.az\/wp-content\/uploads\/2020\/12\/425493644.jpg",620,330,false],"portraits":["https:\/\/arantv.az\/wp-content\/uploads\/2020\/12\/425493644.jpg",620,330,false],"thumbnail":["https:\/\/arantv.az\/wp-content\/uploads\/2020\/12\/425493644-150x150.jpg",150,150,true],"medium":["https:\/\/arantv.az\/wp-content\/uploads\/2020\/12\/425493644-300x160.jpg",300,160,true],"large":["https:\/\/arantv.az\/wp-content\/uploads\/2020\/12\/425493644.jpg",620,330,false],"1536x1536":["https:\/\/arantv.az\/wp-content\/uploads\/2020\/12\/425493644.jpg",620,330,false],"2048x2048":["https:\/\/arantv.az\/wp-content\/uploads\/2020\/12\/425493644.jpg",620,330,false],"post-thumbnail":["https:\/\/arantv.az\/wp-content\/uploads\/2020\/12\/425493644-240x172.jpg",240,172,true],"advps-thumb-one":["https:\/\/arantv.az\/wp-content\/uploads\/2020\/12\/425493644.jpg",620,330,false]},"rttpg_author":{"display_name":"V\u00fcsal Rafiqo\u011flu","author_link":"https:\/\/arantv.az\/?author=2"},"rttpg_comment":0,"rttpg_category":"<a href=\"https:\/\/arantv.az\/?cat=4\" rel=\"category\">Siyas\u0259t<\/a>","rttpg_excerpt":"Rusiya Xarici \u0130\u015fl\u0259r Naziri Sergey Lavrov erm\u0259ni h\u0259mkar\u0131 Ara Ayvazyanla dan\u0131\u015f\u0131qlar\u0131 zaman\u0131 Qaraba\u011fdak\u0131 s\u00fclhm\u0259raml\u0131lar\u0131 vasit\u0259si il\u0259 \u0259sirl\u0259rin m\u00fcbadil\u0259sinin asanla\u015fd\u0131r\u0131laca\u011f\u0131n\u0131 deyib. Bu bar\u0259d\u0259 \u201cR\u0130A Novosti\u201d x\u0259b\u0259r yay\u0131r. \u201c\u018fn vacib m\u0259s\u0259l\u0259 \u0259sirl\u0259rin m\u00fcbadil\u0259sidir. Biz s\u00fclhm\u0259raml\u0131lar\u0131m\u0131z vasit\u0259si il\u0259 m\u00fcmk\u00fcn olan h\u0259r \u015f\u0259kild\u0259 onun erk\u0259n tamamlanmas\u0131na t\u00f6hf\u0259 ver\u0259c\u0259yik\u201d, &#8211; dey\u0259 Lavrov bildirib.","_links":{"self":[{"href":"https:\/\/arantv.az\/index.php?rest_route=\/wp\/v2\/posts\/249248"}],"collection":[{"href":"https:\/\/arantv.az\/index.php?rest_route=\/wp\/v2\/posts"}],"about":[{"href":"https:\/\/arantv.az\/index.php?rest_route=\/wp\/v2\/types\/post"}],"author":[{"embeddable":true,"href":"https:\/\/arantv.az\/index.php?rest_route=\/wp\/v2\/users\/2"}],"replies":[{"embeddable":true,"href":"https:\/\/arantv.az\/index.php?rest_route=%2Fwp%2Fv2%2Fcomments&post=249248"}],"version-history":[{"count":0,"href":"https:\/\/arantv.az\/index.php?rest_route=\/wp\/v2\/posts\/249248\/revisions"}],"wp:featuredmedia":[{"embeddable":true,"href":"https:\/\/arantv.az\/index.php?rest_route=\/wp\/v2\/media\/249249"}],"wp:attachment":[{"href":"https:\/\/arantv.az\/index.php?rest_route=%2Fwp%2Fv2%2Fmedia&parent=249248"}],"wp:term":[{"taxonomy":"category","embeddable":true,"href":"https:\/\/arantv.az\/index.php?rest_route=%2Fwp%2Fv2%2Fcategories&post=249248"},{"taxonomy":"post_tag","embeddable":true,"href":"https:\/\/arantv.az\/index.php?rest_route=%2Fwp%2Fv2%2Ftags&post=249248"}],"curies":[{"name":"wp","href":"https:\/\/api.w.org\/{rel}","templated":true}]}}